{"id":367712,"date":"2025-10-18T06:51:19","date_gmt":"2025-10-18T09:51:19","guid":{"rendered":"https:\/\/www.notibras.com\/site\/?p=367712"},"modified":"2025-10-18T07:06:35","modified_gmt":"2025-10-18T10:06:35","slug":"acao-de-multivacinacao-mobiliza-criancas-e-adolescentes-na-bahia","status":"publish","type":"post","link":"https:\/\/www.notibras.com\/site\/acao-de-multivacinacao-mobiliza-criancas-e-adolescentes-na-bahia\/","title":{"rendered":"\u00a0A\u00e7\u00e3o de multivacina\u00e7\u00e3o mobiliza crian\u00e7as e adolescentes na Bahia"},"content":{"rendered":"<p>A Bahia est\u00e1 engajada na Campanha Nacional de Multivacina\u00e7\u00e3o, uma grande mobiliza\u00e7\u00e3o promovida pelo Minist\u00e9rio da Sa\u00fade para atualizar as cadernetas de vacina\u00e7\u00e3o de crian\u00e7as e adolescentes de at\u00e9 15 anos. A a\u00e7\u00e3o, que acontece entre os dias 6 e 31 de outubro, tem como foco principal ampliar a cobertura de vacinas contra sarampo e meningite, al\u00e9m de outras doen\u00e7as que comp\u00f5em o calend\u00e1rio vacinal. O Dia D de Mobiliza\u00e7\u00e3o Nacional ser\u00e1 neste s\u00e1bado, 18, quando os postos de sa\u00fade de todo o estado funcionar\u00e3o em hor\u00e1rio especial para facilitar o acesso das fam\u00edlias.<\/p>\n<p>A iniciativa busca recuperar esquemas vacinais atrasados e garantir que o p\u00fablico-alvo esteja protegido contra doen\u00e7as que podem ser graves, mas s\u00e3o totalmente evit\u00e1veis. Segundo a Secretaria de Sa\u00fade do Estado da Bahia (Sesab), todos os munic\u00edpios baianos participam da campanha, e em Salvador haver\u00e1 uma programa\u00e7\u00e3o especial no Parque da Cidade, com atividades educativas, orienta\u00e7\u00e3o m\u00e9dica e vacina\u00e7\u00e3o aberta ao p\u00fablico.<\/p>\n<p>Entre as vacinas dispon\u00edveis est\u00e3o a tr\u00edplice viral, que protege contra sarampo, caxumba e rub\u00e9ola, e a meningoc\u00f3cica C e ACWY, que previnem formas graves de meningite bacteriana. Tamb\u00e9m ser\u00e3o oferecidas doses contra poliomielite, HPV, febre amarela, varicela, hepatite e outras doen\u00e7as. O Minist\u00e9rio da Sa\u00fade refor\u00e7a que a a\u00e7\u00e3o \u00e9 essencial para evitar a reintrodu\u00e7\u00e3o do sarampo no pa\u00eds e conter surtos de meningite, que ainda representam risco em diversas regi\u00f5es.<\/p>\n<p>Nos \u00faltimos anos, o Brasil tem enfrentado desafios para manter altas coberturas vacinais, e a Bahia n\u00e3o \u00e9 exce\u00e7\u00e3o. Em algumas faixas et\u00e1rias, a taxa de imuniza\u00e7\u00e3o contra meningite, por exemplo, chegou a ficar abaixo de 50%, o que acende um alerta entre as autoridades de sa\u00fade. Para enfrentar esse cen\u00e1rio, o governo estadual tem investido em estrat\u00e9gias como mutir\u00f5es, parcerias com escolas e hor\u00e1rios ampliados nas salas de vacina\u00e7\u00e3o. O aplicativo Meu SUS Digital tamb\u00e9m passou a enviar lembretes aos respons\u00e1veis sobre vacinas pendentes, facilitando o acompanhamento da caderneta vacinal.<\/p>\n<p>Al\u00e9m da estrutura oferecida nos postos, a campanha tem um forte car\u00e1ter educativo, buscando conscientizar os pais e respons\u00e1veis sobre a import\u00e2ncia de manter as vacinas em dia. Especialistas refor\u00e7am que, ao vacinar uma crian\u00e7a, toda a comunidade se beneficia, pois a imuniza\u00e7\u00e3o coletiva ajuda a impedir a circula\u00e7\u00e3o de v\u00edrus e bact\u00e9rias.<\/p>\n<p>A meta da campanha \u00e9 ambiciosa: aumentar significativamente a cobertura vacinal at\u00e9 o final de outubro, recuperando o atraso causado por per\u00edodos de baixa ades\u00e3o. \u201cA vacina\u00e7\u00e3o \u00e9 uma das medidas de sa\u00fade p\u00fablica mais eficazes e seguras. Nosso objetivo \u00e9 proteger nossas crian\u00e7as e adolescentes, garantindo um futuro com menos doen\u00e7as e mais qualidade de vida\u201d, destacou a secret\u00e1ria estadual de Sa\u00fade, Roberta Santana, em comunicado oficial.<\/p>\n<p>Os pais e respons\u00e1veis devem levar a caderneta de vacina\u00e7\u00e3o das crian\u00e7as e adolescentes ao posto mais pr\u00f3ximo, onde profissionais de sa\u00fade far\u00e3o a avalia\u00e7\u00e3o das doses aplicadas e indicar\u00e3o as vacinas que precisam ser atualizadas. Em caso de perda da carteira, \u00e9 poss\u00edvel emitir uma segunda via ou verificar as informa\u00e7\u00f5es pelo aplicativo Meu SUS Digital.<\/p>\n<p>Com a mobiliza\u00e7\u00e3o em todo o estado, a Bahia refor\u00e7a seu compromisso com a preven\u00e7\u00e3o e a sa\u00fade p\u00fablica. A expectativa \u00e9 de que o Dia D da multivacina\u00e7\u00e3o leve milhares de fam\u00edlias aos postos, fortalecendo a confian\u00e7a nas vacinas e assegurando uma gera\u00e7\u00e3o mais protegida. Afinal, prevenir continua sendo o melhor rem\u00e9dio.<\/p>\n","protected":false},"excerpt":{"rendered":"<p>A Bahia est\u00e1 engajada na Campanha Nacional de Multivacina\u00e7\u00e3o, uma grande mobiliza\u00e7\u00e3o promovida pelo Minist\u00e9rio da Sa\u00fade para atualizar as cadernetas de vacina\u00e7\u00e3o de crian\u00e7as e adolescentes de at\u00e9 15 anos. A a\u00e7\u00e3o, que acontece entre os dias 6 e 31 de outubro, tem como foco principal ampliar a cobertura de vacinas contra sarampo e [&hellip;]<\/p>\n","protected":false},"author":2,"featured_media":367713,"comment_status":"closed","ping_status":"closed","sticky":false,"template":"","format":"standard","meta":{"_acf_changed":false,"footnotes":""},"categories":[165],"tags":[],"class_list":["post-367712","post","type-post","status-publish","format-standard","has-post-thumbnail","hentry","category-nordeste"],"acf":[],"_links":{"self":[{"href":"https:\/\/www.notibras.com\/site\/wp-json\/wp\/v2\/posts\/367712","targetHints":{"allow":["GET"]}}],"collection":[{"href":"https:\/\/www.notibras.com\/site\/wp-json\/wp\/v2\/posts"}],"about":[{"href":"https:\/\/www.notibras.com\/site\/wp-json\/wp\/v2\/types\/post"}],"author":[{"embeddable":true,"href":"https:\/\/www.notibras.com\/site\/wp-json\/wp\/v2\/users\/2"}],"replies":[{"embeddable":true,"href":"https:\/\/www.notibras.com\/site\/wp-json\/wp\/v2\/comments?post=367712"}],"version-history":[{"count":3,"href":"https:\/\/www.notibras.com\/site\/wp-json\/wp\/v2\/posts\/367712\/revisions"}],"predecessor-version":[{"id":367716,"href":"https:\/\/www.notibras.com\/site\/wp-json\/wp\/v2\/posts\/367712\/revisions\/367716"}],"wp:featuredmedia":[{"embeddable":true,"href":"https:\/\/www.notibras.com\/site\/wp-json\/wp\/v2\/media\/367713"}],"wp:attachment":[{"href":"https:\/\/www.notibras.com\/site\/wp-json\/wp\/v2\/media?parent=367712"}],"wp:term":[{"taxonomy":"category","embeddable":true,"href":"https:\/\/www.notibras.com\/site\/wp-json\/wp\/v2\/categories?post=367712"},{"taxonomy":"post_tag","embeddable":true,"href":"https:\/\/www.notibras.com\/site\/wp-json\/wp\/v2\/tags?post=367712"}],"curies":[{"name":"wp","href":"https:\/\/api.w.org\/{rel}","templated":true}]}}