{"id":367730,"date":"2025-10-18T08:50:51","date_gmt":"2025-10-18T11:50:51","guid":{"rendered":"https:\/\/www.notibras.com\/site\/?p=367730"},"modified":"2025-10-18T09:55:34","modified_gmt":"2025-10-18T12:55:34","slug":"acidente-com-onibus-no-sertao-mata-15-e-deixa-varios-feridos","status":"publish","type":"post","link":"https:\/\/www.notibras.com\/site\/acidente-com-onibus-no-sertao-mata-15-e-deixa-varios-feridos\/","title":{"rendered":"Acidente com \u00f4nibus no sert\u00e3o mata 15 e deixa v\u00e1rios feridos"},"content":{"rendered":"<p>Um grave acidente envolvendo um \u00f4nibus deixou pelo menos 15 pessoas mortas e dezenas de feridos na noite de sexta-feira (17), na BR-423, entre os munic\u00edpios de Paranatama e Salo\u00e1, no Agreste de Pernambuco.<\/p>\n<p>De acordo com informa\u00e7\u00f5es preliminares da Pol\u00edcia Rodovi\u00e1ria Federal (PRF), o ve\u00edculo transportava mais de 30 passageiros. As v\u00edtimas fatais s\u00e3o 11 mulheres e quatro homens, que morreram ainda no local.<\/p>\n<p>Segundo a PRF, o \u00f4nibus teria entrado na contram\u00e3o e atingido rochas \u00e0s margens da rodovia. Em seguida, o motorista conseguiu retornar \u00e0 pista, mas perdeu novamente o controle e colidiu com um barranco de areia, tombando logo depois. O trecho onde ocorreu o acidente \u00e9 conhecido como Serra dos Ventos, e apresenta curvas sinuosas e alto risco de acidentes.<\/p>\n<p>Imagens registradas por testemunhas mostram o ve\u00edculo tombado na pista enquanto ambul\u00e2ncias e equipes de resgate correm para o local.<\/p>\n<p>O \u00f4nibus era conduzido por dois motoristas que se revezavam na viagem. Ambos sobreviveram. O condutor que dirigia no momento do acidente relatou aos policiais que uma falha no sistema de freios teria provocado a perda de controle do ve\u00edculo.<\/p>\n<p>O coletivo havia sa\u00eddo de Brumado (BA) com destino a Santa Cruz do Capibaribe (PE) e retornava \u00e0 Bahia quando ocorreu o acidente, por volta da noite de sexta-feira, no trecho da Serra dos Ventos.<\/p>\n","protected":false},"excerpt":{"rendered":"<p>Um grave acidente envolvendo um \u00f4nibus deixou pelo menos 15 pessoas mortas e dezenas de feridos na noite de sexta-feira (17), na BR-423, entre os munic\u00edpios de Paranatama e Salo\u00e1, no Agreste de Pernambuco. De acordo com informa\u00e7\u00f5es preliminares da Pol\u00edcia Rodovi\u00e1ria Federal (PRF), o ve\u00edculo transportava mais de 30 passageiros. As v\u00edtimas fatais s\u00e3o [&hellip;]<\/p>\n","protected":false},"author":2,"featured_media":367731,"comment_status":"closed","ping_status":"closed","sticky":false,"template":"","format":"standard","meta":{"_acf_changed":false,"footnotes":""},"categories":[165],"tags":[95],"class_list":["post-367730","post","type-post","status-publish","format-standard","has-post-thumbnail","hentry","category-nordeste","tag-capa"],"acf":[],"_links":{"self":[{"href":"https:\/\/www.notibras.com\/site\/wp-json\/wp\/v2\/posts\/367730","targetHints":{"allow":["GET"]}}],"collection":[{"href":"https:\/\/www.notibras.com\/site\/wp-json\/wp\/v2\/posts"}],"about":[{"href":"https:\/\/www.notibras.com\/site\/wp-json\/wp\/v2\/types\/post"}],"author":[{"embeddable":true,"href":"https:\/\/www.notibras.com\/site\/wp-json\/wp\/v2\/users\/2"}],"replies":[{"embeddable":true,"href":"https:\/\/www.notibras.com\/site\/wp-json\/wp\/v2\/comments?post=367730"}],"version-history":[{"count":2,"href":"https:\/\/www.notibras.com\/site\/wp-json\/wp\/v2\/posts\/367730\/revisions"}],"predecessor-version":[{"id":367733,"href":"https:\/\/www.notibras.com\/site\/wp-json\/wp\/v2\/posts\/367730\/revisions\/367733"}],"wp:featuredmedia":[{"embeddable":true,"href":"https:\/\/www.notibras.com\/site\/wp-json\/wp\/v2\/media\/367731"}],"wp:attachment":[{"href":"https:\/\/www.notibras.com\/site\/wp-json\/wp\/v2\/media?parent=367730"}],"wp:term":[{"taxonomy":"category","embeddable":true,"href":"https:\/\/www.notibras.com\/site\/wp-json\/wp\/v2\/categories?post=367730"},{"taxonomy":"post_tag","embeddable":true,"href":"https:\/\/www.notibras.com\/site\/wp-json\/wp\/v2\/tags?post=367730"}],"curies":[{"name":"wp","href":"https:\/\/api.w.org\/{rel}","templated":true}]}}