{"id":367765,"date":"2025-10-19T01:29:01","date_gmt":"2025-10-19T04:29:01","guid":{"rendered":"https:\/\/www.notibras.com\/site\/?p=367765"},"modified":"2025-10-18T20:37:47","modified_gmt":"2025-10-18T23:37:47","slug":"se-o-mundo-tem-fiofo-e-na-parte-brasileira-do-diabo","status":"publish","type":"post","link":"https:\/\/www.notibras.com\/site\/se-o-mundo-tem-fiofo-e-na-parte-brasileira-do-diabo\/","title":{"rendered":"Se o mundo tem fiof\u00f3, fica na parte brasileira onde mora o capet\u00e3o"},"content":{"rendered":"<p>Para os poetas l\u00edricos, para os intelectuais, os artistas e, sobretudo, para os autores de novelas, o Brasil \u00e9 o \u00c9den. \u00c9 aquela hist\u00f3ria de que, em se plantando, tudo d\u00e1. O problema \u00e9 plantar. Fora o ufanismo po\u00e9tico de que \u201cMinha terra tem palmeiras, onde canta o sabi\u00e1\u201d, de que \u201cMoro num pa\u00eds tropical, aben\u00e7oado por Deus\u201d ou que o Brasil \u201c&#8230;\u00e9 o pulm\u00e3o de minha alma\u201d, ainda estamos a milhares de anos luz do para\u00edso terrestre. \u00c9 verdade que, na terra do Carnaval, cada dia \u00e9 uma festa. Tamb\u00e9m \u00e9 verdade que o Brasil \u00e9 o lugar onde at\u00e9 a saudade \u00e9 cheia de bossa nova e poesia.<\/p>\n<p>Mentira \u00e9 afirmar que, associadas \u00e0 alegria e qualidades do povo, \u201cnossas verdes matas, cachoeiras e cascatas de colorido sutil e este lindo c\u00e9u azul de anil que emolduram em aquarela o meu Brasil\u201d conseguem superar as mazelas nacionais, algumas geradas pelos pr\u00f3prios brasileiros. A principal delas \u00e9 transformar cidad\u00e3os e cidad\u00e3s sem eira e nem beira em deputados e senadores de ponta.\u00a0 Ent\u00e3o, j\u00e1 que somos alegres, o que est\u00e1 faltando para que sejamos felizes? Confesso que tive de abrir a geladeira e o freezer para tentar encontrar a resposta. N\u00e3o encontrei.<\/p>\n<p>No compasso do samba, meu cora\u00e7\u00e3o bate forte pelo Brasil. Como n\u00e3o amar uma terra \u00fanica e capaz de produzir o que n\u00e3o h\u00e1 em lugar algum do mundo. S\u00f3 n\u00f3s temos a jabuticaba, o pequi, o cupua\u00e7u, o p\u00e3o de queijo, o brigadeiro, a caipirinha, a cacha\u00e7a, a feijoada e a urna eletr\u00f4nica. Sem ju\u00edzo de valor, tamb\u00e9m temos Jair Bolsonaro, Lula da Silva, Alexandre de Moraes e Luiz Fux, cada qual no seu quadrado. O melhor de tudo \u00e9 o nosso jeitinho, maneira simpl\u00f3ria, criativa e improvisada de lidar com imprevistos. O pior \u00e9 que temos os piores pol\u00edticos do globo terrestre e uma popula\u00e7\u00e3o que, quando acuada, \u00e9 capaz de jogar contra si mesma.<\/p>\n<p>Ser\u00e1 que salgamos a Santa Ceia? Ser\u00e1 que picamos salsinha na t\u00e1bua dos dez mandamentos? N\u00e3o sei, mas acredito sinceramente que jogamos pedra na cruz. Com todo respeito \u00e0queles que pensam diferente, mas nem todas as criaturas do Brasil mudaram. Ali\u00e1s, quem acredita numa mudan\u00e7a repentina das pessoas \u00e9 transportadora. Enfim, mesmo gigante pela pr\u00f3pria natureza, infelizmente o amor de todos pelo Brasil n\u00e3o \u00e9 t\u00e3o vasto como suas terras. Considerando os pol\u00edticos e a turma de falsos patriotas que temos, o Haiti e o inferno s\u00e3o aqui. Eis a raz\u00e3o pela qual a maioria dos endinheirados acha que, se o mundo tem fiof\u00f3, o fiof\u00f3 do mundo \u00e9 o Brasil.<\/p>\n<p>Faz tempo que boa parte deles foge para odiar publicamente a p\u00e1tria. Embora seja o novo camisa 10 da campanha do presidente Lula, o deputado Eduardo Bolsonaro, filho 03 do ex-presidente denominado mito, \u00e9 o prot\u00f3tipo de Odete Roitman, representante \u00f3bvia dessa elite vil\u00e3. Ele \u00e9 o maior exemplo de que por aqui n\u00e3o h\u00e1 meio termo. Fugitivo, 03 e seus asseclas do PL n\u00e3o escondem que para eles s\u00f3 existem duas alternativas: ou Jair volta ao poder ou a fronteira entre a tirania e a democracia ser\u00e1 um eterno inferno. O lado bom da praga de Dudu do Hamb\u00farguer e dos deputados do partido de Valdemar Costa Neto \u00e9 que, entre os verdadeiros patriotas, tudo termina em samba, suor, cerveja e, se deixarem, em sali\u00eancia.<\/p>\n<p>Somos um povo acostumado a pragas e a viver entre o c\u00e9u e o inferno sem perder o equil\u00edbrio. Para nossa sorte, depois das bravatas do cl\u00e3 Bolsonaro e da qu\u00edmica entre Lula e Donald Trump, o inferno brasileiro virou uma com\u00e9dia ou o melhor do mundo. Todo dia falta alguma coisa. Um dia o diabo est\u00e1 entre n\u00f3s, no outro ele some. Quando ele reaparece, n\u00e3o tem caldeir\u00e3o, chicote e nem f\u00f3sforo para acender a fogueira. Quando temos tudo, j\u00e1 \u00e9 quase o dia de escolher um novo presidente. Pelo sim, pelo n\u00e3o, meu caro deputado de quinta, se chorei ou se sorri, o importante \u00e9 que sua opini\u00e3o eu n\u00e3o pedi. O que posso lhe dizer \u00e9 que n\u00e3o importa se vou para o c\u00e9u ou para o inferno. Tenho amigos nos dois lugares.<\/p>\n<p>&#8230;&#8230;&#8230;&#8230;.<\/p>\n<p><strong>Armando Cardoso \u00e9 presidente do Conselho Editorial de Notibras<\/strong><\/p>\n","protected":false},"excerpt":{"rendered":"<p>Para os poetas l\u00edricos, para os intelectuais, os artistas e, sobretudo, para os autores de novelas, o Brasil \u00e9 o \u00c9den. \u00c9 aquela hist\u00f3ria de que, em se plantando, tudo d\u00e1. O problema \u00e9 plantar. Fora o ufanismo po\u00e9tico de que \u201cMinha terra tem palmeiras, onde canta o sabi\u00e1\u201d, de que \u201cMoro num pa\u00eds tropical, [&hellip;]<\/p>\n","protected":false},"author":2,"featured_media":367771,"comment_status":"closed","ping_status":"closed","sticky":false,"template":"","format":"standard","meta":{"_acf_changed":false,"footnotes":""},"categories":[16],"tags":[95],"class_list":["post-367765","post","type-post","status-publish","format-standard","has-post-thumbnail","hentry","category-brasil","tag-capa"],"acf":[],"_links":{"self":[{"href":"https:\/\/www.notibras.com\/site\/wp-json\/wp\/v2\/posts\/367765","targetHints":{"allow":["GET"]}}],"collection":[{"href":"https:\/\/www.notibras.com\/site\/wp-json\/wp\/v2\/posts"}],"about":[{"href":"https:\/\/www.notibras.com\/site\/wp-json\/wp\/v2\/types\/post"}],"author":[{"embeddable":true,"href":"https:\/\/www.notibras.com\/site\/wp-json\/wp\/v2\/users\/2"}],"replies":[{"embeddable":true,"href":"https:\/\/www.notibras.com\/site\/wp-json\/wp\/v2\/comments?post=367765"}],"version-history":[{"count":4,"href":"https:\/\/www.notibras.com\/site\/wp-json\/wp\/v2\/posts\/367765\/revisions"}],"predecessor-version":[{"id":367770,"href":"https:\/\/www.notibras.com\/site\/wp-json\/wp\/v2\/posts\/367765\/revisions\/367770"}],"wp:featuredmedia":[{"embeddable":true,"href":"https:\/\/www.notibras.com\/site\/wp-json\/wp\/v2\/media\/367771"}],"wp:attachment":[{"href":"https:\/\/www.notibras.com\/site\/wp-json\/wp\/v2\/media?parent=367765"}],"wp:term":[{"taxonomy":"category","embeddable":true,"href":"https:\/\/www.notibras.com\/site\/wp-json\/wp\/v2\/categories?post=367765"},{"taxonomy":"post_tag","embeddable":true,"href":"https:\/\/www.notibras.com\/site\/wp-json\/wp\/v2\/tags?post=367765"}],"curies":[{"name":"wp","href":"https:\/\/api.w.org\/{rel}","templated":true}]}}