{"id":367796,"date":"2025-10-19T07:00:07","date_gmt":"2025-10-19T10:00:07","guid":{"rendered":"https:\/\/www.notibras.com\/site\/?p=367796"},"modified":"2025-10-19T07:04:01","modified_gmt":"2025-10-19T10:04:01","slug":"acao-ludica-na-rua-aberta-da-ponta-verde-da-voz-a-infancia-alagoana","status":"publish","type":"post","link":"https:\/\/www.notibras.com\/site\/acao-ludica-na-rua-aberta-da-ponta-verde-da-voz-a-infancia-alagoana\/","title":{"rendered":"A\u00e7\u00e3o l\u00fadica na \u201cRua Aberta da Ponta Verde\u201d d\u00e1 voz \u00e0 inf\u00e2ncia\u00a0alagoana"},"content":{"rendered":"<p>Neste domingo, 19, a orla de Ponta\u202fVerde, em Macei\u00f3, se tornar\u00e1 palco de um evento que une lazer, brincadeira e cidadania: a \u201cRua Aberta\u201d, tradicional espa\u00e7o de conviv\u00eancia e lazer aos domingos, ser\u00e1 cen\u00e1rio de uma a\u00e7\u00e3o especial de combate ao trabalho infantil, promovida pela Secretaria Municipal de Desenvolvimento Social, Primeira Inf\u00e2ncia e Seguran\u00e7a Alimentar (Semdes) em parceria com as secretarias municipais de Educa\u00e7\u00e3o e Esporte.<\/p>\n<p>A partir das 8h e at\u00e9 as 14h, o p\u00fablico poder\u00e1 participar de uma programa\u00e7\u00e3o especial, com foco na sensibiliza\u00e7\u00e3o para os direitos da inf\u00e2ncia. A a\u00e7\u00e3o prevista inclui:<\/p>\n<p>\u2022Brincadeiras e atividades l\u00fadicas para crian\u00e7as, promovidas por servi\u00e7os de conviv\u00eancia e fortalecimento de v\u00ednculos.<br \/>\n\u2022Apresenta\u00e7\u00f5es culturais que v\u00e3o atrair fam\u00edlias e residentes da orla.<br \/>\n\u2022Distribui\u00e7\u00e3o de panfletos e material educativo para conscientizar a popula\u00e7\u00e3o \u2014 especialmente ambulantes, comerciantes e quem est\u00e1 presente no espa\u00e7o p\u00fablico \u2014 sobre a problem\u00e1tica do trabalho infantil.<br \/>\n\u2022Intera\u00e7\u00e3o de equipes de abordagem social que poder\u00e3o identificar casos de crian\u00e7as ou adolescentes em situa\u00e7\u00e3o de explora\u00e7\u00e3o ou vulnerabilidade e encaminh\u00e1-los para os servi\u00e7os de assist\u00eancia social.<\/p>\n<p>A Rua Aberta da Ponta Verde funciona como um trecho de lazer da orla onde ve\u00edculos s\u00e3o impedidos e as pessoas ocupam o espa\u00e7o com caminhadas, bicicleta, patins, brincadeiras e encontros comunit\u00e1rios.<\/p>\n<p>A escolha do local para esta iniciativa n\u00e3o \u00e9 por acaso: por se tratar de um ambiente de forte circula\u00e7\u00e3o de pessoas \u2014 fam\u00edlias, turistas, ambulantes \u2014 ele proporciona visibilidade e simultaneamente pode atuar como espa\u00e7o de conscientiza\u00e7\u00e3o para pr\u00e1ticas que violam direitos de crian\u00e7as e adolescentes.<\/p>\n<p>Segundo dados de um estudo sobre o bairro, crian\u00e7as e jovens representam cerca de 20% da popula\u00e7\u00e3o local, o que refor\u00e7a a import\u00e2ncia de espa\u00e7os p\u00fablicos de lazer e prote\u00e7\u00e3o social.<\/p>\n<p>O trabalho infantil ainda persiste como um grave problema no Brasil e no estado de Alagoas \u2014 manifestando-se em atividades informais, de venda ambulante, ou atividades perigosas para crian\u00e7as e adolescentes. A campanha que embasa essa a\u00e7\u00e3o tem o tema \u201cProte\u00e7\u00e3o social para acabar com o trabalho infantil\u201d.<\/p>\n<p>A iniciativa da Semdes destaca que \u201cmenores de 18 anos n\u00e3o devem ser expostos ao trabalho noturno, perigoso ou insalubre; crian\u00e7as menores de 16 anos devem estar em aprendizagem ou fora do trabalho\u201d.<\/p>\n<p>Levando a a\u00e7\u00e3o para o ambiente de lazer, espera-se:<\/p>\n<p>\u2022Alcan\u00e7ar fam\u00edlias, ambulantes e o p\u00fablico geral com mensagens de conscientiza\u00e7\u00e3o.<br \/>\n\u2022Demonstrar que a inf\u00e2ncia precisa de tempo para brincar, estudar, se desenvolver \u2014 e n\u00e3o para trabalhar cedo demais.<br \/>\n\u2022Aproximar servi\u00e7os de assist\u00eancia social da comunidade, facilitando o encaminhamento de casos.<br \/>\nPara quem for participar: \u00e9 uma boa oportunidade para um domingo diferente \u2014 lazer com prop\u00f3sito. As crian\u00e7as ter\u00e3o espa\u00e7o para interagir, se divertir, e tamb\u00e9m aprender. J\u00e1 para os adultos, \u00e9 chance de refletir sobre como cada um pode contribuir para que o trabalho infantil deixe de ser uma realidade invis\u00edvel.<\/p>\n<p>Os organizadores pedem aten\u00e7\u00e3o especial a:<\/p>\n<p>\u2022Observar se crian\u00e7as est\u00e3o em situa\u00e7\u00e3o de venda, carga, circula\u00e7\u00e3o de dinheiro ou em atividades que deveriam pertencer \u00e0 inf\u00e2ncia.<br \/>\n\u2022Conversar com os filhos sobre o direito de brincar e estar na escola.<br \/>\n\u2022Participar das atividades previstas e colaborar com a constru\u00e7\u00e3o de uma comunidade mais atenta aos direitos da inf\u00e2ncia.<br \/>\nEmbora o evento tenha alto valor simb\u00f3lico e educativo, ele enfrenta desafios pr\u00e1ticos:<br \/>\n\u2022Transformar consci\u00eancia em mudan\u00e7a efetiva exige continuidade, pol\u00edticas p\u00fablicas, a\u00e7\u00f5es de acompanhamento e redes de apoio.<br \/>\n\u2022Identificar situa\u00e7\u00f5es de trabalho infantil exige articula\u00e7\u00e3o entre institui\u00e7\u00f5es, assist\u00eancia, fiscaliza\u00e7\u00e3o e comunidade.<br \/>\n\u2022O lazer e a conscientiza\u00e7\u00e3o s\u00e3o importantes, mas n\u00e3o substituem o combate sistem\u00e1tico ao abandono escolar, \u00e0 pobreza, \u00e0 vulnerabilidade familiar \u2014 condi\u00e7\u00f5es que frequentemente levam ao trabalho infantil.<\/p>\n<p>No domingo, o trecho da Rua Aberta da Ponta Verde vai ressoar com sorrisos, brincadeiras e mensagens s\u00e9rias sobre um tema urgente: o direito das crian\u00e7as de serem apenas crian\u00e7as. A programa\u00e7\u00e3o l\u00fadica, aliada \u00e0 mobiliza\u00e7\u00e3o social, faz da feira de lazer um palco de cidadania \u2014 lembrando que lazer, lazer com prop\u00f3sito, e prote\u00e7\u00e3o \u00e0 inf\u00e2ncia podem andar de m\u00e3os dadas.<\/p>\n<p>Se a meta for alcan\u00e7ada, esse evento n\u00e3o ser\u00e1 apenas um momento de domingo, mas um farol para que toda a comunidade de Macei\u00f3 se comprometa: acabar com o trabalho infantil come\u00e7a com visibilidade, brincadeira e di\u00e1logo.<\/p>\n","protected":false},"excerpt":{"rendered":"<p>Neste domingo, 19, a orla de Ponta\u202fVerde, em Macei\u00f3, se tornar\u00e1 palco de um evento que une lazer, brincadeira e cidadania: a \u201cRua Aberta\u201d, tradicional espa\u00e7o de conviv\u00eancia e lazer aos domingos, ser\u00e1 cen\u00e1rio de uma a\u00e7\u00e3o especial de combate ao trabalho infantil, promovida pela Secretaria Municipal de Desenvolvimento Social, Primeira Inf\u00e2ncia e Seguran\u00e7a Alimentar [&hellip;]<\/p>\n","protected":false},"author":2,"featured_media":367797,"comment_status":"closed","ping_status":"closed","sticky":false,"template":"","format":"standard","meta":{"_acf_changed":false,"footnotes":""},"categories":[165],"tags":[],"class_list":["post-367796","post","type-post","status-publish","format-standard","has-post-thumbnail","hentry","category-nordeste"],"acf":[],"_links":{"self":[{"href":"https:\/\/www.notibras.com\/site\/wp-json\/wp\/v2\/posts\/367796","targetHints":{"allow":["GET"]}}],"collection":[{"href":"https:\/\/www.notibras.com\/site\/wp-json\/wp\/v2\/posts"}],"about":[{"href":"https:\/\/www.notibras.com\/site\/wp-json\/wp\/v2\/types\/post"}],"author":[{"embeddable":true,"href":"https:\/\/www.notibras.com\/site\/wp-json\/wp\/v2\/users\/2"}],"replies":[{"embeddable":true,"href":"https:\/\/www.notibras.com\/site\/wp-json\/wp\/v2\/comments?post=367796"}],"version-history":[{"count":2,"href":"https:\/\/www.notibras.com\/site\/wp-json\/wp\/v2\/posts\/367796\/revisions"}],"predecessor-version":[{"id":367799,"href":"https:\/\/www.notibras.com\/site\/wp-json\/wp\/v2\/posts\/367796\/revisions\/367799"}],"wp:featuredmedia":[{"embeddable":true,"href":"https:\/\/www.notibras.com\/site\/wp-json\/wp\/v2\/media\/367797"}],"wp:attachment":[{"href":"https:\/\/www.notibras.com\/site\/wp-json\/wp\/v2\/media?parent=367796"}],"wp:term":[{"taxonomy":"category","embeddable":true,"href":"https:\/\/www.notibras.com\/site\/wp-json\/wp\/v2\/categories?post=367796"},{"taxonomy":"post_tag","embeddable":true,"href":"https:\/\/www.notibras.com\/site\/wp-json\/wp\/v2\/tags?post=367796"}],"curies":[{"name":"wp","href":"https:\/\/api.w.org\/{rel}","templated":true}]}}