{"id":367863,"date":"2025-10-19T07:25:00","date_gmt":"2025-10-19T10:25:00","guid":{"rendered":"https:\/\/www.notibras.com\/site\/?p=367863"},"modified":"2025-10-19T14:06:59","modified_gmt":"2025-10-19T17:06:59","slug":"lua-minguante-em-touro-trara-luz-contra-trevas","status":"publish","type":"post","link":"https:\/\/www.notibras.com\/site\/lua-minguante-em-touro-trara-luz-contra-trevas\/","title":{"rendered":"Lua Minguante em Touro trar\u00e1 luz contra trevas"},"content":{"rendered":"<p>A Semana Astrol\u00f3gica de 19 a 26 de outubro vem marcada por um clima de introspec\u00e7\u00e3o e renova\u00e7\u00e3o emocional, com o Sol entrando nos \u00faltimos graus de Libra, preparando-se para ingressar em Escorpi\u00e3o, e uma Lua Minguante em Touro, iluminando os caminhos materiais e afetivos antes entregues apenas ao lado sombrio da vida.<\/p>\n<p>Ser\u00e1 um per\u00edodo para evitar atritos. Cautela \u00e9 a palavra de ordem quando se tratar de assinar acordos comerciais, principalmente que envolvam bens im\u00f3veis.<\/p>\n<p>Segue a previs\u00e3o detalhada signo a signo:<\/p>\n<p>\u2648 \u00c1ries (21\/3 a 20\/4)<\/p>\n<p>A semana pede calma e estrat\u00e9gia. Voc\u00ea tende a querer resolver tudo de uma vez, mas a Lua Minguante em Touro sugere que o sucesso vir\u00e1 com paci\u00eancia e foco. No amor, cuidado com impulsos \u2014 uma conversa franca vale mais que uma decis\u00e3o apressada.<\/p>\n<p>\u2649 Touro (21\/4 a 20\/5)<\/p>\n<p>A Lua Minguante em seu signo traz poder e magnetismo pessoal. \u00c9 tempo de colher frutos de esfor\u00e7os recentes. No campo emocional, antigos ressentimentos podem ser curados. Finan\u00e7as pedem aten\u00e7\u00e3o: o que parece ganho f\u00e1cil pode esconder riscos.<\/p>\n<p>\u264a G\u00eameos (21\/5 a 20\/6)<\/p>\n<p>Voc\u00ea estar\u00e1 mais introspectivo, buscando respostas em sil\u00eancio. A energia escorpiana ativa a casa das transforma\u00e7\u00f5es: encare mudan\u00e7as internas com coragem. Evite dispers\u00e3o e concentre-se em um projeto de cada vez.<\/p>\n<p>\u264b C\u00e2ncer (21\/6 a 22\/7)<\/p>\n<p>Amizades ganham destaque. \u00c9 uma boa semana para alian\u00e7as e trocas sinceras. Evite se sobrecarregar emocionalmente com problemas alheios. No amor, reencontros podem mexer com o cora\u00e7\u00e3o.<\/p>\n<p>\u264c Le\u00e3o (23\/7 a 22\/8)<\/p>\n<p>A Minguante ilumina o setor profissional, exigindo mais responsabilidade. Reconhecimento vem, mas junto com cobran\u00e7as. Evite disputas de ego. Amor e carreira podem se entrela\u00e7ar \u2014 cuidado com envolvimentos no ambiente de trabalho.<\/p>\n<p>\u264d Virgem (23\/8 a 22\/9)<\/p>\n<p>Hora de expandir horizontes. Estudos, viagens e novos aprendizados est\u00e3o favorecidos. A energia da Lua Minguante em Touro traz clareza sobre decis\u00f5es antigas. No amor, um sentimento ganha for\u00e7a, e pode se tornar algo mais s\u00f3lido.<\/p>\n<p>\u264e Libra (23\/9 a 22\/10)<\/p>\n<p>Com o Sol ainda em seu signo, voc\u00ea se despede de um ciclo com sabedoria. A Lua Minguante ativa temas ligados \u00e0 intimidade e \u00e0 partilha: seja de sentimentos ou bens. Um novo equil\u00edbrio emocional se aproxima.<\/p>\n<p>\u264f Escorpi\u00e3o (23\/10 a 21\/11)<\/p>\n<p>O Sol se prepara para entrar no seu signo \u2014 e com ele vem o renascimento. A semana pede desapego do que n\u00e3o serve mais. No amor, intensidade \u00e0 flor da pele. Prepare-se para viver algo transformador.<\/p>\n<p>\u2650 Sagit\u00e1rio (22\/11 a 21\/12)<\/p>\n<p>Energia voltada ao trabalho e \u00e0 sa\u00fade. Cuide de sua rotina, sono e alimenta\u00e7\u00e3o. A Lua Minguante ilumina a import\u00e2ncia de h\u00e1bitos equilibrados. No amor, pequenas atitudes podem curar grandes dist\u00e2ncias.<\/p>\n<p>\u2651 Capric\u00f3rnio (22\/12 a 20\/1)<\/p>\n<p>Romance e prazer ganham for\u00e7a. A Lua Minguante em Touro acende o desejo e a criatividade. Profissionalmente, boas not\u00edcias podem surgir de contatos antigos. A semana favorece reconcilia\u00e7\u00f5es e novos in\u00edcios.<\/p>\n<p>\u2652 Aqu\u00e1rio (21\/1 a 19\/2)<\/p>\n<p>O lar e a fam\u00edlia pedem aten\u00e7\u00e3o. Quest\u00f5es emocionais antigas podem ressurgir para serem resolvidas. No trabalho, mantenha discri\u00e7\u00e3o. Um projeto que parecia parado pode ganhar nova vida.<\/p>\n<p>\u2653 Peixes (20\/2 a 20\/3)<\/p>\n<p>Comunica\u00e7\u00e3o em alta. A Lua Minguante em Touro destaca oportunidades atrav\u00e9s da palavra: escreva, fale, divulgue. Evite prometer o que n\u00e3o pode cumprir. No amor, o di\u00e1logo ser\u00e1 a chave da harmonia.<\/p>\n<p>&#8230;&#8230;&#8230;&#8230;&#8230;&#8230;&#8230;&#8230;&#8230;<\/p>\n<p><strong>Anabelle Santa&#8217;cruz \u00e9 Editora de Or\u00e1culos<\/strong><\/p>\n","protected":false},"excerpt":{"rendered":"<p>A Semana Astrol\u00f3gica de 19 a 26 de outubro vem marcada por um clima de introspec\u00e7\u00e3o e renova\u00e7\u00e3o emocional, com o Sol entrando nos \u00faltimos graus de Libra, preparando-se para ingressar em Escorpi\u00e3o, e uma Lua Minguante em Touro, iluminando os caminhos materiais e afetivos antes entregues apenas ao lado sombrio da vida. Ser\u00e1 um [&hellip;]<\/p>\n","protected":false},"author":2,"featured_media":367866,"comment_status":"closed","ping_status":"closed","sticky":false,"template":"","format":"standard","meta":{"_acf_changed":false,"footnotes":""},"categories":[237],"tags":[95],"class_list":["post-367863","post","type-post","status-publish","format-standard","has-post-thumbnail","hentry","category-oraculos","tag-capa"],"acf":[],"yoast_head":"<!-- This site is optimized with the Yoast SEO plugin v27.2 - https:\/\/yoast.com\/product\/yoast-seo-wordpress\/ -->\n<title>Lua Minguante em Touro trar\u00e1 luz contra trevas - Notibras<\/title>\n<meta name=\"robots\" content=\"index, follow, max-snippet:-1, max-image-preview:large, max-video-preview:-1\" \/>\n<link rel=\"canonical\" href=\"https:\/\/www.notibras.com\/site\/lua-minguante-em-touro-trara-luz-contra-trevas\/\" \/>\n<meta property=\"og:locale\" content=\"pt_BR\" \/>\n<meta property=\"og:type\" content=\"article\" \/>\n<meta property=\"og:title\" content=\"Lua Minguante em Touro trar\u00e1 luz contra trevas - Notibras\" \/>\n<meta property=\"og:description\" content=\"A Semana Astrol\u00f3gica de 19 a 26 de outubro vem marcada por um clima de introspec\u00e7\u00e3o e renova\u00e7\u00e3o emocional, com o Sol entrando nos \u00faltimos graus de Libra, preparando-se para ingressar em Escorpi\u00e3o, e uma Lua Minguante em Touro, iluminando os caminhos materiais e afetivos antes entregues apenas ao lado sombrio da vida. Ser\u00e1 um [&hellip;]\" \/>\n<meta property=\"og:url\" content=\"https:\/\/www.notibras.com\/site\/lua-minguante-em-touro-trara-luz-contra-trevas\/\" \/>\n<meta property=\"og:site_name\" content=\"Notibras\" \/>\n<meta property=\"article:publisher\" content=\"https:\/\/www.facebook.com\/notibras\/\" \/>\n<meta property=\"article:published_time\" content=\"2025-10-19T10:25:00+00:00\" \/>\n<meta property=\"article:modified_time\" content=\"2025-10-19T17:06:59+00:00\" \/>\n<meta property=\"og:image\" content=\"https:\/\/www.notibras.com\/site\/wp-content\/uploads\/2025\/10\/0d0e8efd-6b03-4c59-840c-7423550058c5-683x1024.png\" \/>\n\t<meta property=\"og:image:width\" content=\"683\" \/>\n\t<meta property=\"og:image:height\" content=\"1024\" \/>\n\t<meta property=\"og:image:type\" content=\"image\/png\" \/>\n<meta name=\"author\" content=\"Reda\u00e7\u00e3o\" \/>\n<meta name=\"twitter:card\" content=\"summary_large_image\" \/>\n<meta name=\"twitter:creator\" content=\"@Notibras\" \/>\n<meta name=\"twitter:site\" content=\"@Notibras\" \/>\n<meta name=\"twitter:label1\" content=\"Escrito por\" \/>\n\t<meta name=\"twitter:data1\" content=\"Reda\u00e7\u00e3o\" \/>\n\t<meta name=\"twitter:label2\" content=\"Est. tempo de leitura\" \/>\n\t<meta name=\"twitter:data2\" content=\"4 minutos\" \/>\n<script type=\"application\/ld+json\" class=\"yoast-schema-graph\">{\"@context\":\"https:\/\/schema.org\",\"@graph\":[{\"@type\":\"Article\",\"@id\":\"https:\/\/www.notibras.com\/site\/lua-minguante-em-touro-trara-luz-contra-trevas\/#article\",\"isPartOf\":{\"@id\":\"https:\/\/www.notibras.com\/site\/lua-minguante-em-touro-trara-luz-contra-trevas\/\"},\"author\":{\"name\":\"Reda\u00e7\u00e3o\",\"@id\":\"https:\/\/www.notibras.com\/site\/#\/schema\/person\/36ab0979449956132d3e5b517ea76ac8\"},\"headline\":\"Lua Minguante em Touro trar\u00e1 luz contra trevas\",\"datePublished\":\"2025-10-19T10:25:00+00:00\",\"dateModified\":\"2025-10-19T17:06:59+00:00\",\"mainEntityOfPage\":{\"@id\":\"https:\/\/www.notibras.com\/site\/lua-minguante-em-touro-trara-luz-contra-trevas\/\"},\"wordCount\":568,\"publisher\":{\"@id\":\"https:\/\/www.notibras.com\/site\/#organization\"},\"image\":{\"@id\":\"https:\/\/www.notibras.com\/site\/lua-minguante-em-touro-trara-luz-contra-trevas\/#primaryimage\"},\"thumbnailUrl\":\"https:\/\/www.notibras.com\/site\/wp-content\/uploads\/2025\/10\/0d0e8efd-6b03-4c59-840c-7423550058c5.png\",\"keywords\":[\"capa\"],\"articleSection\":[\"Or\u00e1culos\"],\"inLanguage\":\"pt-BR\"},{\"@type\":\"WebPage\",\"@id\":\"https:\/\/www.notibras.com\/site\/lua-minguante-em-touro-trara-luz-contra-trevas\/\",\"url\":\"https:\/\/www.notibras.com\/site\/lua-minguante-em-touro-trara-luz-contra-trevas\/\",\"name\":\"Lua Minguante em Touro trar\u00e1 luz contra trevas - Notibras\",\"isPartOf\":{\"@id\":\"https:\/\/www.notibras.com\/site\/#website\"},\"primaryImageOfPage\":{\"@id\":\"https:\/\/www.notibras.com\/site\/lua-minguante-em-touro-trara-luz-contra-trevas\/#primaryimage\"},\"image\":{\"@id\":\"https:\/\/www.notibras.com\/site\/lua-minguante-em-touro-trara-luz-contra-trevas\/#primaryimage\"},\"thumbnailUrl\":\"https:\/\/www.notibras.com\/site\/wp-content\/uploads\/2025\/10\/0d0e8efd-6b03-4c59-840c-7423550058c5.png\",\"datePublished\":\"2025-10-19T10:25:00+00:00\",\"dateModified\":\"2025-10-19T17:06:59+00:00\",\"breadcrumb\":{\"@id\":\"https:\/\/www.notibras.com\/site\/lua-minguante-em-touro-trara-luz-contra-trevas\/#breadcrumb\"},\"inLanguage\":\"pt-BR\",\"potentialAction\":[{\"@type\":\"ReadAction\",\"target\":[\"https:\/\/www.notibras.com\/site\/lua-minguante-em-touro-trara-luz-contra-trevas\/\"]}]},{\"@type\":\"ImageObject\",\"inLanguage\":\"pt-BR\",\"@id\":\"https:\/\/www.notibras.com\/site\/lua-minguante-em-touro-trara-luz-contra-trevas\/#primaryimage\",\"url\":\"https:\/\/www.notibras.com\/site\/wp-content\/uploads\/2025\/10\/0d0e8efd-6b03-4c59-840c-7423550058c5.png\",\"contentUrl\":\"https:\/\/www.notibras.com\/site\/wp-content\/uploads\/2025\/10\/0d0e8efd-6b03-4c59-840c-7423550058c5.png\",\"width\":1024,\"height\":1536},{\"@type\":\"BreadcrumbList\",\"@id\":\"https:\/\/www.notibras.com\/site\/lua-minguante-em-touro-trara-luz-contra-trevas\/#breadcrumb\",\"itemListElement\":[{\"@type\":\"ListItem\",\"position\":1,\"name\":\"In\u00edcio\",\"item\":\"https:\/\/www.notibras.com\/site\/\"},{\"@type\":\"ListItem\",\"position\":2,\"name\":\"Lua Minguante em Touro trar\u00e1 luz contra trevas\"}]},{\"@type\":\"WebSite\",\"@id\":\"https:\/\/www.notibras.com\/site\/#website\",\"url\":\"https:\/\/www.notibras.com\/site\/\",\"name\":\"Notibras\",\"description\":\"Not\u00edcias de Bras\u00edlia, do Brasil e do Mundo\",\"publisher\":{\"@id\":\"https:\/\/www.notibras.com\/site\/#organization\"},\"potentialAction\":[{\"@type\":\"SearchAction\",\"target\":{\"@type\":\"EntryPoint\",\"urlTemplate\":\"https:\/\/www.notibras.com\/site\/?s={search_term_string}\"},\"query-input\":{\"@type\":\"PropertyValueSpecification\",\"valueRequired\":true,\"valueName\":\"search_term_string\"}}],\"inLanguage\":\"pt-BR\"},{\"@type\":\"Organization\",\"@id\":\"https:\/\/www.notibras.com\/site\/#organization\",\"name\":\"Grupo Notibras de Comunica\u00e7\u00e3o\",\"url\":\"https:\/\/www.notibras.com\/site\/\",\"logo\":{\"@type\":\"ImageObject\",\"inLanguage\":\"pt-BR\",\"@id\":\"https:\/\/www.notibras.com\/site\/#\/schema\/logo\/image\/\",\"url\":\"https:\/\/www.notibras.com\/site\/wp-content\/uploads\/2023\/01\/notibras23.png\",\"contentUrl\":\"https:\/\/www.notibras.com\/site\/wp-content\/uploads\/2023\/01\/notibras23.png\",\"width\":350,\"height\":87,\"caption\":\"Grupo Notibras de Comunica\u00e7\u00e3o\"},\"image\":{\"@id\":\"https:\/\/www.notibras.com\/site\/#\/schema\/logo\/image\/\"},\"sameAs\":[\"https:\/\/www.facebook.com\/notibras\/\",\"https:\/\/x.com\/Notibras\",\"https:\/\/www.instagram.com\/notibras\/\"]},{\"@type\":\"Person\",\"@id\":\"https:\/\/www.notibras.com\/site\/#\/schema\/person\/36ab0979449956132d3e5b517ea76ac8\",\"name\":\"Reda\u00e7\u00e3o\",\"image\":{\"@type\":\"ImageObject\",\"inLanguage\":\"pt-BR\",\"@id\":\"https:\/\/secure.gravatar.com\/avatar\/e0a867bdedb85fd243eadf09663511f96fc81e0720a4a42581f334ad4303aa6b?s=96&d=mm&r=g\",\"url\":\"https:\/\/secure.gravatar.com\/avatar\/e0a867bdedb85fd243eadf09663511f96fc81e0720a4a42581f334ad4303aa6b?s=96&d=mm&r=g\",\"contentUrl\":\"https:\/\/secure.gravatar.com\/avatar\/e0a867bdedb85fd243eadf09663511f96fc81e0720a4a42581f334ad4303aa6b?s=96&d=mm&r=g\",\"caption\":\"Reda\u00e7\u00e3o\"}}]}<\/script>\n<!-- \/ Yoast SEO plugin. -->","yoast_head_json":{"title":"Lua Minguante em Touro trar\u00e1 luz contra trevas - Notibras","robots":{"index":"index","follow":"follow","max-snippet":"max-snippet:-1","max-image-preview":"max-image-preview:large","max-video-preview":"max-video-preview:-1"},"canonical":"https:\/\/www.notibras.com\/site\/lua-minguante-em-touro-trara-luz-contra-trevas\/","og_locale":"pt_BR","og_type":"article","og_title":"Lua Minguante em Touro trar\u00e1 luz contra trevas - Notibras","og_description":"A Semana Astrol\u00f3gica de 19 a 26 de outubro vem marcada por um clima de introspec\u00e7\u00e3o e renova\u00e7\u00e3o emocional, com o Sol entrando nos \u00faltimos graus de Libra, preparando-se para ingressar em Escorpi\u00e3o, e uma Lua Minguante em Touro, iluminando os caminhos materiais e afetivos antes entregues apenas ao lado sombrio da vida. Ser\u00e1 um [&hellip;]","og_url":"https:\/\/www.notibras.com\/site\/lua-minguante-em-touro-trara-luz-contra-trevas\/","og_site_name":"Notibras","article_publisher":"https:\/\/www.facebook.com\/notibras\/","article_published_time":"2025-10-19T10:25:00+00:00","article_modified_time":"2025-10-19T17:06:59+00:00","og_image":[{"width":683,"height":1024,"url":"https:\/\/www.notibras.com\/site\/wp-content\/uploads\/2025\/10\/0d0e8efd-6b03-4c59-840c-7423550058c5-683x1024.png","type":"image\/png"}],"author":"Reda\u00e7\u00e3o","twitter_card":"summary_large_image","twitter_creator":"@Notibras","twitter_site":"@Notibras","twitter_misc":{"Escrito por":"Reda\u00e7\u00e3o","Est. tempo de leitura":"4 minutos"},"schema":{"@context":"https:\/\/schema.org","@graph":[{"@type":"Article","@id":"https:\/\/www.notibras.com\/site\/lua-minguante-em-touro-trara-luz-contra-trevas\/#article","isPartOf":{"@id":"https:\/\/www.notibras.com\/site\/lua-minguante-em-touro-trara-luz-contra-trevas\/"},"author":{"name":"Reda\u00e7\u00e3o","@id":"https:\/\/www.notibras.com\/site\/#\/schema\/person\/36ab0979449956132d3e5b517ea76ac8"},"headline":"Lua Minguante em Touro trar\u00e1 luz contra trevas","datePublished":"2025-10-19T10:25:00+00:00","dateModified":"2025-10-19T17:06:59+00:00","mainEntityOfPage":{"@id":"https:\/\/www.notibras.com\/site\/lua-minguante-em-touro-trara-luz-contra-trevas\/"},"wordCount":568,"publisher":{"@id":"https:\/\/www.notibras.com\/site\/#organization"},"image":{"@id":"https:\/\/www.notibras.com\/site\/lua-minguante-em-touro-trara-luz-contra-trevas\/#primaryimage"},"thumbnailUrl":"https:\/\/www.notibras.com\/site\/wp-content\/uploads\/2025\/10\/0d0e8efd-6b03-4c59-840c-7423550058c5.png","keywords":["capa"],"articleSection":["Or\u00e1culos"],"inLanguage":"pt-BR"},{"@type":"WebPage","@id":"https:\/\/www.notibras.com\/site\/lua-minguante-em-touro-trara-luz-contra-trevas\/","url":"https:\/\/www.notibras.com\/site\/lua-minguante-em-touro-trara-luz-contra-trevas\/","name":"Lua Minguante em Touro trar\u00e1 luz contra trevas - Notibras","isPartOf":{"@id":"https:\/\/www.notibras.com\/site\/#website"},"primaryImageOfPage":{"@id":"https:\/\/www.notibras.com\/site\/lua-minguante-em-touro-trara-luz-contra-trevas\/#primaryimage"},"image":{"@id":"https:\/\/www.notibras.com\/site\/lua-minguante-em-touro-trara-luz-contra-trevas\/#primaryimage"},"thumbnailUrl":"https:\/\/www.notibras.com\/site\/wp-content\/uploads\/2025\/10\/0d0e8efd-6b03-4c59-840c-7423550058c5.png","datePublished":"2025-10-19T10:25:00+00:00","dateModified":"2025-10-19T17:06:59+00:00","breadcrumb":{"@id":"https:\/\/www.notibras.com\/site\/lua-minguante-em-touro-trara-luz-contra-trevas\/#breadcrumb"},"inLanguage":"pt-BR","potentialAction":[{"@type":"ReadAction","target":["https:\/\/www.notibras.com\/site\/lua-minguante-em-touro-trara-luz-contra-trevas\/"]}]},{"@type":"ImageObject","inLanguage":"pt-BR","@id":"https:\/\/www.notibras.com\/site\/lua-minguante-em-touro-trara-luz-contra-trevas\/#primaryimage","url":"https:\/\/www.notibras.com\/site\/wp-content\/uploads\/2025\/10\/0d0e8efd-6b03-4c59-840c-7423550058c5.png","contentUrl":"https:\/\/www.notibras.com\/site\/wp-content\/uploads\/2025\/10\/0d0e8efd-6b03-4c59-840c-7423550058c5.png","width":1024,"height":1536},{"@type":"BreadcrumbList","@id":"https:\/\/www.notibras.com\/site\/lua-minguante-em-touro-trara-luz-contra-trevas\/#breadcrumb","itemListElement":[{"@type":"ListItem","position":1,"name":"In\u00edcio","item":"https:\/\/www.notibras.com\/site\/"},{"@type":"ListItem","position":2,"name":"Lua Minguante em Touro trar\u00e1 luz contra trevas"}]},{"@type":"WebSite","@id":"https:\/\/www.notibras.com\/site\/#website","url":"https:\/\/www.notibras.com\/site\/","name":"Notibras","description":"Not\u00edcias de Bras\u00edlia, do Brasil e do Mundo","publisher":{"@id":"https:\/\/www.notibras.com\/site\/#organization"},"potentialAction":[{"@type":"SearchAction","target":{"@type":"EntryPoint","urlTemplate":"https:\/\/www.notibras.com\/site\/?s={search_term_string}"},"query-input":{"@type":"PropertyValueSpecification","valueRequired":true,"valueName":"search_term_string"}}],"inLanguage":"pt-BR"},{"@type":"Organization","@id":"https:\/\/www.notibras.com\/site\/#organization","name":"Grupo Notibras de Comunica\u00e7\u00e3o","url":"https:\/\/www.notibras.com\/site\/","logo":{"@type":"ImageObject","inLanguage":"pt-BR","@id":"https:\/\/www.notibras.com\/site\/#\/schema\/logo\/image\/","url":"https:\/\/www.notibras.com\/site\/wp-content\/uploads\/2023\/01\/notibras23.png","contentUrl":"https:\/\/www.notibras.com\/site\/wp-content\/uploads\/2023\/01\/notibras23.png","width":350,"height":87,"caption":"Grupo Notibras de Comunica\u00e7\u00e3o"},"image":{"@id":"https:\/\/www.notibras.com\/site\/#\/schema\/logo\/image\/"},"sameAs":["https:\/\/www.facebook.com\/notibras\/","https:\/\/x.com\/Notibras","https:\/\/www.instagram.com\/notibras\/"]},{"@type":"Person","@id":"https:\/\/www.notibras.com\/site\/#\/schema\/person\/36ab0979449956132d3e5b517ea76ac8","name":"Reda\u00e7\u00e3o","image":{"@type":"ImageObject","inLanguage":"pt-BR","@id":"https:\/\/secure.gravatar.com\/avatar\/e0a867bdedb85fd243eadf09663511f96fc81e0720a4a42581f334ad4303aa6b?s=96&d=mm&r=g","url":"https:\/\/secure.gravatar.com\/avatar\/e0a867bdedb85fd243eadf09663511f96fc81e0720a4a42581f334ad4303aa6b?s=96&d=mm&r=g","contentUrl":"https:\/\/secure.gravatar.com\/avatar\/e0a867bdedb85fd243eadf09663511f96fc81e0720a4a42581f334ad4303aa6b?s=96&d=mm&r=g","caption":"Reda\u00e7\u00e3o"}}]}},"amp_enabled":true,"_links":{"self":[{"href":"https:\/\/www.notibras.com\/site\/wp-json\/wp\/v2\/posts\/367863","targetHints":{"allow":["GET"]}}],"collection":[{"href":"https:\/\/www.notibras.com\/site\/wp-json\/wp\/v2\/posts"}],"about":[{"href":"https:\/\/www.notibras.com\/site\/wp-json\/wp\/v2\/types\/post"}],"author":[{"embeddable":true,"href":"https:\/\/www.notibras.com\/site\/wp-json\/wp\/v2\/users\/2"}],"replies":[{"embeddable":true,"href":"https:\/\/www.notibras.com\/site\/wp-json\/wp\/v2\/comments?post=367863"}],"version-history":[{"count":1,"href":"https:\/\/www.notibras.com\/site\/wp-json\/wp\/v2\/posts\/367863\/revisions"}],"predecessor-version":[{"id":367865,"href":"https:\/\/www.notibras.com\/site\/wp-json\/wp\/v2\/posts\/367863\/revisions\/367865"}],"wp:featuredmedia":[{"embeddable":true,"href":"https:\/\/www.notibras.com\/site\/wp-json\/wp\/v2\/media\/367866"}],"wp:attachment":[{"href":"https:\/\/www.notibras.com\/site\/wp-json\/wp\/v2\/media?parent=367863"}],"wp:term":[{"taxonomy":"category","embeddable":true,"href":"https:\/\/www.notibras.com\/site\/wp-json\/wp\/v2\/categories?post=367863"},{"taxonomy":"post_tag","embeddable":true,"href":"https:\/\/www.notibras.com\/site\/wp-json\/wp\/v2\/tags?post=367863"}],"curies":[{"name":"wp","href":"https:\/\/api.w.org\/{rel}","templated":true}]}}