{"id":367902,"date":"2025-10-20T08:38:38","date_gmt":"2025-10-20T11:38:38","guid":{"rendered":"https:\/\/www.notibras.com\/site\/?p=367902"},"modified":"2025-10-20T08:38:38","modified_gmt":"2025-10-20T11:38:38","slug":"dever-civico-e-votar-com-a-consciencia-de-que-presidiario-nao-preside","status":"publish","type":"post","link":"https:\/\/www.notibras.com\/site\/dever-civico-e-votar-com-a-consciencia-de-que-presidiario-nao-preside\/","title":{"rendered":"Dever c\u00edvico \u00e9 votar com a consci\u00eancia de que presidi\u00e1rio n\u00e3o preside"},"content":{"rendered":"<p>Meu av\u00f4 Aristarco Pederneira estava beirando os 100 anos, mas n\u00e3o havia meio de faz\u00ea-lo desistir do bendito dever c\u00edvico. Av\u00f4 por parte de pai, ele me dizia sempre que podia que, entre os deveres de todo homem imbroch\u00e1vel, os mais importantes s\u00e3o votar, se vacinar contra os corruptos e contra os sanguessugas do Congresso, usar endorfina antes, durante e depois dos com\u00edcios de candidatos da extrema-direita, registrar o filho adquirido com a rapariga e vestir a cueca samba can\u00e7\u00e3o do lado avesso sempre que fosse para a esb\u00f3rnia.<\/p>\n<p>Vov\u00f4 partiu beirando os 98 anos, ou seja, ainda muito jovem. Ele era daqueles que se cansou de ver a uva e a vulva da vi\u00fava. Craque nas respostas aos chatos que n\u00e3o gostavam de suas opini\u00f5es contr\u00e1rias aos exageros do conservadorismo, o velho, mesmo sem ser ranzinza, comentava com seus antagonistas que, enquanto os mais radicais brigavam por pol\u00edtica, ele tentava descobrir porque a galinha bebe \u00e1gua e n\u00e3o mija. Como se v\u00ea, em rela\u00e7\u00e3o aos conflitos, no tempo do vov\u00f4 as coisas n\u00e3o eram muito diferentes.<\/p>\n<p>Lamentavelmente, os pol\u00edticos do tipo mala sem al\u00e7a que se acham bolsa de grife e que s\u00e3o os donos do mundo v\u00eam desde aquela \u00e9poca. E os eleitores? Igualzinho aos de hoje. Getulista de bombacha, boina e fac\u00e3o com corte \u00fanico, Aristarco Pederneira aceitava todas as formas de amar e as de se fazer pol\u00edtica, menos a do udenista e pendular Carlos Lacerda, um dos maiores porta-vozes das ideologias conservadoras e direitistas, os quais continuam achando que s\u00e3o acima da lei.<\/p>\n<p>Parece que estou vendo vov\u00f4 sentado no toco do fundo do quintal divagando com um dos amigos de ent\u00e3o a respeito da falta de consci\u00eancia do eleitorado dos anos 50 e 60. Sem papas na l\u00edngua, ele n\u00e3o escondia a insatisfa\u00e7\u00e3o com os que aceitavam o cabresto. N\u00e3o sei a quem ele se referia, mas uma de suas frases preferidas tinha a educa\u00e7\u00e3o como dire\u00e7\u00e3o. Segundo ele, j\u00e1 naqueles anos em que um homem documentado era somente um sujeito cheio de documento, se a estupidez pol\u00edtica fosse um esporte, a maioria dos eleitores de sua roda seria atleta ol\u00edmpico.<\/p>\n<p>Nada mudou de l\u00e1 para c\u00e1. Uma pena ter de repetir isso, mas a educa\u00e7\u00e3o brasileira permanece t\u00e3o ruim, mas t\u00e3o ruim, que conhe\u00e7o eleitores achando que a fun\u00e7\u00e3o de um presidi\u00e1rio \u00e9 presidir. Por isso, se pudessem, votariam de novo em Bolsonaro para presidente da Rep\u00fablica. De teorias simples, mas eficazes, os conselhos do velho eram do tipo feij\u00e3o com arroz. No m\u00e1ximo, um bifezinho ao ponto com fritas bem passadas.<\/p>\n<p>Por exemplo, ainda sobre a elei\u00e7\u00e3o, sua opini\u00e3o a respeito da falta de candidatos melhores do que os que se apresentam a cada dois anos era das mais simples. Segundo ele, na d\u00favida o ideal era pedir ajuda a um dos fiscais eleitorais para encontrar a tecla Deus nos acuda. Persistindo a d\u00favida, ele radicalizava e informava aos inocentes juramentados que pior do que pol\u00edticos em \u00e9poca de elei\u00e7\u00e3o s\u00f3 eles mesmos durante os anos de mandato. Vov\u00f4 dizia e repito para os mais novos que votar \u00e9 um dever c\u00edvico, desde que em candidatos que pelo menos saibam que o Brasil n\u00e3o \u00e9 terra sem lei e, principalmente, que o presidi\u00e1rio n\u00e3o preside.<\/p>\n<p>&#8230;&#8230;&#8230;&#8230;&#8230;&#8230;..<\/p>\n<p><strong>Wenceslau Ara\u00fajo \u00e9 Editor-Chefe de Notibras<\/strong><\/p>\n","protected":false},"excerpt":{"rendered":"<p>Meu av\u00f4 Aristarco Pederneira estava beirando os 100 anos, mas n\u00e3o havia meio de faz\u00ea-lo desistir do bendito dever c\u00edvico. Av\u00f4 por parte de pai, ele me dizia sempre que podia que, entre os deveres de todo homem imbroch\u00e1vel, os mais importantes s\u00e3o votar, se vacinar contra os corruptos e contra os sanguessugas do Congresso, [&hellip;]<\/p>\n","protected":false},"author":2,"featured_media":162928,"comment_status":"closed","ping_status":"closed","sticky":false,"template":"","format":"standard","meta":{"_acf_changed":false,"footnotes":""},"categories":[16],"tags":[95],"class_list":["post-367902","post","type-post","status-publish","format-standard","has-post-thumbnail","hentry","category-brasil","tag-capa"],"acf":[],"_links":{"self":[{"href":"https:\/\/www.notibras.com\/site\/wp-json\/wp\/v2\/posts\/367902","targetHints":{"allow":["GET"]}}],"collection":[{"href":"https:\/\/www.notibras.com\/site\/wp-json\/wp\/v2\/posts"}],"about":[{"href":"https:\/\/www.notibras.com\/site\/wp-json\/wp\/v2\/types\/post"}],"author":[{"embeddable":true,"href":"https:\/\/www.notibras.com\/site\/wp-json\/wp\/v2\/users\/2"}],"replies":[{"embeddable":true,"href":"https:\/\/www.notibras.com\/site\/wp-json\/wp\/v2\/comments?post=367902"}],"version-history":[{"count":1,"href":"https:\/\/www.notibras.com\/site\/wp-json\/wp\/v2\/posts\/367902\/revisions"}],"predecessor-version":[{"id":367903,"href":"https:\/\/www.notibras.com\/site\/wp-json\/wp\/v2\/posts\/367902\/revisions\/367903"}],"wp:featuredmedia":[{"embeddable":true,"href":"https:\/\/www.notibras.com\/site\/wp-json\/wp\/v2\/media\/162928"}],"wp:attachment":[{"href":"https:\/\/www.notibras.com\/site\/wp-json\/wp\/v2\/media?parent=367902"}],"wp:term":[{"taxonomy":"category","embeddable":true,"href":"https:\/\/www.notibras.com\/site\/wp-json\/wp\/v2\/categories?post=367902"},{"taxonomy":"post_tag","embeddable":true,"href":"https:\/\/www.notibras.com\/site\/wp-json\/wp\/v2\/tags?post=367902"}],"curies":[{"name":"wp","href":"https:\/\/api.w.org\/{rel}","templated":true}]}}