{"id":367904,"date":"2025-10-20T08:42:53","date_gmt":"2025-10-20T11:42:53","guid":{"rendered":"https:\/\/www.notibras.com\/site\/?p=367904"},"modified":"2025-10-20T08:42:53","modified_gmt":"2025-10-20T11:42:53","slug":"clima-vira-problema-social-de-fome-e-migracao","status":"publish","type":"post","link":"https:\/\/www.notibras.com\/site\/clima-vira-problema-social-de-fome-e-migracao\/","title":{"rendered":"Clima vira problema social de fome e migra\u00e7\u00e3o"},"content":{"rendered":"<p>O sol nasce cedo no sert\u00e3o, queimando o ch\u00e3o rachado antes mesmo que o dia desperte por completo. O vento sopra seco, levando consigo o p\u00f3 da terra e o pouco verde que ainda resiste. A cada amanhecer, as pessoas olham o c\u00e9u em busca de nuvens \u2014 um gesto quase autom\u00e1tico, uma esperan\u00e7a teimosa. Mas o c\u00e9u insiste em permanecer limpo, azul e distante.<\/p>\n<p>A seca, que muitos dizem ser um castigo antigo, n\u00e3o \u00e9 apenas uma quest\u00e3o de clima. \u00c9 uma ferida aberta que sangra fome e deslocamento. Quando a chuva falta, a ro\u00e7a morre; quando a ro\u00e7a morre, o alimento escasseia; e quando o alimento acaba, o sertanejo \u00e9 obrigado a partir. Deixa a casa de taipa, o terreiro, o bode e as lembran\u00e7as, levando no peito a dor de quem \u00e9 arrancado do pr\u00f3prio ch\u00e3o.<\/p>\n<p>As estradas do Nordeste conhecem bem essas hist\u00f3rias. Caminhos de poeira que se transformam em trilhas de esperan\u00e7a. Fam\u00edlias inteiras seguem em busca de um futuro menos \u00e1rido \u2014 uns para as cidades grandes, outros para longe, onde o c\u00e9u parece prometer mais do que o sert\u00e3o pode oferecer. Mas o que se encontra, muitas vezes, \u00e9 outro tipo de seca: a falta de oportunidade, o preconceito, a invisibilidade.<\/p>\n<p>Enquanto isso, os que ficam reinventam a sobreviv\u00eancia. Buscam \u00e1gua em cacimbas profundas, fazem fila nos carros-pipa, plantam o pouco que o ch\u00e3o ainda aceita. E mesmo diante da escassez, compartilham o que t\u00eam \u2014 um prato de feij\u00e3o, um peda\u00e7o de p\u00e3o, um gole d\u2019\u00e1gua.<\/p>\n<p>No sert\u00e3o, o problema clim\u00e1tico n\u00e3o \u00e9 apenas meteorol\u00f3gico: \u00e9 humano, \u00e9 social, \u00e9 pol\u00edtico. Porque quando o c\u00e9u se fecha em sil\u00eancio e o Estado se ausenta, a seca se transforma em fome, e a fome, em partida.<\/p>\n<p>Mas o sertanejo continua ali, firme como o mandacaru, com os olhos voltados para o horizonte. Porque ele sabe \u2014 e isso ningu\u00e9m lhe tira \u2014 que toda seca, por pior que seja, um dia acaba. E quando a chuva voltar, ele voltar\u00e1 tamb\u00e9m, com as m\u00e3os abertas para o recome\u00e7o<\/p>\n","protected":false},"excerpt":{"rendered":"<p>O sol nasce cedo no sert\u00e3o, queimando o ch\u00e3o rachado antes mesmo que o dia desperte por completo. O vento sopra seco, levando consigo o p\u00f3 da terra e o pouco verde que ainda resiste. A cada amanhecer, as pessoas olham o c\u00e9u em busca de nuvens \u2014 um gesto quase autom\u00e1tico, uma esperan\u00e7a teimosa. [&hellip;]<\/p>\n","protected":false},"author":2,"featured_media":367905,"comment_status":"closed","ping_status":"closed","sticky":false,"template":"","format":"standard","meta":{"_acf_changed":false,"footnotes":""},"categories":[165],"tags":[],"class_list":["post-367904","post","type-post","status-publish","format-standard","has-post-thumbnail","hentry","category-nordeste"],"acf":[],"_links":{"self":[{"href":"https:\/\/www.notibras.com\/site\/wp-json\/wp\/v2\/posts\/367904","targetHints":{"allow":["GET"]}}],"collection":[{"href":"https:\/\/www.notibras.com\/site\/wp-json\/wp\/v2\/posts"}],"about":[{"href":"https:\/\/www.notibras.com\/site\/wp-json\/wp\/v2\/types\/post"}],"author":[{"embeddable":true,"href":"https:\/\/www.notibras.com\/site\/wp-json\/wp\/v2\/users\/2"}],"replies":[{"embeddable":true,"href":"https:\/\/www.notibras.com\/site\/wp-json\/wp\/v2\/comments?post=367904"}],"version-history":[{"count":1,"href":"https:\/\/www.notibras.com\/site\/wp-json\/wp\/v2\/posts\/367904\/revisions"}],"predecessor-version":[{"id":367906,"href":"https:\/\/www.notibras.com\/site\/wp-json\/wp\/v2\/posts\/367904\/revisions\/367906"}],"wp:featuredmedia":[{"embeddable":true,"href":"https:\/\/www.notibras.com\/site\/wp-json\/wp\/v2\/media\/367905"}],"wp:attachment":[{"href":"https:\/\/www.notibras.com\/site\/wp-json\/wp\/v2\/media?parent=367904"}],"wp:term":[{"taxonomy":"category","embeddable":true,"href":"https:\/\/www.notibras.com\/site\/wp-json\/wp\/v2\/categories?post=367904"},{"taxonomy":"post_tag","embeddable":true,"href":"https:\/\/www.notibras.com\/site\/wp-json\/wp\/v2\/tags?post=367904"}],"curies":[{"name":"wp","href":"https:\/\/api.w.org\/{rel}","templated":true}]}}