{"id":367907,"date":"2025-10-20T08:22:08","date_gmt":"2025-10-20T11:22:08","guid":{"rendered":"https:\/\/www.notibras.com\/site\/?p=367907"},"modified":"2025-10-20T08:49:05","modified_gmt":"2025-10-20T11:49:05","slug":"festival-sergipanidade-celebra-identidade-arte-e-diversidade-cultural","status":"publish","type":"post","link":"https:\/\/www.notibras.com\/site\/festival-sergipanidade-celebra-identidade-arte-e-diversidade-cultural\/","title":{"rendered":"Festival Sergipanidade celebra identidade, arte e diversidade cultural"},"content":{"rendered":"<div>Entre os dias 16 e 26 de outubro de 2025, Sergipe ser\u00e1 palco de uma grande celebra\u00e7\u00e3o da cultura local com o Festival Sergipanidade, evento promovido pelo Governo de Sergipe por meio da Funda\u00e7\u00e3o de Cultura e Arte Aperip\u00ea (Funcap), Secretaria Especial da Cultura (Secult) e em parceria com a Secretaria do Trabalho, Emprego e Empreendedorismo (Seteem).<\/div>\n<div><\/div>\n<div>Com programa\u00e7\u00e3o totalmente gratuita, o festival prop\u00f5e uma imers\u00e3o nas artes visuais, c\u00eanicas, m\u00fasica, dan\u00e7a, literatura, gastronomia e manifesta\u00e7\u00f5es populares, destacando a hist\u00f3ria, os saberes e as mem\u00f3rias do povo sergipano. A iniciativa tamb\u00e9m se insere no projeto \u201cCultura em Toda Parte\u201d, com foco na descentraliza\u00e7\u00e3o e democratiza\u00e7\u00e3o cultural.<\/div>\n<div><\/div>\n<div>A programa\u00e7\u00e3o do Festival Sergipanidade abrange uma s\u00e9rie de atividades distribu\u00eddas por v\u00e1rias cidades, n\u00e3o s\u00f3 em Aracaju, mas tamb\u00e9m em munic\u00edpios como S\u00e3o Crist\u00f3v\u00e3o, Ne\u00f3polis e Laranjeiras.\u00a0 Destacam-se:<\/div>\n<div><\/div>\n<div>\u2022Exposi\u00e7\u00f5es de artes visuais, como a mostra coletiva \u201cSergipanidade: Pertencimento e Identidade\u201d, que re\u00fane obras de 15 artistas sergipanos.<\/div>\n<div><\/div>\n<div>\u2022Roda de conversa e debates sobre patrim\u00f4nio cultural, identidades locais e mem\u00f3rias culturais vivas.<\/div>\n<div><\/div>\n<div>\u2022Apresenta\u00e7\u00f5es de dan\u00e7a, teatro, circo e manifesta\u00e7\u00f5es populares, incluindo grupos como Reisado, Sambas de Coco, Zabumbadores, entre outros.<\/div>\n<div><\/div>\n<div>\u2022Cortejo Cultural, previsto no Dia da Sergipanidade (24 de outubro), que ocupar\u00e1 o Cal\u00e7ad\u00e3o da Rua Jo\u00e3o Pessoa, no centro de Aracaju, com desfile de grupos culturais de diversas localidades do estado.<\/div>\n<div><\/div>\n<div>\u2022Oficinas art\u00edsticas, feiras de artesanato, lan\u00e7amentos de livros e homenagens a personalidades culturais e patrim\u00f4nios vivos de Sergipe.<\/div>\n<div><\/div>\n<div>O Festival Sergipanidade vai al\u00e9m da exibi\u00e7\u00e3o art\u00edstica: ele funciona como um catalisador para o fortalecimento da identidade sergipana, estimulando o orgulho local e o reconhecimento dos saberes tradicionais do estado.<\/div>\n<div><\/div>\n<div>Do ponto de vista social, fomenta a participa\u00e7\u00e3o de diferentes p\u00fablicos \u2014 artistas emergentes, comunidades mais afastadas, estudantes e grupos culturais tradicionais \u2014 criando espa\u00e7os de di\u00e1logo e visibilidade. A descentraliza\u00e7\u00e3o tamb\u00e9m \u00e9 um ponto chave, levando atividades culturais a munic\u00edpios al\u00e9m da capital.<\/div>\n<div><\/div>\n<div>Economicamente, o festival apoia a economia criativa local, ao envolver artes\u00e3os, produtores culturais, prestadores de servi\u00e7o ligados a alimenta\u00e7\u00e3o, moda, artes visuais, etc., integrando turismo cultural e movimentando setores relacionados.<\/div>\n<div><\/div>\n<div>Espa\u00e7os culturais como o Corredor Cultural Wellington Santos \u201cIrm\u00e3o\u201d, o Pal\u00e1cio-Museu Ol\u00edmpio Campos e o Complexo Cultural Gonzag\u00e3o ser\u00e3o usados como palcos para v\u00e1rias atividades.<\/div>\n<div><\/div>\n<div>O festival refor\u00e7a a estrat\u00e9gia de levar cultura para todos os cantos, n\u00e3o s\u00f3 concentrando eventos na capital, mas promovendo a\u00e7\u00f5es nos munic\u00edpios, fortalecendo comunidades culturais locais.<\/div>\n","protected":false},"excerpt":{"rendered":"<p>Entre os dias 16 e 26 de outubro de 2025, Sergipe ser\u00e1 palco de uma grande celebra\u00e7\u00e3o da cultura local com o Festival Sergipanidade, evento promovido pelo Governo de Sergipe por meio da Funda\u00e7\u00e3o de Cultura e Arte Aperip\u00ea (Funcap), Secretaria Especial da Cultura (Secult) e em parceria com a Secretaria do Trabalho, Emprego e [&hellip;]<\/p>\n","protected":false},"author":2,"featured_media":367908,"comment_status":"closed","ping_status":"closed","sticky":false,"template":"","format":"standard","meta":{"_acf_changed":false,"footnotes":""},"categories":[165],"tags":[],"class_list":["post-367907","post","type-post","status-publish","format-standard","has-post-thumbnail","hentry","category-nordeste"],"acf":[],"_links":{"self":[{"href":"https:\/\/www.notibras.com\/site\/wp-json\/wp\/v2\/posts\/367907","targetHints":{"allow":["GET"]}}],"collection":[{"href":"https:\/\/www.notibras.com\/site\/wp-json\/wp\/v2\/posts"}],"about":[{"href":"https:\/\/www.notibras.com\/site\/wp-json\/wp\/v2\/types\/post"}],"author":[{"embeddable":true,"href":"https:\/\/www.notibras.com\/site\/wp-json\/wp\/v2\/users\/2"}],"replies":[{"embeddable":true,"href":"https:\/\/www.notibras.com\/site\/wp-json\/wp\/v2\/comments?post=367907"}],"version-history":[{"count":1,"href":"https:\/\/www.notibras.com\/site\/wp-json\/wp\/v2\/posts\/367907\/revisions"}],"predecessor-version":[{"id":367909,"href":"https:\/\/www.notibras.com\/site\/wp-json\/wp\/v2\/posts\/367907\/revisions\/367909"}],"wp:featuredmedia":[{"embeddable":true,"href":"https:\/\/www.notibras.com\/site\/wp-json\/wp\/v2\/media\/367908"}],"wp:attachment":[{"href":"https:\/\/www.notibras.com\/site\/wp-json\/wp\/v2\/media?parent=367907"}],"wp:term":[{"taxonomy":"category","embeddable":true,"href":"https:\/\/www.notibras.com\/site\/wp-json\/wp\/v2\/categories?post=367907"},{"taxonomy":"post_tag","embeddable":true,"href":"https:\/\/www.notibras.com\/site\/wp-json\/wp\/v2\/tags?post=367907"}],"curies":[{"name":"wp","href":"https:\/\/api.w.org\/{rel}","templated":true}]}}