{"id":367943,"date":"2025-10-20T14:31:17","date_gmt":"2025-10-20T17:31:17","guid":{"rendered":"https:\/\/www.notibras.com\/site\/?p=367943"},"modified":"2025-10-20T19:06:26","modified_gmt":"2025-10-20T22:06:26","slug":"petrobras-e-ibama-selam-paz-e-amazonia-vai-virar-nova-bacia-petrolifera","status":"publish","type":"post","link":"https:\/\/www.notibras.com\/site\/petrobras-e-ibama-selam-paz-e-amazonia-vai-virar-nova-bacia-petrolifera\/","title":{"rendered":"Petrobras e Ibama selam paz e Amaz\u00f4nia vai virar nova bacia petrol\u00edfera"},"content":{"rendered":"<p>A Petrobras obteve a licen\u00e7a do Instituto Brasileiro do Meio Ambiente e dos Recursos Naturais Renov\u00e1veis (Ibama) para explorar petr\u00f3leo na Margem Equatorial. A regi\u00e3o, localizada no norte do pa\u00eds, \u00e9 apontada como novo pr\u00e9-sal devido ao seu potencial petrol\u00edfero.<\/p>\n<p>O Ibama fez o an\u00fancio no come\u00e7o da tarde desta segunda-feira (20).<\/p>\n<p>De acordo com a Petrobras, a sonda explorat\u00f3ria se encontra na regi\u00e3o do bloco FZA-M-059 e a perfura\u00e7\u00e3o est\u00e1 prevista para come\u00e7ar \u201cimediatamente\u201d. O po\u00e7o fica em \u00e1guas profundas do Amap\u00e1, a 175 quil\u00f4metros da costa e a 500 quil\u00f4metros da foz do rio Amazonas.<\/p>\n<p>A perfura\u00e7\u00e3o dessa fase inicial tem dura\u00e7\u00e3o estimada em cinco meses, segundo a companhia. Nesse per\u00edodo, a empresa busca obter mais informa\u00e7\u00f5es geol\u00f3gicas e avaliar se h\u00e1 petr\u00f3leo e g\u00e1s na \u00e1rea em escala econ\u00f4mica. \u201cN\u00e3o h\u00e1 produ\u00e7\u00e3o de petr\u00f3leo nessa fase\u201d, frisou a Petrobras no comunicado.<\/p>\n<p>A autoriza\u00e7\u00e3o foi obtida cerca de dois meses depois da \u00faltima fase do processo de licenciamento, a chamada avalia\u00e7\u00e3o pr\u00e9-operacional (APO), que consiste em um simulado de situa\u00e7\u00e3o de emerg\u00eancia e plano de rea\u00e7\u00e3o, com aten\u00e7\u00e3o especial \u00e0 fauna.<\/p>\n<p><strong>Promessa de seguran\u00e7a<\/strong><br \/>\nA Petrobras informou que atendeu a todos os requisitos estabelecidos pelo Ibama \u2013 \u00f3rg\u00e3o ligado ao Minist\u00e9rio do Meio Ambiente e Mudan\u00e7a do Clima \u2013 cumprindo integralmente o processo de licenciamento ambiental.<\/p>\n<p>A presidente da companhia, Magda Chambriard, classificou a obten\u00e7\u00e3o da licen\u00e7a como \u201cuma conquista da sociedade brasileira\u201d.<\/p>\n<p>\u201cRevela o compromisso das institui\u00e7\u00f5es nacionais com o di\u00e1logo e com a viabiliza\u00e7\u00e3o de projetos que possam representar o desenvolvimento do pa\u00eds\u201d, afirmou Chambriard no comunicado.<\/p>\n<p>Ela lembrou que foram cinco anos de di\u00e1logo com governos e \u00f3rg\u00e3os ambientais municipais, estaduais e federais at\u00e9 a licen\u00e7a. Chambriard considera que a estatal p\u00f4de comprovar \u201ca robustez de toda a estrutura de prote\u00e7\u00e3o ao meio ambiente\u201d.<\/p>\n<p>\u201cVamos operar na Margem Equatorial com seguran\u00e7a, responsabilidade e qualidade t\u00e9cnica. Esperamos obter excelentes resultados nessa pesquisa e comprovar a exist\u00eancia de petr\u00f3leo na por\u00e7\u00e3o brasileira dessa nova fronteira energ\u00e9tica mundial\u201d, completou.<\/p>\n<p><strong>Nova fonte de petr\u00f3leo<\/strong><br \/>\nA Margem Equatorial ganhou notoriedade nos \u00faltimos anos, por ser tratada como nova e promissora \u00e1rea de explora\u00e7\u00e3o de petr\u00f3leo e g\u00e1s. Descobertas recentes de petr\u00f3leo nas costas da Guiana, da Guiana Francesa e do Suriname, pa\u00edses vizinhos ao Norte do pa\u00eds, mostraram o potencial explorat\u00f3rio da regi\u00e3o, localizada pr\u00f3xima \u00e0 linha do Equador. No Brasil, a \u00e1rea se estende do Rio Grande do Norte at\u00e9 o Amap\u00e1.<\/p>\n<p>A busca pela licen\u00e7a de explora\u00e7\u00e3o se iniciou em 2013, quando a petrol\u00edfera multinacional brit\u00e2nica BP arrematou a licita\u00e7\u00e3o da \u00e1rea. Por decis\u00e3o estrat\u00e9gica, a companhia repassou a concess\u00e3o para a Petrobras em 2021.<\/p>\n<p>A Petrobras tem po\u00e7os na nova fronteira explorat\u00f3ria, mas, at\u00e9 ent\u00e3o, s\u00f3 tinha autoriza\u00e7\u00e3o do Ibama para perfurar os dois da costa do Rio Grande do Norte.<\/p>\n<p>Em maio de 2023, o Ibama chegou a negar a licen\u00e7a para a \u00e1rea chamada de Bacia da Foz do Amazonas, o que fez a Petrobras pedir a reconsidera\u00e7\u00e3o.<\/p>\n<p>Al\u00e9m da companhia, setores do governo, incluindo o Minist\u00e9rio de Minas e Energia e o pr\u00f3prio presidente Luiz In\u00e1cio Lula da Silva, defenderam a libera\u00e7\u00e3o da licen\u00e7a. No Congresso, presidente do senado, Davi Alcolumbre (Uni\u00e3o-AP), foi um dos principais articuladores para apressar e autorizar a licen\u00e7a.<\/p>\n<p>Segundo a Petrobras, a espera pela licen\u00e7a de explora\u00e7\u00e3o custou R$ 4 milh\u00f5es por dia \u00e0 empresa.<\/p>\n<p>Um estudo da Empresa de Pesquisa Energ\u00e9tica (EPE) estima que o volume potencial total recuper\u00e1vel da Bacia da Foz do Amazonas pode chegar a 10 bilh\u00f5es de barris de \u00f3leo equivalente. Para efeito de compara\u00e7\u00e3o, dados da Ag\u00eancia Nacional do Petr\u00f3leo, G\u00e1s Natural e Biocombust\u00edveis (ANP) mostram que o Brasil tem 66 bilh\u00f5es de barris entre reservas provadas, prov\u00e1veis e poss\u00edveis.<\/p>\n<p><strong>Cr\u00edticas<\/strong><br \/>\nA explora\u00e7\u00e3o \u00e9 criticada por ambientalistas, preocupados com poss\u00edveis impactos ao meio ambiente. H\u00e1 tamb\u00e9m a percep\u00e7\u00e3o, por parte deles, de que se trata de uma contradi\u00e7\u00e3o \u00e0 transi\u00e7\u00e3o energ\u00e9tica, que significa a substitui\u00e7\u00e3o dos combust\u00edveis f\u00f3sseis por fontes de energia renov\u00e1veis, que emitam menos gases do efeito estufa, respons\u00e1veis pelo aquecimento global.<\/p>\n<p>A Petrobras insiste que a produ\u00e7\u00e3o de \u00f3leo a partir da Margem Equatorial \u00e9 uma decis\u00e3o estrat\u00e9gica para que o pa\u00eds n\u00e3o tenha que importar petr\u00f3leo na pr\u00f3xima d\u00e9cada. A estatal frisa que, apesar do nome Foz do Amazonas, o local fica a 540 quil\u00f4metros da desembocadura do rio propriamente dita.<\/p>\n","protected":false},"excerpt":{"rendered":"<p>A Petrobras obteve a licen\u00e7a do Instituto Brasileiro do Meio Ambiente e dos Recursos Naturais Renov\u00e1veis (Ibama) para explorar petr\u00f3leo na Margem Equatorial. A regi\u00e3o, localizada no norte do pa\u00eds, \u00e9 apontada como novo pr\u00e9-sal devido ao seu potencial petrol\u00edfero. O Ibama fez o an\u00fancio no come\u00e7o da tarde desta segunda-feira (20). De acordo com [&hellip;]<\/p>\n","protected":false},"author":2,"featured_media":367944,"comment_status":"closed","ping_status":"closed","sticky":false,"template":"","format":"standard","meta":{"_acf_changed":false,"footnotes":""},"categories":[16],"tags":[95],"class_list":["post-367943","post","type-post","status-publish","format-standard","has-post-thumbnail","hentry","category-brasil","tag-capa"],"acf":[],"_links":{"self":[{"href":"https:\/\/www.notibras.com\/site\/wp-json\/wp\/v2\/posts\/367943","targetHints":{"allow":["GET"]}}],"collection":[{"href":"https:\/\/www.notibras.com\/site\/wp-json\/wp\/v2\/posts"}],"about":[{"href":"https:\/\/www.notibras.com\/site\/wp-json\/wp\/v2\/types\/post"}],"author":[{"embeddable":true,"href":"https:\/\/www.notibras.com\/site\/wp-json\/wp\/v2\/users\/2"}],"replies":[{"embeddable":true,"href":"https:\/\/www.notibras.com\/site\/wp-json\/wp\/v2\/comments?post=367943"}],"version-history":[{"count":3,"href":"https:\/\/www.notibras.com\/site\/wp-json\/wp\/v2\/posts\/367943\/revisions"}],"predecessor-version":[{"id":367947,"href":"https:\/\/www.notibras.com\/site\/wp-json\/wp\/v2\/posts\/367943\/revisions\/367947"}],"wp:featuredmedia":[{"embeddable":true,"href":"https:\/\/www.notibras.com\/site\/wp-json\/wp\/v2\/media\/367944"}],"wp:attachment":[{"href":"https:\/\/www.notibras.com\/site\/wp-json\/wp\/v2\/media?parent=367943"}],"wp:term":[{"taxonomy":"category","embeddable":true,"href":"https:\/\/www.notibras.com\/site\/wp-json\/wp\/v2\/categories?post=367943"},{"taxonomy":"post_tag","embeddable":true,"href":"https:\/\/www.notibras.com\/site\/wp-json\/wp\/v2\/tags?post=367943"}],"curies":[{"name":"wp","href":"https:\/\/api.w.org\/{rel}","templated":true}]}}