{"id":368017,"date":"2025-10-21T03:19:46","date_gmt":"2025-10-21T06:19:46","guid":{"rendered":"https:\/\/www.notibras.com\/site\/?p=368017"},"modified":"2025-10-21T03:21:26","modified_gmt":"2025-10-21T06:21:26","slug":"olinda-interdita-area-apos-explosao-em-casa-que-deixou-dois-mortos","status":"publish","type":"post","link":"https:\/\/www.notibras.com\/site\/olinda-interdita-area-apos-explosao-em-casa-que-deixou-dois-mortos\/","title":{"rendered":"Olinda interdita \u00e1rea ap\u00f3s explos\u00e3o em casa que deixou dois mortos"},"content":{"rendered":"<p>Uma forte explos\u00e3o atingiu n domingo (19) um conjunto de oito casas no bairro de Jardim Atl\u00e2ntico, em Olinda, Regi\u00e3o Metropolitana do Recife. O incidente deixou duas pessoas mortas e dez feridas, segundo informa\u00e7\u00f5es do Corpo de Bombeiros de Pernambuco.<\/p>\n<p>De acordo com testemunhas, a explos\u00e3o ocorreu por volta das 6h40, acordando moradores de v\u00e1rias ruas pr\u00f3ximas. O estrondo foi ouvido a quil\u00f4metros de dist\u00e2ncia, e uma densa nuvem de fuma\u00e7a p\u00f4de ser vista subindo da \u00e1rea atingida.<\/p>\n<p>Equipes do Corpo de Bombeiros, Samu, Defesa Civil e Pol\u00edcia Militar foram mobilizadas para o local. As causas da explos\u00e3o ainda est\u00e3o sendo investigadas, mas h\u00e1 suspeita de vazamento de g\u00e1s de cozinha (GLP) em uma das resid\u00eancias.<\/p>\n<p>\u201cFoi um barulho muito alto, parecia um terremoto. As janelas da minha casa tremeram, e quando sa\u00ed, vi tudo destru\u00eddo\u201d, contou a moradora Maria das Dores Silva, que vive a cerca de 50 metros do ponto da explos\u00e3o.<\/p>\n<p>Entre os feridos, h\u00e1 tr\u00eas crian\u00e7as e uma idosa de 72 anos, que foram levadas em estado grave para o Hospital da Restaura\u00e7\u00e3o, no Recife. Outros seis feridos receberam atendimento no local e foram encaminhados a unidades de sa\u00fade da regi\u00e3o.<\/p>\n<p>As equipes dos bombeiros atuaram durante toda a manh\u00e3 para conter pequenos focos de inc\u00eandio e realizar o resgate de moradores sob os escombros. Pelo menos cinco casas ficaram completamente destru\u00eddas, e outras tr\u00eas sofreram danos estruturais severos.<\/p>\n<p>A Defesa Civil de Olinda interditou o quarteir\u00e3o atingido e est\u00e1 avaliando o risco de desabamento em im\u00f3veis vizinhos. Fam\u00edlias que perderam suas casas foram encaminhadas a um abrigo tempor\u00e1rio montado em uma escola municipal.<\/p>\n<p>O governo de Pernambuco informou que est\u00e1 prestando apoio \u00e0s v\u00edtimas e prometeu agilizar o pagamento de aux\u00edlios emergenciais. \u201cNossa prioridade \u00e9 garantir assist\u00eancia imediata \u00e0s fam\u00edlias atingidas e apurar as causas da trag\u00e9dia\u201d, afirmou em nota a governadora Raquel Lyra.<\/p>\n<p>As investiga\u00e7\u00f5es preliminares apontam que a explos\u00e3o come\u00e7ou em uma casa onde havia ind\u00edcios de armazenamento irregular de botij\u00f5es de g\u00e1s.<\/p>\n<p>O clima na vizinhan\u00e7a \u00e9 de consterna\u00e7\u00e3o. \u201cEra uma rua tranquila, todo mundo se conhecia. Agora s\u00f3 restam destro\u00e7os e tristeza\u201d, lamentou o comerciante Jo\u00e3o Ferreira, vizinho de uma das v\u00edtimas fatais.<\/p>\n","protected":false},"excerpt":{"rendered":"<p>Uma forte explos\u00e3o atingiu n domingo (19) um conjunto de oito casas no bairro de Jardim Atl\u00e2ntico, em Olinda, Regi\u00e3o Metropolitana do Recife. O incidente deixou duas pessoas mortas e dez feridas, segundo informa\u00e7\u00f5es do Corpo de Bombeiros de Pernambuco. De acordo com testemunhas, a explos\u00e3o ocorreu por volta das 6h40, acordando moradores de v\u00e1rias [&hellip;]<\/p>\n","protected":false},"author":2,"featured_media":368018,"comment_status":"closed","ping_status":"closed","sticky":false,"template":"","format":"standard","meta":{"_acf_changed":false,"footnotes":""},"categories":[165],"tags":[],"class_list":["post-368017","post","type-post","status-publish","format-standard","has-post-thumbnail","hentry","category-nordeste"],"acf":[],"_links":{"self":[{"href":"https:\/\/www.notibras.com\/site\/wp-json\/wp\/v2\/posts\/368017","targetHints":{"allow":["GET"]}}],"collection":[{"href":"https:\/\/www.notibras.com\/site\/wp-json\/wp\/v2\/posts"}],"about":[{"href":"https:\/\/www.notibras.com\/site\/wp-json\/wp\/v2\/types\/post"}],"author":[{"embeddable":true,"href":"https:\/\/www.notibras.com\/site\/wp-json\/wp\/v2\/users\/2"}],"replies":[{"embeddable":true,"href":"https:\/\/www.notibras.com\/site\/wp-json\/wp\/v2\/comments?post=368017"}],"version-history":[{"count":3,"href":"https:\/\/www.notibras.com\/site\/wp-json\/wp\/v2\/posts\/368017\/revisions"}],"predecessor-version":[{"id":368021,"href":"https:\/\/www.notibras.com\/site\/wp-json\/wp\/v2\/posts\/368017\/revisions\/368021"}],"wp:featuredmedia":[{"embeddable":true,"href":"https:\/\/www.notibras.com\/site\/wp-json\/wp\/v2\/media\/368018"}],"wp:attachment":[{"href":"https:\/\/www.notibras.com\/site\/wp-json\/wp\/v2\/media?parent=368017"}],"wp:term":[{"taxonomy":"category","embeddable":true,"href":"https:\/\/www.notibras.com\/site\/wp-json\/wp\/v2\/categories?post=368017"},{"taxonomy":"post_tag","embeddable":true,"href":"https:\/\/www.notibras.com\/site\/wp-json\/wp\/v2\/tags?post=368017"}],"curies":[{"name":"wp","href":"https:\/\/api.w.org\/{rel}","templated":true}]}}