{"id":36802,"date":"2015-02-11T21:03:31","date_gmt":"2015-02-12T00:03:31","guid":{"rendered":"http:\/\/www.notibras.com\/site\/?p=36802"},"modified":"2015-02-11T21:03:31","modified_gmt":"2015-02-12T00:03:31","slug":"gremio-decepciona-e-perde-em-casa-na-despedida-de-moreno","status":"publish","type":"post","link":"https:\/\/www.notibras.com\/site\/gremio-decepciona-e-perde-em-casa-na-despedida-de-moreno\/","title":{"rendered":"Gr\u00eamio decepciona e perde em casa na despedida de Moreno"},"content":{"rendered":"<p class=\"text\">O torcedor do Gr\u00eamio tem um in\u00edcio de 2015 para come\u00e7ar a temer o que vem pela frente no restante da temporada. Irregular com a sa\u00edda de v\u00e1rios jogadores e com a chegada de refor\u00e7os contestados, a equipe ainda n\u00e3o se encontrou no Campeonato Ga\u00facho. A partida desta quarta-feira foi um exemplo disso: contra o Brasil de Pelotas-RS, l\u00edder do torneio, perdeu em plena Arena em Porto Alegre por 1 a 0, no adeus de Marcelo Moreno. A crise j\u00e1 come\u00e7a a rondar o clube?<\/p>\n<p class=\"text\">Se foi ruim com Marcelo Moreno em campo nesta noite, imagina sem ele. O atacante j\u00e1 salvou o time ga\u00facho no \u00faltimo fim de semana, ap\u00f3s sair do banco contra o pequeno Avenida e marcar duas vezes. Na Arena, teve atua\u00e7\u00e3o mais t\u00edmida, apesar de ter jogado os 90 minutos. Podia estar se poupando para a\u00a0consumada venda para o futebol chin\u00eas, onde ser\u00e1 companheiro de Barcos, tamb\u00e9m ex-gremista. Felip\u00e3o, em entrevista depois do jogo, admiitu que a partir desta quinta o jogador n\u00e3o \u00e9 mais do time ga\u00facho.<\/p>\n<blockquote>\n<p class=\"text\">Irregular, o Gr\u00eamio at\u00e9 teve a posse de bola no primeiro tempo, mas n\u00e3o conseguiu se acertar em campo. Contra o bem armado Brasil de Pelotas-RS, as \u2013 poucas \u2013 chances surgiam em lances isolados de individualidade ou em chutes de fora da \u00e1rea. Nada, contudo, que incomodasse muito o advers\u00e1rio do interior ga\u00facho, mesmo na arena tricolor.<\/p>\n<\/blockquote>\n<p class=\"text\">A segunda etapa seguia na mesma toada, mas o Brasil de Pelotas-RS conseguiu agitar um pouco o parado jogo com um gol aos 4min, em falha de Marcelo Grohe ap\u00f3s cobran\u00e7a de escanteio \u2013 o lance foi confuso, e c\u00e2meras mostraram que foi gol contra de Marcelo Oliveira com a m\u00e3o. O lance fez o Gr\u00eamio for\u00e7ar mais, mas de nada adiantou: a equipe tricolor n\u00e3o conseguiu furar a defesa advers\u00e1ria e saiu de campo sabendo que tem muito trabalho pela frente.<\/p>\n<p class=\"text\">O irregular Gr\u00eamio aparece apenas na terceira posi\u00e7\u00e3o do Ga\u00facho, com seis pontos \u2013 duas vit\u00f3rias e duas derrotas. \u00c0 frente do time tricolor est\u00e3o o Ypiranga, com sete, e o l\u00edder Brasil de Pelotas, com 10 \u2013 ainda h\u00e1 v\u00e1rios jogos nesta rodada e o time de Felip\u00e3o pode cair ainda mais. A pr\u00f3xima rodada ter\u00e1 Gr\u00eamio x Veran\u00f3polis no s\u00e1bado, \u00e0s 17h (de Bras\u00edlia), e Novo Hamburgo x Brasil-RS, no mesmo dia, \u00e0s 18h.<\/p>\n","protected":false},"excerpt":{"rendered":"<p>O torcedor do Gr\u00eamio tem um in\u00edcio de 2015 para come\u00e7ar a temer o que vem pela frente no restante da temporada. Irregular com a sa\u00edda de v\u00e1rios jogadores e com a chegada de refor\u00e7os contestados, a equipe ainda n\u00e3o se encontrou no Campeonato Ga\u00facho. A partida desta quarta-feira foi um exemplo disso: contra o [&hellip;]<\/p>\n","protected":false},"author":2,"featured_media":36803,"comment_status":"open","ping_status":"closed","sticky":false,"template":"","format":"standard","meta":{"_acf_changed":false,"footnotes":""},"categories":[19,29],"tags":[],"class_list":["post-36802","post","type-post","status-publish","format-standard","has-post-thumbnail","hentry","category-esportes","category-futebol"],"acf":[],"yoast_head":"<!-- This site is optimized with the Yoast SEO plugin v27.2 - https:\/\/yoast.com\/product\/yoast-seo-wordpress\/ -->\n<title>Gr\u00eamio decepciona e perde em casa na despedida de Moreno - Notibras<\/title>\n<meta name=\"robots\" content=\"index, follow, max-snippet:-1, max-image-preview:large, max-video-preview:-1\" \/>\n<link rel=\"canonical\" href=\"https:\/\/www.notibras.com\/site\/gremio-decepciona-e-perde-em-casa-na-despedida-de-moreno\/\" \/>\n<meta property=\"og:locale\" content=\"pt_BR\" \/>\n<meta property=\"og:type\" content=\"article\" \/>\n<meta property=\"og:title\" content=\"Gr\u00eamio decepciona e perde em casa na despedida de Moreno - Notibras\" \/>\n<meta property=\"og:description\" content=\"O torcedor do Gr\u00eamio tem um in\u00edcio de 2015 para come\u00e7ar a temer o que vem pela frente no restante da temporada. Irregular com a sa\u00edda de v\u00e1rios jogadores e com a chegada de refor\u00e7os contestados, a equipe ainda n\u00e3o se encontrou no Campeonato Ga\u00facho. A partida desta quarta-feira foi um exemplo disso: contra o [&hellip;]\" \/>\n<meta property=\"og:url\" content=\"https:\/\/www.notibras.com\/site\/gremio-decepciona-e-perde-em-casa-na-despedida-de-moreno\/\" \/>\n<meta property=\"og:site_name\" content=\"Notibras\" \/>\n<meta property=\"article:publisher\" content=\"https:\/\/www.facebook.com\/notibras\/\" \/>\n<meta property=\"article:published_time\" content=\"2015-02-12T00:03:31+00:00\" \/>\n<meta property=\"og:image\" content=\"https:\/\/www.notibras.com\/site\/wp-content\/uploads\/2015\/02\/morenosobelucasuebelgremiofbpa.jpg\" \/>\n\t<meta property=\"og:image:width\" content=\"940\" \/>\n\t<meta property=\"og:image:height\" content=\"627\" \/>\n\t<meta property=\"og:image:type\" content=\"image\/jpeg\" \/>\n<meta name=\"author\" content=\"Reda\u00e7\u00e3o\" \/>\n<meta name=\"twitter:card\" content=\"summary_large_image\" \/>\n<meta name=\"twitter:creator\" content=\"@Notibras\" \/>\n<meta name=\"twitter:site\" content=\"@Notibras\" \/>\n<meta name=\"twitter:label1\" content=\"Escrito por\" \/>\n\t<meta name=\"twitter:data1\" content=\"Reda\u00e7\u00e3o\" \/>\n\t<meta name=\"twitter:label2\" content=\"Est. tempo de leitura\" \/>\n\t<meta name=\"twitter:data2\" content=\"2 minutos\" \/>\n<script type=\"application\/ld+json\" class=\"yoast-schema-graph\">{\"@context\":\"https:\/\/schema.org\",\"@graph\":[{\"@type\":\"Article\",\"@id\":\"https:\/\/www.notibras.com\/site\/gremio-decepciona-e-perde-em-casa-na-despedida-de-moreno\/#article\",\"isPartOf\":{\"@id\":\"https:\/\/www.notibras.com\/site\/gremio-decepciona-e-perde-em-casa-na-despedida-de-moreno\/\"},\"author\":{\"name\":\"Reda\u00e7\u00e3o\",\"@id\":\"https:\/\/www.notibras.com\/site\/#\/schema\/person\/36ab0979449956132d3e5b517ea76ac8\"},\"headline\":\"Gr\u00eamio decepciona e perde em casa na despedida de Moreno\",\"datePublished\":\"2015-02-12T00:03:31+00:00\",\"mainEntityOfPage\":{\"@id\":\"https:\/\/www.notibras.com\/site\/gremio-decepciona-e-perde-em-casa-na-despedida-de-moreno\/\"},\"wordCount\":433,\"commentCount\":0,\"publisher\":{\"@id\":\"https:\/\/www.notibras.com\/site\/#organization\"},\"image\":{\"@id\":\"https:\/\/www.notibras.com\/site\/gremio-decepciona-e-perde-em-casa-na-despedida-de-moreno\/#primaryimage\"},\"thumbnailUrl\":\"https:\/\/www.notibras.com\/site\/wp-content\/uploads\/2015\/02\/morenosobelucasuebelgremiofbpa.jpg\",\"articleSection\":[\"Esportes\",\"Futebol\"],\"inLanguage\":\"pt-BR\",\"potentialAction\":[{\"@type\":\"CommentAction\",\"name\":\"Comment\",\"target\":[\"https:\/\/www.notibras.com\/site\/gremio-decepciona-e-perde-em-casa-na-despedida-de-moreno\/#respond\"]}]},{\"@type\":\"WebPage\",\"@id\":\"https:\/\/www.notibras.com\/site\/gremio-decepciona-e-perde-em-casa-na-despedida-de-moreno\/\",\"url\":\"https:\/\/www.notibras.com\/site\/gremio-decepciona-e-perde-em-casa-na-despedida-de-moreno\/\",\"name\":\"Gr\u00eamio decepciona e perde em casa na despedida de Moreno - Notibras\",\"isPartOf\":{\"@id\":\"https:\/\/www.notibras.com\/site\/#website\"},\"primaryImageOfPage\":{\"@id\":\"https:\/\/www.notibras.com\/site\/gremio-decepciona-e-perde-em-casa-na-despedida-de-moreno\/#primaryimage\"},\"image\":{\"@id\":\"https:\/\/www.notibras.com\/site\/gremio-decepciona-e-perde-em-casa-na-despedida-de-moreno\/#primaryimage\"},\"thumbnailUrl\":\"https:\/\/www.notibras.com\/site\/wp-content\/uploads\/2015\/02\/morenosobelucasuebelgremiofbpa.jpg\",\"datePublished\":\"2015-02-12T00:03:31+00:00\",\"breadcrumb\":{\"@id\":\"https:\/\/www.notibras.com\/site\/gremio-decepciona-e-perde-em-casa-na-despedida-de-moreno\/#breadcrumb\"},\"inLanguage\":\"pt-BR\",\"potentialAction\":[{\"@type\":\"ReadAction\",\"target\":[\"https:\/\/www.notibras.com\/site\/gremio-decepciona-e-perde-em-casa-na-despedida-de-moreno\/\"]}]},{\"@type\":\"ImageObject\",\"inLanguage\":\"pt-BR\",\"@id\":\"https:\/\/www.notibras.com\/site\/gremio-decepciona-e-perde-em-casa-na-despedida-de-moreno\/#primaryimage\",\"url\":\"https:\/\/www.notibras.com\/site\/wp-content\/uploads\/2015\/02\/morenosobelucasuebelgremiofbpa.jpg\",\"contentUrl\":\"https:\/\/www.notibras.com\/site\/wp-content\/uploads\/2015\/02\/morenosobelucasuebelgremiofbpa.jpg\",\"width\":940,\"height\":627},{\"@type\":\"BreadcrumbList\",\"@id\":\"https:\/\/www.notibras.com\/site\/gremio-decepciona-e-perde-em-casa-na-despedida-de-moreno\/#breadcrumb\",\"itemListElement\":[{\"@type\":\"ListItem\",\"position\":1,\"name\":\"In\u00edcio\",\"item\":\"https:\/\/www.notibras.com\/site\/\"},{\"@type\":\"ListItem\",\"position\":2,\"name\":\"Gr\u00eamio decepciona e perde em casa na despedida de Moreno\"}]},{\"@type\":\"WebSite\",\"@id\":\"https:\/\/www.notibras.com\/site\/#website\",\"url\":\"https:\/\/www.notibras.com\/site\/\",\"name\":\"Notibras\",\"description\":\"Not\u00edcias de Bras\u00edlia, do Brasil e do Mundo\",\"publisher\":{\"@id\":\"https:\/\/www.notibras.com\/site\/#organization\"},\"potentialAction\":[{\"@type\":\"SearchAction\",\"target\":{\"@type\":\"EntryPoint\",\"urlTemplate\":\"https:\/\/www.notibras.com\/site\/?s={search_term_string}\"},\"query-input\":{\"@type\":\"PropertyValueSpecification\",\"valueRequired\":true,\"valueName\":\"search_term_string\"}}],\"inLanguage\":\"pt-BR\"},{\"@type\":\"Organization\",\"@id\":\"https:\/\/www.notibras.com\/site\/#organization\",\"name\":\"Grupo Notibras de Comunica\u00e7\u00e3o\",\"url\":\"https:\/\/www.notibras.com\/site\/\",\"logo\":{\"@type\":\"ImageObject\",\"inLanguage\":\"pt-BR\",\"@id\":\"https:\/\/www.notibras.com\/site\/#\/schema\/logo\/image\/\",\"url\":\"https:\/\/www.notibras.com\/site\/wp-content\/uploads\/2023\/01\/notibras23.png\",\"contentUrl\":\"https:\/\/www.notibras.com\/site\/wp-content\/uploads\/2023\/01\/notibras23.png\",\"width\":350,\"height\":87,\"caption\":\"Grupo Notibras de Comunica\u00e7\u00e3o\"},\"image\":{\"@id\":\"https:\/\/www.notibras.com\/site\/#\/schema\/logo\/image\/\"},\"sameAs\":[\"https:\/\/www.facebook.com\/notibras\/\",\"https:\/\/x.com\/Notibras\",\"https:\/\/www.instagram.com\/notibras\/\"]},{\"@type\":\"Person\",\"@id\":\"https:\/\/www.notibras.com\/site\/#\/schema\/person\/36ab0979449956132d3e5b517ea76ac8\",\"name\":\"Reda\u00e7\u00e3o\",\"image\":{\"@type\":\"ImageObject\",\"inLanguage\":\"pt-BR\",\"@id\":\"https:\/\/secure.gravatar.com\/avatar\/e0a867bdedb85fd243eadf09663511f96fc81e0720a4a42581f334ad4303aa6b?s=96&d=mm&r=g\",\"url\":\"https:\/\/secure.gravatar.com\/avatar\/e0a867bdedb85fd243eadf09663511f96fc81e0720a4a42581f334ad4303aa6b?s=96&d=mm&r=g\",\"contentUrl\":\"https:\/\/secure.gravatar.com\/avatar\/e0a867bdedb85fd243eadf09663511f96fc81e0720a4a42581f334ad4303aa6b?s=96&d=mm&r=g\",\"caption\":\"Reda\u00e7\u00e3o\"}}]}<\/script>\n<!-- \/ Yoast SEO plugin. -->","yoast_head_json":{"title":"Gr\u00eamio decepciona e perde em casa na despedida de Moreno - Notibras","robots":{"index":"index","follow":"follow","max-snippet":"max-snippet:-1","max-image-preview":"max-image-preview:large","max-video-preview":"max-video-preview:-1"},"canonical":"https:\/\/www.notibras.com\/site\/gremio-decepciona-e-perde-em-casa-na-despedida-de-moreno\/","og_locale":"pt_BR","og_type":"article","og_title":"Gr\u00eamio decepciona e perde em casa na despedida de Moreno - Notibras","og_description":"O torcedor do Gr\u00eamio tem um in\u00edcio de 2015 para come\u00e7ar a temer o que vem pela frente no restante da temporada. Irregular com a sa\u00edda de v\u00e1rios jogadores e com a chegada de refor\u00e7os contestados, a equipe ainda n\u00e3o se encontrou no Campeonato Ga\u00facho. A partida desta quarta-feira foi um exemplo disso: contra o [&hellip;]","og_url":"https:\/\/www.notibras.com\/site\/gremio-decepciona-e-perde-em-casa-na-despedida-de-moreno\/","og_site_name":"Notibras","article_publisher":"https:\/\/www.facebook.com\/notibras\/","article_published_time":"2015-02-12T00:03:31+00:00","og_image":[{"width":940,"height":627,"url":"https:\/\/www.notibras.com\/site\/wp-content\/uploads\/2015\/02\/morenosobelucasuebelgremiofbpa.jpg","type":"image\/jpeg"}],"author":"Reda\u00e7\u00e3o","twitter_card":"summary_large_image","twitter_creator":"@Notibras","twitter_site":"@Notibras","twitter_misc":{"Escrito por":"Reda\u00e7\u00e3o","Est. tempo de leitura":"2 minutos"},"schema":{"@context":"https:\/\/schema.org","@graph":[{"@type":"Article","@id":"https:\/\/www.notibras.com\/site\/gremio-decepciona-e-perde-em-casa-na-despedida-de-moreno\/#article","isPartOf":{"@id":"https:\/\/www.notibras.com\/site\/gremio-decepciona-e-perde-em-casa-na-despedida-de-moreno\/"},"author":{"name":"Reda\u00e7\u00e3o","@id":"https:\/\/www.notibras.com\/site\/#\/schema\/person\/36ab0979449956132d3e5b517ea76ac8"},"headline":"Gr\u00eamio decepciona e perde em casa na despedida de Moreno","datePublished":"2015-02-12T00:03:31+00:00","mainEntityOfPage":{"@id":"https:\/\/www.notibras.com\/site\/gremio-decepciona-e-perde-em-casa-na-despedida-de-moreno\/"},"wordCount":433,"commentCount":0,"publisher":{"@id":"https:\/\/www.notibras.com\/site\/#organization"},"image":{"@id":"https:\/\/www.notibras.com\/site\/gremio-decepciona-e-perde-em-casa-na-despedida-de-moreno\/#primaryimage"},"thumbnailUrl":"https:\/\/www.notibras.com\/site\/wp-content\/uploads\/2015\/02\/morenosobelucasuebelgremiofbpa.jpg","articleSection":["Esportes","Futebol"],"inLanguage":"pt-BR","potentialAction":[{"@type":"CommentAction","name":"Comment","target":["https:\/\/www.notibras.com\/site\/gremio-decepciona-e-perde-em-casa-na-despedida-de-moreno\/#respond"]}]},{"@type":"WebPage","@id":"https:\/\/www.notibras.com\/site\/gremio-decepciona-e-perde-em-casa-na-despedida-de-moreno\/","url":"https:\/\/www.notibras.com\/site\/gremio-decepciona-e-perde-em-casa-na-despedida-de-moreno\/","name":"Gr\u00eamio decepciona e perde em casa na despedida de Moreno - Notibras","isPartOf":{"@id":"https:\/\/www.notibras.com\/site\/#website"},"primaryImageOfPage":{"@id":"https:\/\/www.notibras.com\/site\/gremio-decepciona-e-perde-em-casa-na-despedida-de-moreno\/#primaryimage"},"image":{"@id":"https:\/\/www.notibras.com\/site\/gremio-decepciona-e-perde-em-casa-na-despedida-de-moreno\/#primaryimage"},"thumbnailUrl":"https:\/\/www.notibras.com\/site\/wp-content\/uploads\/2015\/02\/morenosobelucasuebelgremiofbpa.jpg","datePublished":"2015-02-12T00:03:31+00:00","breadcrumb":{"@id":"https:\/\/www.notibras.com\/site\/gremio-decepciona-e-perde-em-casa-na-despedida-de-moreno\/#breadcrumb"},"inLanguage":"pt-BR","potentialAction":[{"@type":"ReadAction","target":["https:\/\/www.notibras.com\/site\/gremio-decepciona-e-perde-em-casa-na-despedida-de-moreno\/"]}]},{"@type":"ImageObject","inLanguage":"pt-BR","@id":"https:\/\/www.notibras.com\/site\/gremio-decepciona-e-perde-em-casa-na-despedida-de-moreno\/#primaryimage","url":"https:\/\/www.notibras.com\/site\/wp-content\/uploads\/2015\/02\/morenosobelucasuebelgremiofbpa.jpg","contentUrl":"https:\/\/www.notibras.com\/site\/wp-content\/uploads\/2015\/02\/morenosobelucasuebelgremiofbpa.jpg","width":940,"height":627},{"@type":"BreadcrumbList","@id":"https:\/\/www.notibras.com\/site\/gremio-decepciona-e-perde-em-casa-na-despedida-de-moreno\/#breadcrumb","itemListElement":[{"@type":"ListItem","position":1,"name":"In\u00edcio","item":"https:\/\/www.notibras.com\/site\/"},{"@type":"ListItem","position":2,"name":"Gr\u00eamio decepciona e perde em casa na despedida de Moreno"}]},{"@type":"WebSite","@id":"https:\/\/www.notibras.com\/site\/#website","url":"https:\/\/www.notibras.com\/site\/","name":"Notibras","description":"Not\u00edcias de Bras\u00edlia, do Brasil e do Mundo","publisher":{"@id":"https:\/\/www.notibras.com\/site\/#organization"},"potentialAction":[{"@type":"SearchAction","target":{"@type":"EntryPoint","urlTemplate":"https:\/\/www.notibras.com\/site\/?s={search_term_string}"},"query-input":{"@type":"PropertyValueSpecification","valueRequired":true,"valueName":"search_term_string"}}],"inLanguage":"pt-BR"},{"@type":"Organization","@id":"https:\/\/www.notibras.com\/site\/#organization","name":"Grupo Notibras de Comunica\u00e7\u00e3o","url":"https:\/\/www.notibras.com\/site\/","logo":{"@type":"ImageObject","inLanguage":"pt-BR","@id":"https:\/\/www.notibras.com\/site\/#\/schema\/logo\/image\/","url":"https:\/\/www.notibras.com\/site\/wp-content\/uploads\/2023\/01\/notibras23.png","contentUrl":"https:\/\/www.notibras.com\/site\/wp-content\/uploads\/2023\/01\/notibras23.png","width":350,"height":87,"caption":"Grupo Notibras de Comunica\u00e7\u00e3o"},"image":{"@id":"https:\/\/www.notibras.com\/site\/#\/schema\/logo\/image\/"},"sameAs":["https:\/\/www.facebook.com\/notibras\/","https:\/\/x.com\/Notibras","https:\/\/www.instagram.com\/notibras\/"]},{"@type":"Person","@id":"https:\/\/www.notibras.com\/site\/#\/schema\/person\/36ab0979449956132d3e5b517ea76ac8","name":"Reda\u00e7\u00e3o","image":{"@type":"ImageObject","inLanguage":"pt-BR","@id":"https:\/\/secure.gravatar.com\/avatar\/e0a867bdedb85fd243eadf09663511f96fc81e0720a4a42581f334ad4303aa6b?s=96&d=mm&r=g","url":"https:\/\/secure.gravatar.com\/avatar\/e0a867bdedb85fd243eadf09663511f96fc81e0720a4a42581f334ad4303aa6b?s=96&d=mm&r=g","contentUrl":"https:\/\/secure.gravatar.com\/avatar\/e0a867bdedb85fd243eadf09663511f96fc81e0720a4a42581f334ad4303aa6b?s=96&d=mm&r=g","caption":"Reda\u00e7\u00e3o"}}]}},"amp_enabled":true,"_links":{"self":[{"href":"https:\/\/www.notibras.com\/site\/wp-json\/wp\/v2\/posts\/36802","targetHints":{"allow":["GET"]}}],"collection":[{"href":"https:\/\/www.notibras.com\/site\/wp-json\/wp\/v2\/posts"}],"about":[{"href":"https:\/\/www.notibras.com\/site\/wp-json\/wp\/v2\/types\/post"}],"author":[{"embeddable":true,"href":"https:\/\/www.notibras.com\/site\/wp-json\/wp\/v2\/users\/2"}],"replies":[{"embeddable":true,"href":"https:\/\/www.notibras.com\/site\/wp-json\/wp\/v2\/comments?post=36802"}],"version-history":[{"count":0,"href":"https:\/\/www.notibras.com\/site\/wp-json\/wp\/v2\/posts\/36802\/revisions"}],"wp:featuredmedia":[{"embeddable":true,"href":"https:\/\/www.notibras.com\/site\/wp-json\/wp\/v2\/media\/36803"}],"wp:attachment":[{"href":"https:\/\/www.notibras.com\/site\/wp-json\/wp\/v2\/media?parent=36802"}],"wp:term":[{"taxonomy":"category","embeddable":true,"href":"https:\/\/www.notibras.com\/site\/wp-json\/wp\/v2\/categories?post=36802"},{"taxonomy":"post_tag","embeddable":true,"href":"https:\/\/www.notibras.com\/site\/wp-json\/wp\/v2\/tags?post=36802"}],"curies":[{"name":"wp","href":"https:\/\/api.w.org\/{rel}","templated":true}]}}