{"id":368022,"date":"2025-10-21T00:00:37","date_gmt":"2025-10-21T03:00:37","guid":{"rendered":"https:\/\/www.notibras.com\/site\/?p=368022"},"modified":"2025-10-21T03:26:28","modified_gmt":"2025-10-21T06:26:28","slug":"motorista-relata-a-policia-falha-nos-freios-em-acidente-que-matou-17","status":"publish","type":"post","link":"https:\/\/www.notibras.com\/site\/motorista-relata-a-policia-falha-nos-freios-em-acidente-que-matou-17\/","title":{"rendered":"Motorista relata \u00e0 pol\u00edcia falha nos freios em acidente que matou 17"},"content":{"rendered":"<p>O motorista do \u00f4nibus envolvido no grave acidente que deixou 17 mortos e dezenas de feridos na madrugada de domingo (19), em uma rodovia de Pernambuco, afirmou em depoimento \u00e0 pol\u00edcia que o sistema de freios do ve\u00edculo apresentou falha momentos antes da colis\u00e3o. O ve\u00edculo transportava passageiros que retornavam de uma excurs\u00e3o religiosa quando perdeu o controle e tombou em uma curva da BR-232, na altura do munic\u00edpio de Arcoverde, no Sert\u00e3o do estado.<\/p>\n<p>De acordo com informa\u00e7\u00f5es da Pol\u00edcia Rodovi\u00e1ria Federal (PRF), o motorista, identificado como Jos\u00e9 Raimundo da Silva, de 45 anos, relatou que tentou reduzir a velocidade ao se aproximar de um trecho de descida, mas percebeu que os freios n\u00e3o estavam respondendo. \u201cEle contou que puxou o freio de m\u00e3o e tentou jogar o ve\u00edculo para o acostamento, mas o \u00f4nibus acabou tombando e capotando ap\u00f3s bater no barranco\u201d, explicou o inspetor Carlos J\u00fanior, da PRF.<\/p>\n<p>O impacto foi t\u00e3o forte que parte do \u00f4nibus ficou destru\u00edda. Equipes do Corpo de Bombeiros, Samu e Defesa Civil trabalharam durante toda a madrugada no resgate das v\u00edtimas. As pessoas feridas foram levadas para hospitais de Arcoverde, Caruaru e Recife.<\/p>\n<p>A Pol\u00edcia Civil de Pernambuco instaurou um inqu\u00e9rito para investigar as causas do acidente, e peritos do Instituto de Criminal\u00edstica realizaram uma per\u00edcia detalhada no local. O \u00f4nibus foi removido na manh\u00e3 desta segunda-feira e passar\u00e1 por vistoria mec\u00e2nica para confirmar se houve realmente falha no sistema de freios.<\/p>\n<p>Segundo a Ag\u00eancia Nacional de Transportes Terrestres (ANTT), o ve\u00edculo pertencia \u00e0 empresa Rota do Sert\u00e3o Turismo, que tinha autoriza\u00e7\u00e3o para transporte fretado, mas a documenta\u00e7\u00e3o ser\u00e1 reavaliada. \u201cVamos apurar se o \u00f4nibus estava com a manuten\u00e7\u00e3o em dia e se respeitava os prazos de inspe\u00e7\u00e3o obrigat\u00f3ria\u201d, afirmou a ag\u00eancia em nota.<\/p>\n<p>Familiares das v\u00edtimas estiveram no Instituto de Medicina Legal (IML) de Caruaru para reconhecimento dos corpos. O clima foi de como\u00e7\u00e3o e revolta. \u201cMinha irm\u00e3 saiu feliz para a viagem e agora a gente est\u00e1 aqui sem acreditar no que aconteceu\u201d, disse emocionada Maria do Carmo, parente de uma das v\u00edtimas.<\/p>\n<p>O governador de Pernambuco, Jo\u00e3o Campos, decretou luto oficial de tr\u00eas dias e determinou apoio psicol\u00f3gico e log\u00edstico \u00e0s fam\u00edlias. \u201c\u00c9 uma trag\u00e9dia que entristece todo o estado. Estamos acompanhando as investiga\u00e7\u00f5es e cobrando respostas r\u00e1pidas sobre o que provocou esse acidente\u201d, afirmou o governador em nota oficial.<\/p>\n<p>As investiga\u00e7\u00f5es devem contar com o apoio de engenheiros mec\u00e2nicos e peritos em transporte rodovi\u00e1rio. Caso seja comprovada neglig\u00eancia na manuten\u00e7\u00e3o do ve\u00edculo, os respons\u00e1veis poder\u00e3o responder por homic\u00eddio culposo e les\u00e3o corporal culposa no tr\u00e2nsito.<\/p>\n<p>Enquanto isso, a PRF refor\u00e7ou o alerta para que empresas de transporte realizem inspe\u00e7\u00f5es preventivas e mantenham revis\u00f5es peri\u00f3dicas, especialmente em ve\u00edculos que trafegam em longas dist\u00e2ncias e estradas de serra.<\/p>\n<p>\u201cUma falha mec\u00e2nica pode ser fatal quando se transporta dezenas de passageiros. \u00c9 essencial garantir que os \u00f4nibus estejam em perfeitas condi\u00e7\u00f5es de seguran\u00e7a antes de sair para viagem\u201d, alertou o inspetor Carlos J\u00fanior.<\/p>\n<p>O acidente \u00e9 considerado um dos mais graves registrados nas rodovias de Pernambuco nos \u00faltimos anos, reacendendo o debate sobre a fiscaliza\u00e7\u00e3o e as condi\u00e7\u00f5es de transporte rodovi\u00e1rio de passageiros no pa\u00eds.<\/p>\n","protected":false},"excerpt":{"rendered":"<p>O motorista do \u00f4nibus envolvido no grave acidente que deixou 17 mortos e dezenas de feridos na madrugada de domingo (19), em uma rodovia de Pernambuco, afirmou em depoimento \u00e0 pol\u00edcia que o sistema de freios do ve\u00edculo apresentou falha momentos antes da colis\u00e3o. O ve\u00edculo transportava passageiros que retornavam de uma excurs\u00e3o religiosa quando [&hellip;]<\/p>\n","protected":false},"author":2,"featured_media":368023,"comment_status":"closed","ping_status":"closed","sticky":false,"template":"","format":"standard","meta":{"_acf_changed":false,"footnotes":""},"categories":[165],"tags":[],"class_list":["post-368022","post","type-post","status-publish","format-standard","has-post-thumbnail","hentry","category-nordeste"],"acf":[],"_links":{"self":[{"href":"https:\/\/www.notibras.com\/site\/wp-json\/wp\/v2\/posts\/368022","targetHints":{"allow":["GET"]}}],"collection":[{"href":"https:\/\/www.notibras.com\/site\/wp-json\/wp\/v2\/posts"}],"about":[{"href":"https:\/\/www.notibras.com\/site\/wp-json\/wp\/v2\/types\/post"}],"author":[{"embeddable":true,"href":"https:\/\/www.notibras.com\/site\/wp-json\/wp\/v2\/users\/2"}],"replies":[{"embeddable":true,"href":"https:\/\/www.notibras.com\/site\/wp-json\/wp\/v2\/comments?post=368022"}],"version-history":[{"count":1,"href":"https:\/\/www.notibras.com\/site\/wp-json\/wp\/v2\/posts\/368022\/revisions"}],"predecessor-version":[{"id":368024,"href":"https:\/\/www.notibras.com\/site\/wp-json\/wp\/v2\/posts\/368022\/revisions\/368024"}],"wp:featuredmedia":[{"embeddable":true,"href":"https:\/\/www.notibras.com\/site\/wp-json\/wp\/v2\/media\/368023"}],"wp:attachment":[{"href":"https:\/\/www.notibras.com\/site\/wp-json\/wp\/v2\/media?parent=368022"}],"wp:term":[{"taxonomy":"category","embeddable":true,"href":"https:\/\/www.notibras.com\/site\/wp-json\/wp\/v2\/categories?post=368022"},{"taxonomy":"post_tag","embeddable":true,"href":"https:\/\/www.notibras.com\/site\/wp-json\/wp\/v2\/tags?post=368022"}],"curies":[{"name":"wp","href":"https:\/\/api.w.org\/{rel}","templated":true}]}}