{"id":368025,"date":"2025-10-21T03:00:36","date_gmt":"2025-10-21T06:00:36","guid":{"rendered":"https:\/\/www.notibras.com\/site\/?p=368025"},"modified":"2025-10-21T03:38:50","modified_gmt":"2025-10-21T06:38:50","slug":"nordeste-vive-desigualdade-agucada-com-impacto-da-crise-economica","status":"publish","type":"post","link":"https:\/\/www.notibras.com\/site\/nordeste-vive-desigualdade-agucada-com-impacto-da-crise-economica\/","title":{"rendered":"Nordeste vive desigualdade agu\u00e7ada com impacto da crise econ\u00f4mica"},"content":{"rendered":"<p>O sol ainda nasce com a mesma for\u00e7a no sert\u00e3o. A terra continua a rachar sob o peso da seca, e o vento, teimoso, sopra poeira e esperan\u00e7a misturadas. Mas h\u00e1 algo diferente no ar \u2014 uma sensa\u00e7\u00e3o de cansa\u00e7o que vai al\u00e9m do calor. \u00c9 o peso de uma desigualdade que se tornou mais funda, mais dura, mais cruel.<\/p>\n<p>A crise econ\u00f4mica, que chega pelas manchetes e pelos n\u00fameros frios, aqui tem rosto, nome e fome. Nas feiras, o que antes era barulho e vida virou sil\u00eancio e escassez. As bancas est\u00e3o mais vazias, e o povo aprendeu a medir o que compra em \u201cmetade\u201d \u2014 meio quilo de arroz, meio litro de \u00f3leo, meio sonho de dias melhores.<\/p>\n<p>O sertanejo, que j\u00e1 enfrenta a seca com coragem ancestral, agora luta tamb\u00e9m contra um tempo de incertezas. O dinheiro que n\u00e3o chega, o trabalho que some, o aux\u00edlio que atrasa. E, no meio disso tudo, a for\u00e7a de continuar \u2014 de plantar mesmo sabendo que talvez n\u00e3o colha, de sorrir mesmo com o prato vazio.<\/p>\n<p>Mas o Nordeste n\u00e3o \u00e9 s\u00f3 dor. \u00c9 tamb\u00e9m resist\u00eancia. \u00c9 o povo que transforma barro em arte, seca em can\u00e7\u00e3o, e adversidade em f\u00e9. \u00c9 a mulher que, com as m\u00e3os calejadas, ainda encontra tempo pra bordar flores em panos simples \u2014 lembrando a todos que beleza tamb\u00e9m nasce da dureza.<\/p>\n<p>A crise veio como uma ventania, levando o pouco que muitos tinham. Mas o que ela n\u00e3o levou \u2014 e nunca levar\u00e1 \u2014 \u00e9 o esp\u00edrito de quem insiste em viver, mesmo quando o mundo parece desabar. No Nordeste, a desigualdade d\u00f3i, mas a esperan\u00e7a ainda respira, firme como o mandacaru que floresce na aridez do sert\u00e3o<\/p>\n","protected":false},"excerpt":{"rendered":"<p>O sol ainda nasce com a mesma for\u00e7a no sert\u00e3o. A terra continua a rachar sob o peso da seca, e o vento, teimoso, sopra poeira e esperan\u00e7a misturadas. Mas h\u00e1 algo diferente no ar \u2014 uma sensa\u00e7\u00e3o de cansa\u00e7o que vai al\u00e9m do calor. \u00c9 o peso de uma desigualdade que se tornou mais [&hellip;]<\/p>\n","protected":false},"author":2,"featured_media":368026,"comment_status":"closed","ping_status":"closed","sticky":false,"template":"","format":"standard","meta":{"_acf_changed":false,"footnotes":""},"categories":[165],"tags":[],"class_list":["post-368025","post","type-post","status-publish","format-standard","has-post-thumbnail","hentry","category-nordeste"],"acf":[],"_links":{"self":[{"href":"https:\/\/www.notibras.com\/site\/wp-json\/wp\/v2\/posts\/368025","targetHints":{"allow":["GET"]}}],"collection":[{"href":"https:\/\/www.notibras.com\/site\/wp-json\/wp\/v2\/posts"}],"about":[{"href":"https:\/\/www.notibras.com\/site\/wp-json\/wp\/v2\/types\/post"}],"author":[{"embeddable":true,"href":"https:\/\/www.notibras.com\/site\/wp-json\/wp\/v2\/users\/2"}],"replies":[{"embeddable":true,"href":"https:\/\/www.notibras.com\/site\/wp-json\/wp\/v2\/comments?post=368025"}],"version-history":[{"count":1,"href":"https:\/\/www.notibras.com\/site\/wp-json\/wp\/v2\/posts\/368025\/revisions"}],"predecessor-version":[{"id":368027,"href":"https:\/\/www.notibras.com\/site\/wp-json\/wp\/v2\/posts\/368025\/revisions\/368027"}],"wp:featuredmedia":[{"embeddable":true,"href":"https:\/\/www.notibras.com\/site\/wp-json\/wp\/v2\/media\/368026"}],"wp:attachment":[{"href":"https:\/\/www.notibras.com\/site\/wp-json\/wp\/v2\/media?parent=368025"}],"wp:term":[{"taxonomy":"category","embeddable":true,"href":"https:\/\/www.notibras.com\/site\/wp-json\/wp\/v2\/categories?post=368025"},{"taxonomy":"post_tag","embeddable":true,"href":"https:\/\/www.notibras.com\/site\/wp-json\/wp\/v2\/tags?post=368025"}],"curies":[{"name":"wp","href":"https:\/\/api.w.org\/{rel}","templated":true}]}}