{"id":368061,"date":"2025-10-22T02:08:44","date_gmt":"2025-10-22T05:08:44","guid":{"rendered":"https:\/\/www.notibras.com\/site\/?p=368061"},"modified":"2025-10-21T20:09:39","modified_gmt":"2025-10-21T23:09:39","slug":"historia-fe-e-filosofia-do-simbolo-milenar-da-india","status":"publish","type":"post","link":"https:\/\/www.notibras.com\/site\/historia-fe-e-filosofia-do-simbolo-milenar-da-india\/","title":{"rendered":"Hist\u00f3ria, f\u00e9 e filosofia do s\u00edmbolo milenar da \u00cdndia"},"content":{"rendered":"<p>Na \u00cdndia, a vaca n\u00e3o \u00e9 apenas um animal. \u00c9 um arqu\u00e9tipo de pureza, um elo entre o humano e o divino, e um s\u00edmbolo vivo de ahimsa \u2014 o princ\u00edpio da n\u00e3o viol\u00eancia. Ao caminhar livremente pelas ruas ca\u00f3ticas de D\u00e9lhi ou Varanasi, entre templos, mercados e buzinas, a vaca parece flutuar acima das hierarquias humanas, venerada com a paci\u00eancia que o tempo consagrou em mil\u00eanios de espiritualidade.<\/p>\n<p>A sacralidade da vaca remonta aos Vedas, textos sagrados compostos entre 1500 e 500 a.C., que formam o alicerce do hindu\u00edsmo. Neles, a vaca era vista como um presente dos deuses, s\u00edmbolo de fertilidade, abund\u00e2ncia e prosperidade. O leite, a manteiga clarificada (ghee) e o esterco, usados em rituais e na vida cotidiana, refor\u00e7avam a ideia de que a vaca oferecia tudo sem pedir nada \u2014 uma met\u00e1fora perfeita da generosidade divina.<\/p>\n<p>No Rig Veda, a vaca \u00e9 chamada de Aghnya, \u201ca que n\u00e3o deve ser morta\u201d. Essa no\u00e7\u00e3o se consolidou nos s\u00e9culos seguintes, quando o sacrif\u00edcio animal, comum nas pr\u00e1ticas v\u00e9dicas antigas, foi sendo substitu\u00eddo por rituais simb\u00f3licos de oferenda. A vaca passou, ent\u00e3o, de instrumento ritual a s\u00edmbolo moral.<\/p>\n<p>Na mitologia hindu, a imagem de Krishna \u2014 o deus azul e jovial \u2014 tocando sua flauta entre rebanhos de vacas \u00e9 uma das mais amadas e reproduzidas. Krishna \u00e9 o \u201cGopala\u201d, o protetor das vacas, e sua juventude entre pastores simboliza a harmonia entre o homem e a natureza.<\/p>\n<p>Cuidar da vaca tornou-se, assim, um ato de devo\u00e7\u00e3o. A vaca passou a ser vista como a m\u00e3e universal \u2014 \u201cGau Mata\u201d, a M\u00e3e Vaca \u2014 fonte de alimento, pureza e sustento espiritual.<\/p>\n<p>Com o advento do jainismo e do budismo, a ideia de ahimsa (n\u00e3o viol\u00eancia) ganhou for\u00e7a. No hindu\u00edsmo, ela se entrela\u00e7ou \u00e0 venera\u00e7\u00e3o da vaca: respeitar o animal era respeitar a vida.<\/p>\n<p>S\u00e9culos depois, Mahatma Gandhi, l\u00edder espiritual e pol\u00edtico, reafirmou essa devo\u00e7\u00e3o como um pilar \u00e9tico da \u00cdndia moderna. \u201cProteger a vaca \u00e9 o s\u00edmbolo externo da prote\u00e7\u00e3o de toda a vida fraca e indefesa da Terra\u201d, dizia. Para Gandhi, a vaca representava o amor que n\u00e3o exclui ningu\u00e9m \u2014 nem o homem, nem a natureza.<\/p>\n<p>Nos s\u00e9culos XX e XXI, a sacralidade da vaca extrapolou a esfera espiritual. Grupos nacionalistas hindus passaram a usar o culto \u00e0 vaca como instrumento de identidade cultural e pol\u00edtica, frequentemente em oposi\u00e7\u00e3o a comunidades mu\u00e7ulmanas e crist\u00e3s, que consomem carne bovina. Em alguns estados da \u00cdndia, matar ou vender vacas \u00e9 crime punido com pris\u00e3o.<\/p>\n<p>Essas tens\u00f5es mostram como um s\u00edmbolo de compaix\u00e3o pode, paradoxalmente, tornar-se fonte de conflito. O que antes era devo\u00e7\u00e3o transformou-se, em certos contextos, em bandeira ideol\u00f3gica.<\/p>\n<p>Mesmo em meio \u00e0 moderniza\u00e7\u00e3o e \u00e0 globaliza\u00e7\u00e3o, as vacas continuam onipresentes nas ruas indianas. Alimentadas por comerciantes e devotos, elas caminham lentas entre carros, templos e mercados, lembrando aos transeuntes a presen\u00e7a do sagrado na vida comum.<\/p>\n<p>Em vilarejos, seu esterco ainda serve como combust\u00edvel, o leite \u00e9 usado em rituais e o toque em sua fronte \u00e9 gesto de b\u00ean\u00e7\u00e3o. H\u00e1 templos dedicados exclusivamente \u00e0s vacas, e asilos \u2014 conhecidos como gaushalas \u2014 onde elas s\u00e3o cuidadas at\u00e9 a morte natural.<\/p>\n<p>A vaca, na \u00cdndia, n\u00e3o \u00e9 venerada por sua utilidade, mas por seu esp\u00edrito. \u00c9 a representa\u00e7\u00e3o do equil\u00edbrio entre a terra e o c\u00e9u, da gratid\u00e3o e da doa\u00e7\u00e3o, do respeito \u00e0 vida e ao ciclo natural.<\/p>\n<p>Num mundo cada vez mais apressado, em que tudo \u00e9 medido por produtividade, a vaca sagrada permanece como lembrete silencioso de uma filosofia milenar: a de que a verdadeira riqueza n\u00e3o est\u00e1 no que se consome, mas no que se respeita.<\/p>\n<p>&#8230;&#8230;&#8230;&#8230;&#8230;&#8230;&#8230;&#8230;<\/p>\n<p><strong>Anabelle Santa\u2019cruz \u00e9 Editora de Or\u00e1culos<\/strong><\/p>\n","protected":false},"excerpt":{"rendered":"<p>Na \u00cdndia, a vaca n\u00e3o \u00e9 apenas um animal. \u00c9 um arqu\u00e9tipo de pureza, um elo entre o humano e o divino, e um s\u00edmbolo vivo de ahimsa \u2014 o princ\u00edpio da n\u00e3o viol\u00eancia. Ao caminhar livremente pelas ruas ca\u00f3ticas de D\u00e9lhi ou Varanasi, entre templos, mercados e buzinas, a vaca parece flutuar acima das [&hellip;]<\/p>\n","protected":false},"author":2,"featured_media":368062,"comment_status":"closed","ping_status":"closed","sticky":false,"template":"","format":"standard","meta":{"_acf_changed":false,"footnotes":""},"categories":[237],"tags":[],"class_list":["post-368061","post","type-post","status-publish","format-standard","has-post-thumbnail","hentry","category-oraculos"],"acf":[],"yoast_head":"<!-- This site is optimized with the Yoast SEO plugin v27.2 - https:\/\/yoast.com\/product\/yoast-seo-wordpress\/ -->\n<title>Hist\u00f3ria, f\u00e9 e filosofia do s\u00edmbolo milenar da \u00cdndia - Notibras<\/title>\n<meta name=\"robots\" content=\"index, follow, max-snippet:-1, max-image-preview:large, max-video-preview:-1\" \/>\n<link rel=\"canonical\" href=\"https:\/\/www.notibras.com\/site\/historia-fe-e-filosofia-do-simbolo-milenar-da-india\/\" \/>\n<meta property=\"og:locale\" content=\"pt_BR\" \/>\n<meta property=\"og:type\" content=\"article\" \/>\n<meta property=\"og:title\" content=\"Hist\u00f3ria, f\u00e9 e filosofia do s\u00edmbolo milenar da \u00cdndia - Notibras\" \/>\n<meta property=\"og:description\" content=\"Na \u00cdndia, a vaca n\u00e3o \u00e9 apenas um animal. \u00c9 um arqu\u00e9tipo de pureza, um elo entre o humano e o divino, e um s\u00edmbolo vivo de ahimsa \u2014 o princ\u00edpio da n\u00e3o viol\u00eancia. Ao caminhar livremente pelas ruas ca\u00f3ticas de D\u00e9lhi ou Varanasi, entre templos, mercados e buzinas, a vaca parece flutuar acima das [&hellip;]\" \/>\n<meta property=\"og:url\" content=\"https:\/\/www.notibras.com\/site\/historia-fe-e-filosofia-do-simbolo-milenar-da-india\/\" \/>\n<meta property=\"og:site_name\" content=\"Notibras\" \/>\n<meta property=\"article:publisher\" content=\"https:\/\/www.facebook.com\/notibras\/\" \/>\n<meta property=\"article:published_time\" content=\"2025-10-22T05:08:44+00:00\" \/>\n<meta property=\"og:image\" content=\"https:\/\/www.notibras.com\/site\/wp-content\/uploads\/2025\/10\/a772e59b-d0ae-44d5-8289-94300dcf986f-683x1024.png\" \/>\n\t<meta property=\"og:image:width\" content=\"683\" \/>\n\t<meta property=\"og:image:height\" content=\"1024\" \/>\n\t<meta property=\"og:image:type\" content=\"image\/png\" \/>\n<meta name=\"author\" content=\"Reda\u00e7\u00e3o\" \/>\n<meta name=\"twitter:card\" content=\"summary_large_image\" \/>\n<meta name=\"twitter:creator\" content=\"@Notibras\" \/>\n<meta name=\"twitter:site\" content=\"@Notibras\" \/>\n<meta name=\"twitter:label1\" content=\"Escrito por\" \/>\n\t<meta name=\"twitter:data1\" content=\"Reda\u00e7\u00e3o\" \/>\n\t<meta name=\"twitter:label2\" content=\"Est. tempo de leitura\" \/>\n\t<meta name=\"twitter:data2\" content=\"4 minutos\" \/>\n<script type=\"application\/ld+json\" class=\"yoast-schema-graph\">{\"@context\":\"https:\/\/schema.org\",\"@graph\":[{\"@type\":\"Article\",\"@id\":\"https:\/\/www.notibras.com\/site\/historia-fe-e-filosofia-do-simbolo-milenar-da-india\/#article\",\"isPartOf\":{\"@id\":\"https:\/\/www.notibras.com\/site\/historia-fe-e-filosofia-do-simbolo-milenar-da-india\/\"},\"author\":{\"name\":\"Reda\u00e7\u00e3o\",\"@id\":\"https:\/\/www.notibras.com\/site\/#\/schema\/person\/36ab0979449956132d3e5b517ea76ac8\"},\"headline\":\"Hist\u00f3ria, f\u00e9 e filosofia do s\u00edmbolo milenar da \u00cdndia\",\"datePublished\":\"2025-10-22T05:08:44+00:00\",\"mainEntityOfPage\":{\"@id\":\"https:\/\/www.notibras.com\/site\/historia-fe-e-filosofia-do-simbolo-milenar-da-india\/\"},\"wordCount\":663,\"publisher\":{\"@id\":\"https:\/\/www.notibras.com\/site\/#organization\"},\"image\":{\"@id\":\"https:\/\/www.notibras.com\/site\/historia-fe-e-filosofia-do-simbolo-milenar-da-india\/#primaryimage\"},\"thumbnailUrl\":\"https:\/\/www.notibras.com\/site\/wp-content\/uploads\/2025\/10\/a772e59b-d0ae-44d5-8289-94300dcf986f.png\",\"articleSection\":[\"Or\u00e1culos\"],\"inLanguage\":\"pt-BR\"},{\"@type\":\"WebPage\",\"@id\":\"https:\/\/www.notibras.com\/site\/historia-fe-e-filosofia-do-simbolo-milenar-da-india\/\",\"url\":\"https:\/\/www.notibras.com\/site\/historia-fe-e-filosofia-do-simbolo-milenar-da-india\/\",\"name\":\"Hist\u00f3ria, f\u00e9 e filosofia do s\u00edmbolo milenar da \u00cdndia - Notibras\",\"isPartOf\":{\"@id\":\"https:\/\/www.notibras.com\/site\/#website\"},\"primaryImageOfPage\":{\"@id\":\"https:\/\/www.notibras.com\/site\/historia-fe-e-filosofia-do-simbolo-milenar-da-india\/#primaryimage\"},\"image\":{\"@id\":\"https:\/\/www.notibras.com\/site\/historia-fe-e-filosofia-do-simbolo-milenar-da-india\/#primaryimage\"},\"thumbnailUrl\":\"https:\/\/www.notibras.com\/site\/wp-content\/uploads\/2025\/10\/a772e59b-d0ae-44d5-8289-94300dcf986f.png\",\"datePublished\":\"2025-10-22T05:08:44+00:00\",\"breadcrumb\":{\"@id\":\"https:\/\/www.notibras.com\/site\/historia-fe-e-filosofia-do-simbolo-milenar-da-india\/#breadcrumb\"},\"inLanguage\":\"pt-BR\",\"potentialAction\":[{\"@type\":\"ReadAction\",\"target\":[\"https:\/\/www.notibras.com\/site\/historia-fe-e-filosofia-do-simbolo-milenar-da-india\/\"]}]},{\"@type\":\"ImageObject\",\"inLanguage\":\"pt-BR\",\"@id\":\"https:\/\/www.notibras.com\/site\/historia-fe-e-filosofia-do-simbolo-milenar-da-india\/#primaryimage\",\"url\":\"https:\/\/www.notibras.com\/site\/wp-content\/uploads\/2025\/10\/a772e59b-d0ae-44d5-8289-94300dcf986f.png\",\"contentUrl\":\"https:\/\/www.notibras.com\/site\/wp-content\/uploads\/2025\/10\/a772e59b-d0ae-44d5-8289-94300dcf986f.png\",\"width\":1024,\"height\":1536},{\"@type\":\"BreadcrumbList\",\"@id\":\"https:\/\/www.notibras.com\/site\/historia-fe-e-filosofia-do-simbolo-milenar-da-india\/#breadcrumb\",\"itemListElement\":[{\"@type\":\"ListItem\",\"position\":1,\"name\":\"In\u00edcio\",\"item\":\"https:\/\/www.notibras.com\/site\/\"},{\"@type\":\"ListItem\",\"position\":2,\"name\":\"Hist\u00f3ria, f\u00e9 e filosofia do s\u00edmbolo milenar da \u00cdndia\"}]},{\"@type\":\"WebSite\",\"@id\":\"https:\/\/www.notibras.com\/site\/#website\",\"url\":\"https:\/\/www.notibras.com\/site\/\",\"name\":\"Notibras\",\"description\":\"Not\u00edcias de Bras\u00edlia, do Brasil e do Mundo\",\"publisher\":{\"@id\":\"https:\/\/www.notibras.com\/site\/#organization\"},\"potentialAction\":[{\"@type\":\"SearchAction\",\"target\":{\"@type\":\"EntryPoint\",\"urlTemplate\":\"https:\/\/www.notibras.com\/site\/?s={search_term_string}\"},\"query-input\":{\"@type\":\"PropertyValueSpecification\",\"valueRequired\":true,\"valueName\":\"search_term_string\"}}],\"inLanguage\":\"pt-BR\"},{\"@type\":\"Organization\",\"@id\":\"https:\/\/www.notibras.com\/site\/#organization\",\"name\":\"Grupo Notibras de Comunica\u00e7\u00e3o\",\"url\":\"https:\/\/www.notibras.com\/site\/\",\"logo\":{\"@type\":\"ImageObject\",\"inLanguage\":\"pt-BR\",\"@id\":\"https:\/\/www.notibras.com\/site\/#\/schema\/logo\/image\/\",\"url\":\"https:\/\/www.notibras.com\/site\/wp-content\/uploads\/2023\/01\/notibras23.png\",\"contentUrl\":\"https:\/\/www.notibras.com\/site\/wp-content\/uploads\/2023\/01\/notibras23.png\",\"width\":350,\"height\":87,\"caption\":\"Grupo Notibras de Comunica\u00e7\u00e3o\"},\"image\":{\"@id\":\"https:\/\/www.notibras.com\/site\/#\/schema\/logo\/image\/\"},\"sameAs\":[\"https:\/\/www.facebook.com\/notibras\/\",\"https:\/\/x.com\/Notibras\",\"https:\/\/www.instagram.com\/notibras\/\"]},{\"@type\":\"Person\",\"@id\":\"https:\/\/www.notibras.com\/site\/#\/schema\/person\/36ab0979449956132d3e5b517ea76ac8\",\"name\":\"Reda\u00e7\u00e3o\",\"image\":{\"@type\":\"ImageObject\",\"inLanguage\":\"pt-BR\",\"@id\":\"https:\/\/secure.gravatar.com\/avatar\/e0a867bdedb85fd243eadf09663511f96fc81e0720a4a42581f334ad4303aa6b?s=96&d=mm&r=g\",\"url\":\"https:\/\/secure.gravatar.com\/avatar\/e0a867bdedb85fd243eadf09663511f96fc81e0720a4a42581f334ad4303aa6b?s=96&d=mm&r=g\",\"contentUrl\":\"https:\/\/secure.gravatar.com\/avatar\/e0a867bdedb85fd243eadf09663511f96fc81e0720a4a42581f334ad4303aa6b?s=96&d=mm&r=g\",\"caption\":\"Reda\u00e7\u00e3o\"}}]}<\/script>\n<!-- \/ Yoast SEO plugin. -->","yoast_head_json":{"title":"Hist\u00f3ria, f\u00e9 e filosofia do s\u00edmbolo milenar da \u00cdndia - Notibras","robots":{"index":"index","follow":"follow","max-snippet":"max-snippet:-1","max-image-preview":"max-image-preview:large","max-video-preview":"max-video-preview:-1"},"canonical":"https:\/\/www.notibras.com\/site\/historia-fe-e-filosofia-do-simbolo-milenar-da-india\/","og_locale":"pt_BR","og_type":"article","og_title":"Hist\u00f3ria, f\u00e9 e filosofia do s\u00edmbolo milenar da \u00cdndia - Notibras","og_description":"Na \u00cdndia, a vaca n\u00e3o \u00e9 apenas um animal. \u00c9 um arqu\u00e9tipo de pureza, um elo entre o humano e o divino, e um s\u00edmbolo vivo de ahimsa \u2014 o princ\u00edpio da n\u00e3o viol\u00eancia. Ao caminhar livremente pelas ruas ca\u00f3ticas de D\u00e9lhi ou Varanasi, entre templos, mercados e buzinas, a vaca parece flutuar acima das [&hellip;]","og_url":"https:\/\/www.notibras.com\/site\/historia-fe-e-filosofia-do-simbolo-milenar-da-india\/","og_site_name":"Notibras","article_publisher":"https:\/\/www.facebook.com\/notibras\/","article_published_time":"2025-10-22T05:08:44+00:00","og_image":[{"width":683,"height":1024,"url":"https:\/\/www.notibras.com\/site\/wp-content\/uploads\/2025\/10\/a772e59b-d0ae-44d5-8289-94300dcf986f-683x1024.png","type":"image\/png"}],"author":"Reda\u00e7\u00e3o","twitter_card":"summary_large_image","twitter_creator":"@Notibras","twitter_site":"@Notibras","twitter_misc":{"Escrito por":"Reda\u00e7\u00e3o","Est. tempo de leitura":"4 minutos"},"schema":{"@context":"https:\/\/schema.org","@graph":[{"@type":"Article","@id":"https:\/\/www.notibras.com\/site\/historia-fe-e-filosofia-do-simbolo-milenar-da-india\/#article","isPartOf":{"@id":"https:\/\/www.notibras.com\/site\/historia-fe-e-filosofia-do-simbolo-milenar-da-india\/"},"author":{"name":"Reda\u00e7\u00e3o","@id":"https:\/\/www.notibras.com\/site\/#\/schema\/person\/36ab0979449956132d3e5b517ea76ac8"},"headline":"Hist\u00f3ria, f\u00e9 e filosofia do s\u00edmbolo milenar da \u00cdndia","datePublished":"2025-10-22T05:08:44+00:00","mainEntityOfPage":{"@id":"https:\/\/www.notibras.com\/site\/historia-fe-e-filosofia-do-simbolo-milenar-da-india\/"},"wordCount":663,"publisher":{"@id":"https:\/\/www.notibras.com\/site\/#organization"},"image":{"@id":"https:\/\/www.notibras.com\/site\/historia-fe-e-filosofia-do-simbolo-milenar-da-india\/#primaryimage"},"thumbnailUrl":"https:\/\/www.notibras.com\/site\/wp-content\/uploads\/2025\/10\/a772e59b-d0ae-44d5-8289-94300dcf986f.png","articleSection":["Or\u00e1culos"],"inLanguage":"pt-BR"},{"@type":"WebPage","@id":"https:\/\/www.notibras.com\/site\/historia-fe-e-filosofia-do-simbolo-milenar-da-india\/","url":"https:\/\/www.notibras.com\/site\/historia-fe-e-filosofia-do-simbolo-milenar-da-india\/","name":"Hist\u00f3ria, f\u00e9 e filosofia do s\u00edmbolo milenar da \u00cdndia - Notibras","isPartOf":{"@id":"https:\/\/www.notibras.com\/site\/#website"},"primaryImageOfPage":{"@id":"https:\/\/www.notibras.com\/site\/historia-fe-e-filosofia-do-simbolo-milenar-da-india\/#primaryimage"},"image":{"@id":"https:\/\/www.notibras.com\/site\/historia-fe-e-filosofia-do-simbolo-milenar-da-india\/#primaryimage"},"thumbnailUrl":"https:\/\/www.notibras.com\/site\/wp-content\/uploads\/2025\/10\/a772e59b-d0ae-44d5-8289-94300dcf986f.png","datePublished":"2025-10-22T05:08:44+00:00","breadcrumb":{"@id":"https:\/\/www.notibras.com\/site\/historia-fe-e-filosofia-do-simbolo-milenar-da-india\/#breadcrumb"},"inLanguage":"pt-BR","potentialAction":[{"@type":"ReadAction","target":["https:\/\/www.notibras.com\/site\/historia-fe-e-filosofia-do-simbolo-milenar-da-india\/"]}]},{"@type":"ImageObject","inLanguage":"pt-BR","@id":"https:\/\/www.notibras.com\/site\/historia-fe-e-filosofia-do-simbolo-milenar-da-india\/#primaryimage","url":"https:\/\/www.notibras.com\/site\/wp-content\/uploads\/2025\/10\/a772e59b-d0ae-44d5-8289-94300dcf986f.png","contentUrl":"https:\/\/www.notibras.com\/site\/wp-content\/uploads\/2025\/10\/a772e59b-d0ae-44d5-8289-94300dcf986f.png","width":1024,"height":1536},{"@type":"BreadcrumbList","@id":"https:\/\/www.notibras.com\/site\/historia-fe-e-filosofia-do-simbolo-milenar-da-india\/#breadcrumb","itemListElement":[{"@type":"ListItem","position":1,"name":"In\u00edcio","item":"https:\/\/www.notibras.com\/site\/"},{"@type":"ListItem","position":2,"name":"Hist\u00f3ria, f\u00e9 e filosofia do s\u00edmbolo milenar da \u00cdndia"}]},{"@type":"WebSite","@id":"https:\/\/www.notibras.com\/site\/#website","url":"https:\/\/www.notibras.com\/site\/","name":"Notibras","description":"Not\u00edcias de Bras\u00edlia, do Brasil e do Mundo","publisher":{"@id":"https:\/\/www.notibras.com\/site\/#organization"},"potentialAction":[{"@type":"SearchAction","target":{"@type":"EntryPoint","urlTemplate":"https:\/\/www.notibras.com\/site\/?s={search_term_string}"},"query-input":{"@type":"PropertyValueSpecification","valueRequired":true,"valueName":"search_term_string"}}],"inLanguage":"pt-BR"},{"@type":"Organization","@id":"https:\/\/www.notibras.com\/site\/#organization","name":"Grupo Notibras de Comunica\u00e7\u00e3o","url":"https:\/\/www.notibras.com\/site\/","logo":{"@type":"ImageObject","inLanguage":"pt-BR","@id":"https:\/\/www.notibras.com\/site\/#\/schema\/logo\/image\/","url":"https:\/\/www.notibras.com\/site\/wp-content\/uploads\/2023\/01\/notibras23.png","contentUrl":"https:\/\/www.notibras.com\/site\/wp-content\/uploads\/2023\/01\/notibras23.png","width":350,"height":87,"caption":"Grupo Notibras de Comunica\u00e7\u00e3o"},"image":{"@id":"https:\/\/www.notibras.com\/site\/#\/schema\/logo\/image\/"},"sameAs":["https:\/\/www.facebook.com\/notibras\/","https:\/\/x.com\/Notibras","https:\/\/www.instagram.com\/notibras\/"]},{"@type":"Person","@id":"https:\/\/www.notibras.com\/site\/#\/schema\/person\/36ab0979449956132d3e5b517ea76ac8","name":"Reda\u00e7\u00e3o","image":{"@type":"ImageObject","inLanguage":"pt-BR","@id":"https:\/\/secure.gravatar.com\/avatar\/e0a867bdedb85fd243eadf09663511f96fc81e0720a4a42581f334ad4303aa6b?s=96&d=mm&r=g","url":"https:\/\/secure.gravatar.com\/avatar\/e0a867bdedb85fd243eadf09663511f96fc81e0720a4a42581f334ad4303aa6b?s=96&d=mm&r=g","contentUrl":"https:\/\/secure.gravatar.com\/avatar\/e0a867bdedb85fd243eadf09663511f96fc81e0720a4a42581f334ad4303aa6b?s=96&d=mm&r=g","caption":"Reda\u00e7\u00e3o"}}]}},"amp_enabled":true,"_links":{"self":[{"href":"https:\/\/www.notibras.com\/site\/wp-json\/wp\/v2\/posts\/368061","targetHints":{"allow":["GET"]}}],"collection":[{"href":"https:\/\/www.notibras.com\/site\/wp-json\/wp\/v2\/posts"}],"about":[{"href":"https:\/\/www.notibras.com\/site\/wp-json\/wp\/v2\/types\/post"}],"author":[{"embeddable":true,"href":"https:\/\/www.notibras.com\/site\/wp-json\/wp\/v2\/users\/2"}],"replies":[{"embeddable":true,"href":"https:\/\/www.notibras.com\/site\/wp-json\/wp\/v2\/comments?post=368061"}],"version-history":[{"count":1,"href":"https:\/\/www.notibras.com\/site\/wp-json\/wp\/v2\/posts\/368061\/revisions"}],"predecessor-version":[{"id":368063,"href":"https:\/\/www.notibras.com\/site\/wp-json\/wp\/v2\/posts\/368061\/revisions\/368063"}],"wp:featuredmedia":[{"embeddable":true,"href":"https:\/\/www.notibras.com\/site\/wp-json\/wp\/v2\/media\/368062"}],"wp:attachment":[{"href":"https:\/\/www.notibras.com\/site\/wp-json\/wp\/v2\/media?parent=368061"}],"wp:term":[{"taxonomy":"category","embeddable":true,"href":"https:\/\/www.notibras.com\/site\/wp-json\/wp\/v2\/categories?post=368061"},{"taxonomy":"post_tag","embeddable":true,"href":"https:\/\/www.notibras.com\/site\/wp-json\/wp\/v2\/tags?post=368061"}],"curies":[{"name":"wp","href":"https:\/\/api.w.org\/{rel}","templated":true}]}}