{"id":368081,"date":"2025-10-22T00:00:47","date_gmt":"2025-10-22T03:00:47","guid":{"rendered":"https:\/\/www.notibras.com\/site\/?p=368081"},"modified":"2025-10-21T22:52:23","modified_gmt":"2025-10-22T01:52:23","slug":"policia-vai-atras-de-golpistas-em-pacientes-com-autismo","status":"publish","type":"post","link":"https:\/\/www.notibras.com\/site\/policia-vai-atras-de-golpistas-em-pacientes-com-autismo\/","title":{"rendered":"Pol\u00edcia vai atr\u00e1s de golpistas em pacientes com autismo"},"content":{"rendered":"<p>Aa Pol\u00edcia Civil da Bahia mant\u00e9m a todo vapor a a\u00e7\u00e3o deflagrada na segunda, 20, denominada Opera\u00e7\u00e3o Neurodignos, que investiga um plano de sa\u00fade e v\u00e1rias cl\u00ednicas conveniadas em Salvador suspeitas de realizar atendimentos irregulares a crian\u00e7as com Transtorno do Espectro Autista (TEA). A a\u00e7\u00e3o \u00e9 conduzida pelo Departamento Especializado de Investiga\u00e7\u00f5es Criminais (Deic), por meio da Delegacia de Defesa do Consumidor (Decon).<\/p>\n<p>De acordo com as investiga\u00e7\u00f5es, as cl\u00ednicas anunciavam atendimento multidisciplinar especializado \u2014 com psic\u00f3logos, terapeutas ocupacionais, fonoaudi\u00f3logos e pedagogos \u2014, mas muitas n\u00e3o possu\u00edam profissionais habilitados ou sequer os nomes que constavam nas escalas de atendimento. Tamb\u00e9m foram identificados casos de profissionais sem registro nos conselhos de classe e de documentos falsificados nos prontu\u00e1rios dos pacientes.<\/p>\n<p>Outro ponto grave apurado pela pol\u00edcia \u00e9 a chamada \u201cnavega\u00e7\u00e3o abusiva\u201d, pr\u00e1tica em que o plano de sa\u00fade interrompe o tratamento de uma crian\u00e7a e a transfere para outra cl\u00ednica sem justificativa t\u00e9cnica. A mudan\u00e7a repentina de profissionais e m\u00e9todos terap\u00eauticos pode causar regress\u00f5es no desenvolvimento e prejudicar o v\u00ednculo estabelecido entre o paciente e sua equipe.<\/p>\n<p>As den\u00fancias ainda apontam a substitui\u00e7\u00e3o de terapias prescritas, a redu\u00e7\u00e3o do n\u00famero de sess\u00f5es e at\u00e9 a transforma\u00e7\u00e3o de atendimentos individuais em coletivos, contrariando as recomenda\u00e7\u00f5es m\u00e9dicas. Segundo o delegado respons\u00e1vel pelo caso, Thiago Costa, o objetivo da opera\u00e7\u00e3o \u00e9 \u201cgarantir a dignidade das pessoas com defici\u00eancia e coibir pr\u00e1ticas abusivas no setor de sa\u00fade\u201d.<\/p>\n<p>Mandados de busca e apreens\u00e3o foram cumpridos em cl\u00ednicas localizadas nos bairros da Pituba, Stiep, Barra, Trobogy, Garibaldi e Ondina. Documentos f\u00edsicos e digitais, prontu\u00e1rios, contratos e registros financeiros foram apreendidos para an\u00e1lise.<\/p>\n<p>Para muitas fam\u00edlias, o caso representa o agravamento de um problema antigo. Pais de crian\u00e7as com autismo relatam dificuldades em manter a continuidade do tratamento, al\u00e9m de mudan\u00e7as constantes na rede credenciada e falta de transpar\u00eancia nas decis\u00f5es das operadoras. O Procon-BA j\u00e1 havia notificado planos e cl\u00ednicas em 2024 por situa\u00e7\u00f5es semelhantes.<\/p>\n<p>Especialistas refor\u00e7am que o tratamento de crian\u00e7as com TEA depende de const\u00e2ncia e v\u00ednculo terap\u00eautico. Interrup\u00e7\u00f5es abruptas ou mudan\u00e7as sem justificativa t\u00e9cnica podem causar danos emocionais e atrasos no desenvolvimento.<\/p>\n<p>A Pol\u00edcia Civil segue investigando os respons\u00e1veis pelas cl\u00ednicas e pelo plano de sa\u00fade. Eles podem responder por estelionato, falsidade ideol\u00f3gica, exerc\u00edcio ilegal da profiss\u00e3o e publicidade enganosa.<\/p>\n<p>A Opera\u00e7\u00e3o Neurodignos lan\u00e7a luz sobre a necessidade de maior fiscaliza\u00e7\u00e3o e respeito aos direitos das pessoas com autismo, garantindo que o atendimento especializado seja feito com qualidade, \u00e9tica e profissionais devidamente capacitados.<\/p>\n","protected":false},"excerpt":{"rendered":"<p>Aa Pol\u00edcia Civil da Bahia mant\u00e9m a todo vapor a a\u00e7\u00e3o deflagrada na segunda, 20, denominada Opera\u00e7\u00e3o Neurodignos, que investiga um plano de sa\u00fade e v\u00e1rias cl\u00ednicas conveniadas em Salvador suspeitas de realizar atendimentos irregulares a crian\u00e7as com Transtorno do Espectro Autista (TEA). A a\u00e7\u00e3o \u00e9 conduzida pelo Departamento Especializado de Investiga\u00e7\u00f5es Criminais (Deic), por [&hellip;]<\/p>\n","protected":false},"author":2,"featured_media":368082,"comment_status":"closed","ping_status":"closed","sticky":false,"template":"","format":"standard","meta":{"_acf_changed":false,"footnotes":""},"categories":[165],"tags":[],"class_list":["post-368081","post","type-post","status-publish","format-standard","has-post-thumbnail","hentry","category-nordeste"],"acf":[],"_links":{"self":[{"href":"https:\/\/www.notibras.com\/site\/wp-json\/wp\/v2\/posts\/368081","targetHints":{"allow":["GET"]}}],"collection":[{"href":"https:\/\/www.notibras.com\/site\/wp-json\/wp\/v2\/posts"}],"about":[{"href":"https:\/\/www.notibras.com\/site\/wp-json\/wp\/v2\/types\/post"}],"author":[{"embeddable":true,"href":"https:\/\/www.notibras.com\/site\/wp-json\/wp\/v2\/users\/2"}],"replies":[{"embeddable":true,"href":"https:\/\/www.notibras.com\/site\/wp-json\/wp\/v2\/comments?post=368081"}],"version-history":[{"count":2,"href":"https:\/\/www.notibras.com\/site\/wp-json\/wp\/v2\/posts\/368081\/revisions"}],"predecessor-version":[{"id":368084,"href":"https:\/\/www.notibras.com\/site\/wp-json\/wp\/v2\/posts\/368081\/revisions\/368084"}],"wp:featuredmedia":[{"embeddable":true,"href":"https:\/\/www.notibras.com\/site\/wp-json\/wp\/v2\/media\/368082"}],"wp:attachment":[{"href":"https:\/\/www.notibras.com\/site\/wp-json\/wp\/v2\/media?parent=368081"}],"wp:term":[{"taxonomy":"category","embeddable":true,"href":"https:\/\/www.notibras.com\/site\/wp-json\/wp\/v2\/categories?post=368081"},{"taxonomy":"post_tag","embeddable":true,"href":"https:\/\/www.notibras.com\/site\/wp-json\/wp\/v2\/tags?post=368081"}],"curies":[{"name":"wp","href":"https:\/\/api.w.org\/{rel}","templated":true}]}}