{"id":368085,"date":"2025-10-22T02:54:50","date_gmt":"2025-10-22T05:54:50","guid":{"rendered":"https:\/\/www.notibras.com\/site\/?p=368085"},"modified":"2025-10-21T23:01:31","modified_gmt":"2025-10-22T02:01:31","slug":"petrobras-anuncia-volta-de-producao-da-fafen-para-o-inicio-de-2026","status":"publish","type":"post","link":"https:\/\/www.notibras.com\/site\/petrobras-anuncia-volta-de-producao-da-fafen-para-o-inicio-de-2026\/","title":{"rendered":"Petrobras anuncia volta de produ\u00e7\u00e3o da Fafen para o in\u00edcio de 2026"},"content":{"rendered":"<p>A Petrobras acaba de confirmou que a Fafen (F\u00e1brica de Fertilizantes Nitrogenados) de Sergipe, localizada em Laranjeiras, ser\u00e1 reativada e come\u00e7ar\u00e1 a produzir no in\u00edcio de 2026.<\/p>\n<p>A retomada da produ\u00e7\u00e3o integra um plano mais amplo da estatal para reativar, tamb\u00e9m, a unidade de fertilizantes da Bahia. Juntas, essas plantas dever\u00e3o responder por cerca de 20 % da demanda nacional de fertilizantes nitrogenados.<\/p>\n<p>A Fafen estava parada desde 2023, ap\u00f3s o encerramento do contrato de arrendamento com a empresa Unigel. Agora, segundo a Petrobras, a planta passar\u00e1 por uma etapa de manuten\u00e7\u00e3o e comissionamento ainda em 2025, para estar operacional j\u00e1 no espocar do pr\u00f3ximo ano.<\/p>\n","protected":false},"excerpt":{"rendered":"<p>A Petrobras acaba de confirmou que a Fafen (F\u00e1brica de Fertilizantes Nitrogenados) de Sergipe, localizada em Laranjeiras, ser\u00e1 reativada e come\u00e7ar\u00e1 a produzir no in\u00edcio de 2026. A retomada da produ\u00e7\u00e3o integra um plano mais amplo da estatal para reativar, tamb\u00e9m, a unidade de fertilizantes da Bahia. Juntas, essas plantas dever\u00e3o responder por cerca de [&hellip;]<\/p>\n","protected":false},"author":2,"featured_media":368086,"comment_status":"closed","ping_status":"closed","sticky":false,"template":"","format":"standard","meta":{"_acf_changed":false,"footnotes":""},"categories":[165],"tags":[],"class_list":["post-368085","post","type-post","status-publish","format-standard","has-post-thumbnail","hentry","category-nordeste"],"acf":[],"_links":{"self":[{"href":"https:\/\/www.notibras.com\/site\/wp-json\/wp\/v2\/posts\/368085","targetHints":{"allow":["GET"]}}],"collection":[{"href":"https:\/\/www.notibras.com\/site\/wp-json\/wp\/v2\/posts"}],"about":[{"href":"https:\/\/www.notibras.com\/site\/wp-json\/wp\/v2\/types\/post"}],"author":[{"embeddable":true,"href":"https:\/\/www.notibras.com\/site\/wp-json\/wp\/v2\/users\/2"}],"replies":[{"embeddable":true,"href":"https:\/\/www.notibras.com\/site\/wp-json\/wp\/v2\/comments?post=368085"}],"version-history":[{"count":1,"href":"https:\/\/www.notibras.com\/site\/wp-json\/wp\/v2\/posts\/368085\/revisions"}],"predecessor-version":[{"id":368087,"href":"https:\/\/www.notibras.com\/site\/wp-json\/wp\/v2\/posts\/368085\/revisions\/368087"}],"wp:featuredmedia":[{"embeddable":true,"href":"https:\/\/www.notibras.com\/site\/wp-json\/wp\/v2\/media\/368086"}],"wp:attachment":[{"href":"https:\/\/www.notibras.com\/site\/wp-json\/wp\/v2\/media?parent=368085"}],"wp:term":[{"taxonomy":"category","embeddable":true,"href":"https:\/\/www.notibras.com\/site\/wp-json\/wp\/v2\/categories?post=368085"},{"taxonomy":"post_tag","embeddable":true,"href":"https:\/\/www.notibras.com\/site\/wp-json\/wp\/v2\/tags?post=368085"}],"curies":[{"name":"wp","href":"https:\/\/api.w.org\/{rel}","templated":true}]}}