{"id":368089,"date":"2025-10-22T04:04:02","date_gmt":"2025-10-22T07:04:02","guid":{"rendered":"https:\/\/www.notibras.com\/site\/?p=368089"},"modified":"2025-10-21T23:06:18","modified_gmt":"2025-10-22T02:06:18","slug":"paraiba-aprova-lei-que-pune-discriminacao-contra-pessoas-com-autismo","status":"publish","type":"post","link":"https:\/\/www.notibras.com\/site\/paraiba-aprova-lei-que-pune-discriminacao-contra-pessoas-com-autismo\/","title":{"rendered":"Para\u00edba aprova lei que pune discrimina\u00e7\u00e3o contra pessoas com autismo"},"content":{"rendered":"<p>A Para\u00edba deu mais um passo importante na defesa dos direitos das pessoas com Transtorno do Espectro Autista (TEA). Uma nova lei estadual, sancionada pelo governador Jo\u00e3o Azev\u00eado e de autoria do deputado Wallber Virgolino, estabelece multas e outras penalidades para quem praticar atos de discrimina\u00e7\u00e3o contra pessoas com autismo em qualquer ambiente, seja p\u00fablico ou privado.<\/p>\n<p>De acordo com a legisla\u00e7\u00e3o, s\u00e3o considerados atos discriminat\u00f3rios toda forma de recusa, exclus\u00e3o, ofensa ou tratamento diferenciado motivado pela condi\u00e7\u00e3o do autista. As puni\u00e7\u00f5es variam desde advert\u00eancia e participa\u00e7\u00e3o obrigat\u00f3ria em palestras educativas at\u00e9 multas de at\u00e9 200 UFIR-PB \u2014 o que equivale a cerca de R$ 14 mil no caso de pessoas jur\u00eddicas. Para pessoas f\u00edsicas, a multa \u00e9 de 100 UFIR-PB (aproximadamente R$ 7 mil).<\/p>\n<p>Os recursos arrecadados com as multas ser\u00e3o destinados a fundos estaduais e institui\u00e7\u00f5es que atuam na inclus\u00e3o e apoio \u00e0s pessoas com TEA. A lei tamb\u00e9m responsabiliza agentes p\u00fablicos que cometam atos discriminat\u00f3rios durante o exerc\u00edcio de suas fun\u00e7\u00f5es, podendo responder administrativamente.<\/p>\n<p>Especialistas e entidades ligadas \u00e0 causa autista consideram a medida um avan\u00e7o na luta por respeito e igualdade, mas alertam que sua efetividade depender\u00e1 da fiscaliza\u00e7\u00e3o e da conscientiza\u00e7\u00e3o social. Segundo eles, a norma tem car\u00e1ter n\u00e3o apenas punitivo, mas tamb\u00e9m educativo, buscando reduzir o preconceito e promover a inclus\u00e3o real das pessoas com autismo.<\/p>\n<p>Com a nova lei, a Para\u00edba se soma a outros estados brasileiros que v\u00eam fortalecendo pol\u00edticas p\u00fablicas de prote\u00e7\u00e3o, conscientiza\u00e7\u00e3o e combate \u00e0 discrimina\u00e7\u00e3o contra pessoas com defici\u00eancia e transtornos do espectro autista.<\/p>\n","protected":false},"excerpt":{"rendered":"<p>A Para\u00edba deu mais um passo importante na defesa dos direitos das pessoas com Transtorno do Espectro Autista (TEA). Uma nova lei estadual, sancionada pelo governador Jo\u00e3o Azev\u00eado e de autoria do deputado Wallber Virgolino, estabelece multas e outras penalidades para quem praticar atos de discrimina\u00e7\u00e3o contra pessoas com autismo em qualquer ambiente, seja p\u00fablico [&hellip;]<\/p>\n","protected":false},"author":2,"featured_media":368090,"comment_status":"closed","ping_status":"closed","sticky":false,"template":"","format":"standard","meta":{"_acf_changed":false,"footnotes":""},"categories":[165],"tags":[],"class_list":["post-368089","post","type-post","status-publish","format-standard","has-post-thumbnail","hentry","category-nordeste"],"acf":[],"_links":{"self":[{"href":"https:\/\/www.notibras.com\/site\/wp-json\/wp\/v2\/posts\/368089","targetHints":{"allow":["GET"]}}],"collection":[{"href":"https:\/\/www.notibras.com\/site\/wp-json\/wp\/v2\/posts"}],"about":[{"href":"https:\/\/www.notibras.com\/site\/wp-json\/wp\/v2\/types\/post"}],"author":[{"embeddable":true,"href":"https:\/\/www.notibras.com\/site\/wp-json\/wp\/v2\/users\/2"}],"replies":[{"embeddable":true,"href":"https:\/\/www.notibras.com\/site\/wp-json\/wp\/v2\/comments?post=368089"}],"version-history":[{"count":2,"href":"https:\/\/www.notibras.com\/site\/wp-json\/wp\/v2\/posts\/368089\/revisions"}],"predecessor-version":[{"id":368092,"href":"https:\/\/www.notibras.com\/site\/wp-json\/wp\/v2\/posts\/368089\/revisions\/368092"}],"wp:featuredmedia":[{"embeddable":true,"href":"https:\/\/www.notibras.com\/site\/wp-json\/wp\/v2\/media\/368090"}],"wp:attachment":[{"href":"https:\/\/www.notibras.com\/site\/wp-json\/wp\/v2\/media?parent=368089"}],"wp:term":[{"taxonomy":"category","embeddable":true,"href":"https:\/\/www.notibras.com\/site\/wp-json\/wp\/v2\/categories?post=368089"},{"taxonomy":"post_tag","embeddable":true,"href":"https:\/\/www.notibras.com\/site\/wp-json\/wp\/v2\/tags?post=368089"}],"curies":[{"name":"wp","href":"https:\/\/api.w.org\/{rel}","templated":true}]}}