{"id":36809,"date":"2015-02-11T21:51:41","date_gmt":"2015-02-12T00:51:41","guid":{"rendered":"http:\/\/www.notibras.com\/site\/?p=36809"},"modified":"2015-02-11T21:54:58","modified_gmt":"2015-02-12T00:54:58","slug":"governo-desiste-de-ampliar-prazo-e-horario-de-verao-acaba-dia-22","status":"publish","type":"post","link":"https:\/\/www.notibras.com\/site\/governo-desiste-de-ampliar-prazo-e-horario-de-verao-acaba-dia-22\/","title":{"rendered":"Governo recua de prazo maior e o hor\u00e1rio de ver\u00e3o acaba s\u00e1bado, 22"},"content":{"rendered":"<p>O governo federal decidiu n\u00e3o prorrogar a vig\u00eancia do hor\u00e1rio de ver\u00e3o neste ano, como havia sido cogitado na semana passada. Com isso, os rel\u00f3gios voltam ao normal no s\u00e1bado p\u00f3s-carnaval, dia 22.<\/p>\n<p>Ap\u00f3s reuni\u00e3o com a presidente Dilma Rousseff, o ministro de Minas e Energia, Eduardo Braga, disse nesta quarta 11 que o governo avaliou n\u00e3o valer a pena estender o hor\u00e1rio diferenciado, que est\u00e1 em vig\u00eancia para as regi\u00f5es Sul, Sudeste e Centro-Oeste.<\/p>\n<p>Braga explicou que, com mais um m\u00eas de hor\u00e1rio de ver\u00e3o, algumas localidades do pa\u00eds ficariam com um per\u00edodo da manh\u00e3 mais escuro, acarretando mais consumo de energia. Ele disse tamb\u00e9m que a economia no final da tarde n\u00e3o seria t\u00e3o expressiva, j\u00e1 que o pico de consumo tem se deslocado do final da tarde para o in\u00edcio da tarde.<\/p>\n<blockquote><p>\u201cDo ponto de vista da energia, parte do Brasil ficaria pela parte da manh\u00e3 no escuro, e n\u00f3s ter\u00edamos, portanto, mais consumo de energia de manh\u00e3. Em que pese, na parte da tarde, podermos ter um ganho de energia que seria mais importante se a ponta de carga estivesse se confirmando, coisa que, gra\u00e7as a uma s\u00e9rie de medidas, conseguimos atenuar e tamb\u00e9m porque estamos passando o per\u00edodo de fevereiro e o m\u00eas do ver\u00e3o\u201d, disse o ministro.<\/p><\/blockquote>\n<p>O hor\u00e1rio de ver\u00e3o come\u00e7ou no dia 19 de outubro para os estados das regi\u00f5es Sul, Sudeste e Centro-Oeste e termina no dia 22 deste m\u00eas. O principal objetivo da medida \u00e9 reduzir o consumo de energia no hor\u00e1rio de pico, registrado a partir das 18h, aproveitando melhor a luminosidade natural.<\/p>\n","protected":false},"excerpt":{"rendered":"<p>O governo federal decidiu n\u00e3o prorrogar a vig\u00eancia do hor\u00e1rio de ver\u00e3o neste ano, como havia sido cogitado na semana passada. Com isso, os rel\u00f3gios voltam ao normal no s\u00e1bado p\u00f3s-carnaval, dia 22. Ap\u00f3s reuni\u00e3o com a presidente Dilma Rousseff, o ministro de Minas e Energia, Eduardo Braga, disse nesta quarta 11 que o governo [&hellip;]<\/p>\n","protected":false},"author":2,"featured_media":36811,"comment_status":"open","ping_status":"closed","sticky":false,"template":"","format":"standard","meta":{"_acf_changed":false,"footnotes":""},"categories":[16],"tags":[],"class_list":["post-36809","post","type-post","status-publish","format-standard","has-post-thumbnail","hentry","category-brasil"],"acf":[],"yoast_head":"<!-- This site is optimized with the Yoast SEO plugin v27.2 - https:\/\/yoast.com\/product\/yoast-seo-wordpress\/ -->\n<title>Governo recua de prazo maior e o hor\u00e1rio de ver\u00e3o acaba s\u00e1bado, 22 - Notibras<\/title>\n<meta name=\"robots\" content=\"index, follow, max-snippet:-1, max-image-preview:large, max-video-preview:-1\" \/>\n<link rel=\"canonical\" href=\"https:\/\/www.notibras.com\/site\/governo-desiste-de-ampliar-prazo-e-horario-de-verao-acaba-dia-22\/\" \/>\n<meta property=\"og:locale\" content=\"pt_BR\" \/>\n<meta property=\"og:type\" content=\"article\" \/>\n<meta property=\"og:title\" content=\"Governo recua de prazo maior e o hor\u00e1rio de ver\u00e3o acaba s\u00e1bado, 22 - Notibras\" \/>\n<meta property=\"og:description\" content=\"O governo federal decidiu n\u00e3o prorrogar a vig\u00eancia do hor\u00e1rio de ver\u00e3o neste ano, como havia sido cogitado na semana passada. Com isso, os rel\u00f3gios voltam ao normal no s\u00e1bado p\u00f3s-carnaval, dia 22. Ap\u00f3s reuni\u00e3o com a presidente Dilma Rousseff, o ministro de Minas e Energia, Eduardo Braga, disse nesta quarta 11 que o governo [&hellip;]\" \/>\n<meta property=\"og:url\" content=\"https:\/\/www.notibras.com\/site\/governo-desiste-de-ampliar-prazo-e-horario-de-verao-acaba-dia-22\/\" \/>\n<meta property=\"og:site_name\" content=\"Notibras\" \/>\n<meta property=\"article:publisher\" content=\"https:\/\/www.facebook.com\/notibras\/\" \/>\n<meta property=\"article:published_time\" content=\"2015-02-12T00:51:41+00:00\" \/>\n<meta property=\"article:modified_time\" content=\"2015-02-12T00:54:58+00:00\" \/>\n<meta property=\"og:image\" content=\"https:\/\/www.notibras.com\/site\/wp-content\/uploads\/2015\/02\/horario-de-ver\u00e3o.jpg\" \/>\n\t<meta property=\"og:image:width\" content=\"620\" \/>\n\t<meta property=\"og:image:height\" content=\"413\" \/>\n\t<meta property=\"og:image:type\" content=\"image\/jpeg\" \/>\n<meta name=\"author\" content=\"Reda\u00e7\u00e3o\" \/>\n<meta name=\"twitter:card\" content=\"summary_large_image\" \/>\n<meta name=\"twitter:creator\" content=\"@Notibras\" \/>\n<meta name=\"twitter:site\" content=\"@Notibras\" \/>\n<meta name=\"twitter:label1\" content=\"Escrito por\" \/>\n\t<meta name=\"twitter:data1\" content=\"Reda\u00e7\u00e3o\" \/>\n\t<meta name=\"twitter:label2\" content=\"Est. tempo de leitura\" \/>\n\t<meta name=\"twitter:data2\" content=\"1 minuto\" \/>\n<script type=\"application\/ld+json\" class=\"yoast-schema-graph\">{\"@context\":\"https:\/\/schema.org\",\"@graph\":[{\"@type\":\"Article\",\"@id\":\"https:\/\/www.notibras.com\/site\/governo-desiste-de-ampliar-prazo-e-horario-de-verao-acaba-dia-22\/#article\",\"isPartOf\":{\"@id\":\"https:\/\/www.notibras.com\/site\/governo-desiste-de-ampliar-prazo-e-horario-de-verao-acaba-dia-22\/\"},\"author\":{\"name\":\"Reda\u00e7\u00e3o\",\"@id\":\"https:\/\/www.notibras.com\/site\/#\/schema\/person\/36ab0979449956132d3e5b517ea76ac8\"},\"headline\":\"Governo recua de prazo maior e o hor\u00e1rio de ver\u00e3o acaba s\u00e1bado, 22\",\"datePublished\":\"2015-02-12T00:51:41+00:00\",\"dateModified\":\"2015-02-12T00:54:58+00:00\",\"mainEntityOfPage\":{\"@id\":\"https:\/\/www.notibras.com\/site\/governo-desiste-de-ampliar-prazo-e-horario-de-verao-acaba-dia-22\/\"},\"wordCount\":310,\"commentCount\":0,\"publisher\":{\"@id\":\"https:\/\/www.notibras.com\/site\/#organization\"},\"image\":{\"@id\":\"https:\/\/www.notibras.com\/site\/governo-desiste-de-ampliar-prazo-e-horario-de-verao-acaba-dia-22\/#primaryimage\"},\"thumbnailUrl\":\"https:\/\/www.notibras.com\/site\/wp-content\/uploads\/2015\/02\/horario-de-ver\u00e3o.jpg\",\"articleSection\":[\"Brasil\"],\"inLanguage\":\"pt-BR\",\"potentialAction\":[{\"@type\":\"CommentAction\",\"name\":\"Comment\",\"target\":[\"https:\/\/www.notibras.com\/site\/governo-desiste-de-ampliar-prazo-e-horario-de-verao-acaba-dia-22\/#respond\"]}]},{\"@type\":\"WebPage\",\"@id\":\"https:\/\/www.notibras.com\/site\/governo-desiste-de-ampliar-prazo-e-horario-de-verao-acaba-dia-22\/\",\"url\":\"https:\/\/www.notibras.com\/site\/governo-desiste-de-ampliar-prazo-e-horario-de-verao-acaba-dia-22\/\",\"name\":\"Governo recua de prazo maior e o hor\u00e1rio de ver\u00e3o acaba s\u00e1bado, 22 - Notibras\",\"isPartOf\":{\"@id\":\"https:\/\/www.notibras.com\/site\/#website\"},\"primaryImageOfPage\":{\"@id\":\"https:\/\/www.notibras.com\/site\/governo-desiste-de-ampliar-prazo-e-horario-de-verao-acaba-dia-22\/#primaryimage\"},\"image\":{\"@id\":\"https:\/\/www.notibras.com\/site\/governo-desiste-de-ampliar-prazo-e-horario-de-verao-acaba-dia-22\/#primaryimage\"},\"thumbnailUrl\":\"https:\/\/www.notibras.com\/site\/wp-content\/uploads\/2015\/02\/horario-de-ver\u00e3o.jpg\",\"datePublished\":\"2015-02-12T00:51:41+00:00\",\"dateModified\":\"2015-02-12T00:54:58+00:00\",\"breadcrumb\":{\"@id\":\"https:\/\/www.notibras.com\/site\/governo-desiste-de-ampliar-prazo-e-horario-de-verao-acaba-dia-22\/#breadcrumb\"},\"inLanguage\":\"pt-BR\",\"potentialAction\":[{\"@type\":\"ReadAction\",\"target\":[\"https:\/\/www.notibras.com\/site\/governo-desiste-de-ampliar-prazo-e-horario-de-verao-acaba-dia-22\/\"]}]},{\"@type\":\"ImageObject\",\"inLanguage\":\"pt-BR\",\"@id\":\"https:\/\/www.notibras.com\/site\/governo-desiste-de-ampliar-prazo-e-horario-de-verao-acaba-dia-22\/#primaryimage\",\"url\":\"https:\/\/www.notibras.com\/site\/wp-content\/uploads\/2015\/02\/horario-de-ver\u00e3o.jpg\",\"contentUrl\":\"https:\/\/www.notibras.com\/site\/wp-content\/uploads\/2015\/02\/horario-de-ver\u00e3o.jpg\",\"width\":620,\"height\":413},{\"@type\":\"BreadcrumbList\",\"@id\":\"https:\/\/www.notibras.com\/site\/governo-desiste-de-ampliar-prazo-e-horario-de-verao-acaba-dia-22\/#breadcrumb\",\"itemListElement\":[{\"@type\":\"ListItem\",\"position\":1,\"name\":\"In\u00edcio\",\"item\":\"https:\/\/www.notibras.com\/site\/\"},{\"@type\":\"ListItem\",\"position\":2,\"name\":\"Governo recua de prazo maior e o hor\u00e1rio de ver\u00e3o acaba s\u00e1bado, 22\"}]},{\"@type\":\"WebSite\",\"@id\":\"https:\/\/www.notibras.com\/site\/#website\",\"url\":\"https:\/\/www.notibras.com\/site\/\",\"name\":\"Notibras\",\"description\":\"Not\u00edcias de Bras\u00edlia, do Brasil e do Mundo\",\"publisher\":{\"@id\":\"https:\/\/www.notibras.com\/site\/#organization\"},\"potentialAction\":[{\"@type\":\"SearchAction\",\"target\":{\"@type\":\"EntryPoint\",\"urlTemplate\":\"https:\/\/www.notibras.com\/site\/?s={search_term_string}\"},\"query-input\":{\"@type\":\"PropertyValueSpecification\",\"valueRequired\":true,\"valueName\":\"search_term_string\"}}],\"inLanguage\":\"pt-BR\"},{\"@type\":\"Organization\",\"@id\":\"https:\/\/www.notibras.com\/site\/#organization\",\"name\":\"Grupo Notibras de Comunica\u00e7\u00e3o\",\"url\":\"https:\/\/www.notibras.com\/site\/\",\"logo\":{\"@type\":\"ImageObject\",\"inLanguage\":\"pt-BR\",\"@id\":\"https:\/\/www.notibras.com\/site\/#\/schema\/logo\/image\/\",\"url\":\"https:\/\/www.notibras.com\/site\/wp-content\/uploads\/2023\/01\/notibras23.png\",\"contentUrl\":\"https:\/\/www.notibras.com\/site\/wp-content\/uploads\/2023\/01\/notibras23.png\",\"width\":350,\"height\":87,\"caption\":\"Grupo Notibras de Comunica\u00e7\u00e3o\"},\"image\":{\"@id\":\"https:\/\/www.notibras.com\/site\/#\/schema\/logo\/image\/\"},\"sameAs\":[\"https:\/\/www.facebook.com\/notibras\/\",\"https:\/\/x.com\/Notibras\",\"https:\/\/www.instagram.com\/notibras\/\"]},{\"@type\":\"Person\",\"@id\":\"https:\/\/www.notibras.com\/site\/#\/schema\/person\/36ab0979449956132d3e5b517ea76ac8\",\"name\":\"Reda\u00e7\u00e3o\",\"image\":{\"@type\":\"ImageObject\",\"inLanguage\":\"pt-BR\",\"@id\":\"https:\/\/secure.gravatar.com\/avatar\/e0a867bdedb85fd243eadf09663511f96fc81e0720a4a42581f334ad4303aa6b?s=96&d=mm&r=g\",\"url\":\"https:\/\/secure.gravatar.com\/avatar\/e0a867bdedb85fd243eadf09663511f96fc81e0720a4a42581f334ad4303aa6b?s=96&d=mm&r=g\",\"contentUrl\":\"https:\/\/secure.gravatar.com\/avatar\/e0a867bdedb85fd243eadf09663511f96fc81e0720a4a42581f334ad4303aa6b?s=96&d=mm&r=g\",\"caption\":\"Reda\u00e7\u00e3o\"}}]}<\/script>\n<!-- \/ Yoast SEO plugin. -->","yoast_head_json":{"title":"Governo recua de prazo maior e o hor\u00e1rio de ver\u00e3o acaba s\u00e1bado, 22 - Notibras","robots":{"index":"index","follow":"follow","max-snippet":"max-snippet:-1","max-image-preview":"max-image-preview:large","max-video-preview":"max-video-preview:-1"},"canonical":"https:\/\/www.notibras.com\/site\/governo-desiste-de-ampliar-prazo-e-horario-de-verao-acaba-dia-22\/","og_locale":"pt_BR","og_type":"article","og_title":"Governo recua de prazo maior e o hor\u00e1rio de ver\u00e3o acaba s\u00e1bado, 22 - Notibras","og_description":"O governo federal decidiu n\u00e3o prorrogar a vig\u00eancia do hor\u00e1rio de ver\u00e3o neste ano, como havia sido cogitado na semana passada. Com isso, os rel\u00f3gios voltam ao normal no s\u00e1bado p\u00f3s-carnaval, dia 22. Ap\u00f3s reuni\u00e3o com a presidente Dilma Rousseff, o ministro de Minas e Energia, Eduardo Braga, disse nesta quarta 11 que o governo [&hellip;]","og_url":"https:\/\/www.notibras.com\/site\/governo-desiste-de-ampliar-prazo-e-horario-de-verao-acaba-dia-22\/","og_site_name":"Notibras","article_publisher":"https:\/\/www.facebook.com\/notibras\/","article_published_time":"2015-02-12T00:51:41+00:00","article_modified_time":"2015-02-12T00:54:58+00:00","og_image":[{"width":620,"height":413,"url":"https:\/\/www.notibras.com\/site\/wp-content\/uploads\/2015\/02\/horario-de-ver\u00e3o.jpg","type":"image\/jpeg"}],"author":"Reda\u00e7\u00e3o","twitter_card":"summary_large_image","twitter_creator":"@Notibras","twitter_site":"@Notibras","twitter_misc":{"Escrito por":"Reda\u00e7\u00e3o","Est. tempo de leitura":"1 minuto"},"schema":{"@context":"https:\/\/schema.org","@graph":[{"@type":"Article","@id":"https:\/\/www.notibras.com\/site\/governo-desiste-de-ampliar-prazo-e-horario-de-verao-acaba-dia-22\/#article","isPartOf":{"@id":"https:\/\/www.notibras.com\/site\/governo-desiste-de-ampliar-prazo-e-horario-de-verao-acaba-dia-22\/"},"author":{"name":"Reda\u00e7\u00e3o","@id":"https:\/\/www.notibras.com\/site\/#\/schema\/person\/36ab0979449956132d3e5b517ea76ac8"},"headline":"Governo recua de prazo maior e o hor\u00e1rio de ver\u00e3o acaba s\u00e1bado, 22","datePublished":"2015-02-12T00:51:41+00:00","dateModified":"2015-02-12T00:54:58+00:00","mainEntityOfPage":{"@id":"https:\/\/www.notibras.com\/site\/governo-desiste-de-ampliar-prazo-e-horario-de-verao-acaba-dia-22\/"},"wordCount":310,"commentCount":0,"publisher":{"@id":"https:\/\/www.notibras.com\/site\/#organization"},"image":{"@id":"https:\/\/www.notibras.com\/site\/governo-desiste-de-ampliar-prazo-e-horario-de-verao-acaba-dia-22\/#primaryimage"},"thumbnailUrl":"https:\/\/www.notibras.com\/site\/wp-content\/uploads\/2015\/02\/horario-de-ver\u00e3o.jpg","articleSection":["Brasil"],"inLanguage":"pt-BR","potentialAction":[{"@type":"CommentAction","name":"Comment","target":["https:\/\/www.notibras.com\/site\/governo-desiste-de-ampliar-prazo-e-horario-de-verao-acaba-dia-22\/#respond"]}]},{"@type":"WebPage","@id":"https:\/\/www.notibras.com\/site\/governo-desiste-de-ampliar-prazo-e-horario-de-verao-acaba-dia-22\/","url":"https:\/\/www.notibras.com\/site\/governo-desiste-de-ampliar-prazo-e-horario-de-verao-acaba-dia-22\/","name":"Governo recua de prazo maior e o hor\u00e1rio de ver\u00e3o acaba s\u00e1bado, 22 - Notibras","isPartOf":{"@id":"https:\/\/www.notibras.com\/site\/#website"},"primaryImageOfPage":{"@id":"https:\/\/www.notibras.com\/site\/governo-desiste-de-ampliar-prazo-e-horario-de-verao-acaba-dia-22\/#primaryimage"},"image":{"@id":"https:\/\/www.notibras.com\/site\/governo-desiste-de-ampliar-prazo-e-horario-de-verao-acaba-dia-22\/#primaryimage"},"thumbnailUrl":"https:\/\/www.notibras.com\/site\/wp-content\/uploads\/2015\/02\/horario-de-ver\u00e3o.jpg","datePublished":"2015-02-12T00:51:41+00:00","dateModified":"2015-02-12T00:54:58+00:00","breadcrumb":{"@id":"https:\/\/www.notibras.com\/site\/governo-desiste-de-ampliar-prazo-e-horario-de-verao-acaba-dia-22\/#breadcrumb"},"inLanguage":"pt-BR","potentialAction":[{"@type":"ReadAction","target":["https:\/\/www.notibras.com\/site\/governo-desiste-de-ampliar-prazo-e-horario-de-verao-acaba-dia-22\/"]}]},{"@type":"ImageObject","inLanguage":"pt-BR","@id":"https:\/\/www.notibras.com\/site\/governo-desiste-de-ampliar-prazo-e-horario-de-verao-acaba-dia-22\/#primaryimage","url":"https:\/\/www.notibras.com\/site\/wp-content\/uploads\/2015\/02\/horario-de-ver\u00e3o.jpg","contentUrl":"https:\/\/www.notibras.com\/site\/wp-content\/uploads\/2015\/02\/horario-de-ver\u00e3o.jpg","width":620,"height":413},{"@type":"BreadcrumbList","@id":"https:\/\/www.notibras.com\/site\/governo-desiste-de-ampliar-prazo-e-horario-de-verao-acaba-dia-22\/#breadcrumb","itemListElement":[{"@type":"ListItem","position":1,"name":"In\u00edcio","item":"https:\/\/www.notibras.com\/site\/"},{"@type":"ListItem","position":2,"name":"Governo recua de prazo maior e o hor\u00e1rio de ver\u00e3o acaba s\u00e1bado, 22"}]},{"@type":"WebSite","@id":"https:\/\/www.notibras.com\/site\/#website","url":"https:\/\/www.notibras.com\/site\/","name":"Notibras","description":"Not\u00edcias de Bras\u00edlia, do Brasil e do Mundo","publisher":{"@id":"https:\/\/www.notibras.com\/site\/#organization"},"potentialAction":[{"@type":"SearchAction","target":{"@type":"EntryPoint","urlTemplate":"https:\/\/www.notibras.com\/site\/?s={search_term_string}"},"query-input":{"@type":"PropertyValueSpecification","valueRequired":true,"valueName":"search_term_string"}}],"inLanguage":"pt-BR"},{"@type":"Organization","@id":"https:\/\/www.notibras.com\/site\/#organization","name":"Grupo Notibras de Comunica\u00e7\u00e3o","url":"https:\/\/www.notibras.com\/site\/","logo":{"@type":"ImageObject","inLanguage":"pt-BR","@id":"https:\/\/www.notibras.com\/site\/#\/schema\/logo\/image\/","url":"https:\/\/www.notibras.com\/site\/wp-content\/uploads\/2023\/01\/notibras23.png","contentUrl":"https:\/\/www.notibras.com\/site\/wp-content\/uploads\/2023\/01\/notibras23.png","width":350,"height":87,"caption":"Grupo Notibras de Comunica\u00e7\u00e3o"},"image":{"@id":"https:\/\/www.notibras.com\/site\/#\/schema\/logo\/image\/"},"sameAs":["https:\/\/www.facebook.com\/notibras\/","https:\/\/x.com\/Notibras","https:\/\/www.instagram.com\/notibras\/"]},{"@type":"Person","@id":"https:\/\/www.notibras.com\/site\/#\/schema\/person\/36ab0979449956132d3e5b517ea76ac8","name":"Reda\u00e7\u00e3o","image":{"@type":"ImageObject","inLanguage":"pt-BR","@id":"https:\/\/secure.gravatar.com\/avatar\/e0a867bdedb85fd243eadf09663511f96fc81e0720a4a42581f334ad4303aa6b?s=96&d=mm&r=g","url":"https:\/\/secure.gravatar.com\/avatar\/e0a867bdedb85fd243eadf09663511f96fc81e0720a4a42581f334ad4303aa6b?s=96&d=mm&r=g","contentUrl":"https:\/\/secure.gravatar.com\/avatar\/e0a867bdedb85fd243eadf09663511f96fc81e0720a4a42581f334ad4303aa6b?s=96&d=mm&r=g","caption":"Reda\u00e7\u00e3o"}}]}},"amp_enabled":true,"_links":{"self":[{"href":"https:\/\/www.notibras.com\/site\/wp-json\/wp\/v2\/posts\/36809","targetHints":{"allow":["GET"]}}],"collection":[{"href":"https:\/\/www.notibras.com\/site\/wp-json\/wp\/v2\/posts"}],"about":[{"href":"https:\/\/www.notibras.com\/site\/wp-json\/wp\/v2\/types\/post"}],"author":[{"embeddable":true,"href":"https:\/\/www.notibras.com\/site\/wp-json\/wp\/v2\/users\/2"}],"replies":[{"embeddable":true,"href":"https:\/\/www.notibras.com\/site\/wp-json\/wp\/v2\/comments?post=36809"}],"version-history":[{"count":0,"href":"https:\/\/www.notibras.com\/site\/wp-json\/wp\/v2\/posts\/36809\/revisions"}],"wp:featuredmedia":[{"embeddable":true,"href":"https:\/\/www.notibras.com\/site\/wp-json\/wp\/v2\/media\/36811"}],"wp:attachment":[{"href":"https:\/\/www.notibras.com\/site\/wp-json\/wp\/v2\/media?parent=36809"}],"wp:term":[{"taxonomy":"category","embeddable":true,"href":"https:\/\/www.notibras.com\/site\/wp-json\/wp\/v2\/categories?post=36809"},{"taxonomy":"post_tag","embeddable":true,"href":"https:\/\/www.notibras.com\/site\/wp-json\/wp\/v2\/tags?post=36809"}],"curies":[{"name":"wp","href":"https:\/\/api.w.org\/{rel}","templated":true}]}}