{"id":368093,"date":"2025-10-22T03:48:09","date_gmt":"2025-10-22T06:48:09","guid":{"rendered":"https:\/\/www.notibras.com\/site\/?p=368093"},"modified":"2025-10-21T23:10:23","modified_gmt":"2025-10-22T02:10:23","slug":"com-ou-sem-crise-nordestino-vai-enfrentando-a-vida-com-trabalho","status":"publish","type":"post","link":"https:\/\/www.notibras.com\/site\/com-ou-sem-crise-nordestino-vai-enfrentando-a-vida-com-trabalho\/","title":{"rendered":"Com ou sem crise, nordestino vai enfrentando a vida com trabalho"},"content":{"rendered":"<p>No cora\u00e7\u00e3o do Nordeste, onde o sol parece nunca descansar, existe um povo que aprendeu a transformar adversidade em aprendizado e dificuldade em coragem. A cada novo desafio econ\u00f4mico que o pa\u00eds enfrenta, o nordestino ergue a cabe\u00e7a e segue \u2014 n\u00e3o por teimosia, mas por uma sabedoria ancestral que o ensina que a vida, mesmo dura, sempre encontra um jeito de florescer.<\/p>\n<p>Nas feiras livres, o burburinho continua, mesmo que o dinheiro falte no bolso. A dona Maria, com seu avental gasto, ajeita o feij\u00e3o e o milho na banca e diz com um sorriso sereno: \u201cA gente d\u00e1 um jeito, Deus ajuda\u201d. E ali, naquela simplicidade, mora uma for\u00e7a que o PIB n\u00e3o mede, que as estat\u00edsticas n\u00e3o entendem \u2014 a for\u00e7a de quem nunca desistiu.<\/p>\n<p>Enquanto as manchetes falam em crise, desemprego e infla\u00e7\u00e3o, o povo nordestino inventa novas formas de viver. O pedreiro que, nas horas vagas, faz artesanato com o barro do quintal; a costureira que reaproveita retalhos e cria moda; o jovem que sonha em empreender com um celular nas m\u00e3os e esperan\u00e7a no peito.<\/p>\n<p>Porque no Nordeste, a crise n\u00e3o \u00e9 o fim \u2014 \u00e9 mais um cap\u00edtulo da hist\u00f3ria de resist\u00eancia. \u00c9 no meio da seca, da escassez e do descaso que nasce a criatividade, que brota o riso, que se reafirma a f\u00e9. E talvez seja por isso que, mesmo em tempos dif\u00edceis, o povo nordestino n\u00e3o se curva: ele se reinventa.<\/p>\n<p>Entre o canto do sanfoneiro e o cheiro do caf\u00e9 coado na hora, a vida segue firme, bonita e corajosa. O Nordeste n\u00e3o \u00e9 feito apenas de sol e areia \u2014 \u00e9 feito de gente que brilha mais que o sol, de m\u00e3os calejadas que sustentam sonhos, e de cora\u00e7\u00f5es que batem em ritmo de esperan\u00e7a.<\/p>\n<p>E assim, enquanto o pa\u00eds oscila entre altos e baixos, o Nordeste continua \u2014 forte, resiliente, e com a mesma certeza de sempre: pode faltar quase tudo, menos a vontade de seguir em frente.<\/p>\n","protected":false},"excerpt":{"rendered":"<p>No cora\u00e7\u00e3o do Nordeste, onde o sol parece nunca descansar, existe um povo que aprendeu a transformar adversidade em aprendizado e dificuldade em coragem. A cada novo desafio econ\u00f4mico que o pa\u00eds enfrenta, o nordestino ergue a cabe\u00e7a e segue \u2014 n\u00e3o por teimosia, mas por uma sabedoria ancestral que o ensina que a vida, [&hellip;]<\/p>\n","protected":false},"author":2,"featured_media":368095,"comment_status":"closed","ping_status":"closed","sticky":false,"template":"","format":"standard","meta":{"_acf_changed":false,"footnotes":""},"categories":[165],"tags":[],"class_list":["post-368093","post","type-post","status-publish","format-standard","has-post-thumbnail","hentry","category-nordeste"],"acf":[],"_links":{"self":[{"href":"https:\/\/www.notibras.com\/site\/wp-json\/wp\/v2\/posts\/368093","targetHints":{"allow":["GET"]}}],"collection":[{"href":"https:\/\/www.notibras.com\/site\/wp-json\/wp\/v2\/posts"}],"about":[{"href":"https:\/\/www.notibras.com\/site\/wp-json\/wp\/v2\/types\/post"}],"author":[{"embeddable":true,"href":"https:\/\/www.notibras.com\/site\/wp-json\/wp\/v2\/users\/2"}],"replies":[{"embeddable":true,"href":"https:\/\/www.notibras.com\/site\/wp-json\/wp\/v2\/comments?post=368093"}],"version-history":[{"count":2,"href":"https:\/\/www.notibras.com\/site\/wp-json\/wp\/v2\/posts\/368093\/revisions"}],"predecessor-version":[{"id":368097,"href":"https:\/\/www.notibras.com\/site\/wp-json\/wp\/v2\/posts\/368093\/revisions\/368097"}],"wp:featuredmedia":[{"embeddable":true,"href":"https:\/\/www.notibras.com\/site\/wp-json\/wp\/v2\/media\/368095"}],"wp:attachment":[{"href":"https:\/\/www.notibras.com\/site\/wp-json\/wp\/v2\/media?parent=368093"}],"wp:term":[{"taxonomy":"category","embeddable":true,"href":"https:\/\/www.notibras.com\/site\/wp-json\/wp\/v2\/categories?post=368093"},{"taxonomy":"post_tag","embeddable":true,"href":"https:\/\/www.notibras.com\/site\/wp-json\/wp\/v2\/tags?post=368093"}],"curies":[{"name":"wp","href":"https:\/\/api.w.org\/{rel}","templated":true}]}}