{"id":368099,"date":"2025-10-22T01:20:55","date_gmt":"2025-10-22T04:20:55","guid":{"rendered":"https:\/\/www.notibras.com\/site\/?p=368099"},"modified":"2025-10-21T23:21:48","modified_gmt":"2025-10-22T02:21:48","slug":"desta-vez-teremos-paz-na-palestina-a-historia-mostra-um-lado-negativo","status":"publish","type":"post","link":"https:\/\/www.notibras.com\/site\/desta-vez-teremos-paz-na-palestina-a-historia-mostra-um-lado-negativo\/","title":{"rendered":"Desta vez teremos paz na Palestina? A Hist\u00f3ria mostra um lado negativo"},"content":{"rendered":"<p>A multipremiada jornalista e escritora canadense Naomi Klein em sua obra mais conhecida, o \u201cbest seller\u201d Doutrina do Choque, prop\u00f5e uma l\u00facida e cruelmente real tese de que o neoliberalismo fomenta as condi\u00e7\u00f5es de destrui\u00e7\u00e3o para ganhar dinheiro substituindo o estado na reconstru\u00e7\u00e3o do que fora destru\u00eddo, reconstru\u00e7\u00e3o esta direcionada para empresas privadas. A autora aponta que o pavor social derivado do choque causado pela destrui\u00e7\u00e3o amortece a capacidade da sociedade de resistir ao avan\u00e7o deste tipo de capitalismo, facilitando assim sobremaneira aos grandes conglomerados privados se apossarem das riquezas constru\u00eddas por toda a sociedade, e ainda se valendo de recursos p\u00fablicos or\u00e7amentais para realizarem seu servi\u00e7o, obviamente pagos pelos contribuintes.<\/p>\n<p>Dentre in\u00fameros caso em que a autora aponta este modus operandi, o que ocorreu no Iraque simboliza o mais not\u00f3rio deles. Ali os EUA constru\u00edram falsamente as condi\u00e7\u00f5es (armas de destrui\u00e7\u00e3o em massa), invadiram o pa\u00eds e o destru\u00edram, e depois delegaram \u00e0 megacorpora\u00e7\u00f5es, principalmente norte-americanas, a reconstru\u00e7\u00e3o a custa do dinheiro do contribuinte norte-americano e das riquezas petrol\u00edferas do Iraque. Um verdadeiro butim pago pela sociedade e que destinou muita riqueza para os pouqu\u00edssimos felizardos que abocanharam os contratos para a \u201creconstru\u00e7\u00e3o\u201d, afora o custo humano de milhares de v\u00edtimas da empreitada. Klein chama a isto de capitalismo do desastre.<\/p>\n<p>Algo parecido parece ocorrer em Gaza. \u00c9 imensamente conhecido que Trump \u00e9 um controverso empres\u00e1rio que, mesmo tendo quebrado algumas empresas e deixado in\u00fameros investidores na pior, se tornou bilion\u00e1rio e sabe como ningu\u00e9m ganhar dinheiro. O aumento da fortuna dele desde a posse como presidente evidencia bem isto. E para quem n\u00e3o sabe, ou n\u00e3o se lembra, Netanyahu foi o ministro da economia do governo israelense que tocou um processo de privatiza\u00e7\u00e3o e redu\u00e7\u00e3o de gastos sociais em Israel na primeira d\u00e9cada dos anos 2000, antes de se tornar primeiro-ministro. Ambos rezam pela cartilha ultra liberal.<\/p>\n<p>Observando isto, n\u00e3o custa imaginar o que pode estar por tr\u00e1s desta s\u00fabita mudan\u00e7a de rota de Trump e Netanyahu quanto ao que ocorre em Gaza, regi\u00e3o em que aproximadamente 84% dos im\u00f3veis foram destru\u00eddos, segundo a ONU. Netanyahu sempre resistiu a qualquer iniciativa de cessar fogo, e de repente aceita condi\u00e7\u00f5es que nunca constaram de seu discurso, como aceitar um governo de palestinos em Gaza, e n\u00e3o colocar como condi\u00e7\u00e3o para o fim dos ataques a elimina\u00e7\u00e3o do Hamas.<\/p>\n<p>Concomitante a isso, Trump j\u00e1 anunciou que h\u00e1 muito dinheiro dispon\u00edvel para a reconstru\u00e7\u00e3o. Considerando que no capitalismo n\u00e3o existe altru\u00edsmo e as empresas se movem pela busca de lucro, \u00e9 poss\u00edvel inferir que os contribuintes de algumas na\u00e7\u00f5es v\u00e3o financiar grupos privados para reconstruir o que Israel destruiu, claro a partir de aportes financeiros de governos pretensamente interessados no bem-estar dos palestinos. E n\u00e3o nos espantemos se algumas iniciativas como privatiza\u00e7\u00e3o da \u00e1gua e da energia e at\u00e9 mesmo das praias locais ocorram neste processo.<\/p>\n<p>E por qu\u00ea o ceticismo quanto a uma efetiva paz na regi\u00e3o? Bem, esta n\u00e3o \u00e9 a primeira vez que os dois lados assinam acordos que trariam a suposta paz definitiva. O mais not\u00f3rio foram os tratados de Camp David, onde as autoridades palestina e israelense, sob a sombra do presidente dos EUA da \u00e9poca, assinaram um acordo \u201cdefinitivo\u201d em 1993. At\u00e9 ganharam o pr\u00eamio Nobel da Paz por isso, embora ganhar o pr\u00eamio Nobel da Paz n\u00e3o seja mais sin\u00f4nimo de luta pela paz, haja vista a vencedora de 2025. Passados poucos anos, a carnificina voltou, n\u00e3o por acaso ao mesmo tempo que Israel percebeu que a ind\u00fastria da guerra d\u00e1 muito mais retorno do que uma ind\u00fastria da paz. Assim, expandiu al\u00e9m de ocupa\u00e7\u00f5es ilegais, o complexo industrial de defesa, fazendo desta mercadoria sua principal pauta de exporta\u00e7\u00f5es, isso tudo sob a batuta de Netanyahu no minist\u00e9rio da economia da \u00e9poca.<\/p>\n<p>S\u00e3o fatos hist\u00f3ricos que evidenciam que n\u00e3o ser\u00e1 nenhuma novidade se daqui a pouco tempo, ap\u00f3s algumas corpora\u00e7\u00f5es terem lucrado muito com a \u201creconstru\u00e7\u00e3o de Gaza\u201d, o horror voltar com futuras destrui\u00e7\u00f5es, e consequentemente novas e lucrativas reconstru\u00e7\u00f5es a custa do dinheiro dos contribuintes dos pa\u00edses \u201camigos\u201d.<\/p>\n<p>Espero estar errado.<\/p>\n<p>&#8230;&#8230;&#8230;&#8230;&#8230;&#8230;<\/p>\n<p><strong>Antonio Eust\u00e1quio \u00e9 Correspondente de Notibras na Europa<\/strong><\/p>\n","protected":false},"excerpt":{"rendered":"<p>A multipremiada jornalista e escritora canadense Naomi Klein em sua obra mais conhecida, o \u201cbest seller\u201d Doutrina do Choque, prop\u00f5e uma l\u00facida e cruelmente real tese de que o neoliberalismo fomenta as condi\u00e7\u00f5es de destrui\u00e7\u00e3o para ganhar dinheiro substituindo o estado na reconstru\u00e7\u00e3o do que fora destru\u00eddo, reconstru\u00e7\u00e3o esta direcionada para empresas privadas. A autora [&hellip;]<\/p>\n","protected":false},"author":2,"featured_media":323490,"comment_status":"closed","ping_status":"closed","sticky":false,"template":"","format":"standard","meta":{"_acf_changed":false,"footnotes":""},"categories":[159],"tags":[95],"class_list":["post-368099","post","type-post","status-publish","format-standard","has-post-thumbnail","hentry","category-apocalipse","tag-capa"],"acf":[],"yoast_head":"<!-- This site is optimized with the Yoast SEO plugin v27.2 - https:\/\/yoast.com\/product\/yoast-seo-wordpress\/ -->\n<title>Desta vez teremos paz na Palestina? A Hist\u00f3ria mostra um lado negativo - Notibras<\/title>\n<meta name=\"robots\" content=\"index, follow, max-snippet:-1, max-image-preview:large, max-video-preview:-1\" \/>\n<link rel=\"canonical\" href=\"https:\/\/www.notibras.com\/site\/desta-vez-teremos-paz-na-palestina-a-historia-mostra-um-lado-negativo\/\" \/>\n<meta property=\"og:locale\" content=\"pt_BR\" \/>\n<meta property=\"og:type\" content=\"article\" \/>\n<meta property=\"og:title\" content=\"Desta vez teremos paz na Palestina? A Hist\u00f3ria mostra um lado negativo - Notibras\" \/>\n<meta property=\"og:description\" content=\"A multipremiada jornalista e escritora canadense Naomi Klein em sua obra mais conhecida, o \u201cbest seller\u201d Doutrina do Choque, prop\u00f5e uma l\u00facida e cruelmente real tese de que o neoliberalismo fomenta as condi\u00e7\u00f5es de destrui\u00e7\u00e3o para ganhar dinheiro substituindo o estado na reconstru\u00e7\u00e3o do que fora destru\u00eddo, reconstru\u00e7\u00e3o esta direcionada para empresas privadas. A autora [&hellip;]\" \/>\n<meta property=\"og:url\" content=\"https:\/\/www.notibras.com\/site\/desta-vez-teremos-paz-na-palestina-a-historia-mostra-um-lado-negativo\/\" \/>\n<meta property=\"og:site_name\" content=\"Notibras\" \/>\n<meta property=\"article:publisher\" content=\"https:\/\/www.facebook.com\/notibras\/\" \/>\n<meta property=\"article:published_time\" content=\"2025-10-22T04:20:55+00:00\" \/>\n<meta property=\"og:image\" content=\"https:\/\/www.notibras.com\/site\/wp-content\/uploads\/2024\/02\/gaza.rep_.reu_.webp\" \/>\n\t<meta property=\"og:image:width\" content=\"1170\" \/>\n\t<meta property=\"og:image:height\" content=\"700\" \/>\n\t<meta property=\"og:image:type\" content=\"image\/webp\" \/>\n<meta name=\"author\" content=\"Reda\u00e7\u00e3o\" \/>\n<meta name=\"twitter:card\" content=\"summary_large_image\" \/>\n<meta name=\"twitter:creator\" content=\"@Notibras\" \/>\n<meta name=\"twitter:site\" content=\"@Notibras\" \/>\n<meta name=\"twitter:label1\" content=\"Escrito por\" \/>\n\t<meta name=\"twitter:data1\" content=\"Reda\u00e7\u00e3o\" \/>\n\t<meta name=\"twitter:label2\" content=\"Est. tempo de leitura\" \/>\n\t<meta name=\"twitter:data2\" content=\"5 minutos\" \/>\n<script type=\"application\/ld+json\" class=\"yoast-schema-graph\">{\"@context\":\"https:\/\/schema.org\",\"@graph\":[{\"@type\":\"Article\",\"@id\":\"https:\/\/www.notibras.com\/site\/desta-vez-teremos-paz-na-palestina-a-historia-mostra-um-lado-negativo\/#article\",\"isPartOf\":{\"@id\":\"https:\/\/www.notibras.com\/site\/desta-vez-teremos-paz-na-palestina-a-historia-mostra-um-lado-negativo\/\"},\"author\":{\"name\":\"Reda\u00e7\u00e3o\",\"@id\":\"https:\/\/www.notibras.com\/site\/#\/schema\/person\/36ab0979449956132d3e5b517ea76ac8\"},\"headline\":\"Desta vez teremos paz na Palestina? A Hist\u00f3ria mostra um lado negativo\",\"datePublished\":\"2025-10-22T04:20:55+00:00\",\"mainEntityOfPage\":{\"@id\":\"https:\/\/www.notibras.com\/site\/desta-vez-teremos-paz-na-palestina-a-historia-mostra-um-lado-negativo\/\"},\"wordCount\":768,\"publisher\":{\"@id\":\"https:\/\/www.notibras.com\/site\/#organization\"},\"image\":{\"@id\":\"https:\/\/www.notibras.com\/site\/desta-vez-teremos-paz-na-palestina-a-historia-mostra-um-lado-negativo\/#primaryimage\"},\"thumbnailUrl\":\"https:\/\/www.notibras.com\/site\/wp-content\/uploads\/2024\/02\/gaza.rep_.reu_.webp\",\"keywords\":[\"capa\"],\"articleSection\":[\"Apocalipse\"],\"inLanguage\":\"pt-BR\"},{\"@type\":\"WebPage\",\"@id\":\"https:\/\/www.notibras.com\/site\/desta-vez-teremos-paz-na-palestina-a-historia-mostra-um-lado-negativo\/\",\"url\":\"https:\/\/www.notibras.com\/site\/desta-vez-teremos-paz-na-palestina-a-historia-mostra-um-lado-negativo\/\",\"name\":\"Desta vez teremos paz na Palestina? A Hist\u00f3ria mostra um lado negativo - Notibras\",\"isPartOf\":{\"@id\":\"https:\/\/www.notibras.com\/site\/#website\"},\"primaryImageOfPage\":{\"@id\":\"https:\/\/www.notibras.com\/site\/desta-vez-teremos-paz-na-palestina-a-historia-mostra-um-lado-negativo\/#primaryimage\"},\"image\":{\"@id\":\"https:\/\/www.notibras.com\/site\/desta-vez-teremos-paz-na-palestina-a-historia-mostra-um-lado-negativo\/#primaryimage\"},\"thumbnailUrl\":\"https:\/\/www.notibras.com\/site\/wp-content\/uploads\/2024\/02\/gaza.rep_.reu_.webp\",\"datePublished\":\"2025-10-22T04:20:55+00:00\",\"breadcrumb\":{\"@id\":\"https:\/\/www.notibras.com\/site\/desta-vez-teremos-paz-na-palestina-a-historia-mostra-um-lado-negativo\/#breadcrumb\"},\"inLanguage\":\"pt-BR\",\"potentialAction\":[{\"@type\":\"ReadAction\",\"target\":[\"https:\/\/www.notibras.com\/site\/desta-vez-teremos-paz-na-palestina-a-historia-mostra-um-lado-negativo\/\"]}]},{\"@type\":\"ImageObject\",\"inLanguage\":\"pt-BR\",\"@id\":\"https:\/\/www.notibras.com\/site\/desta-vez-teremos-paz-na-palestina-a-historia-mostra-um-lado-negativo\/#primaryimage\",\"url\":\"https:\/\/www.notibras.com\/site\/wp-content\/uploads\/2024\/02\/gaza.rep_.reu_.webp\",\"contentUrl\":\"https:\/\/www.notibras.com\/site\/wp-content\/uploads\/2024\/02\/gaza.rep_.reu_.webp\",\"width\":1170,\"height\":700},{\"@type\":\"BreadcrumbList\",\"@id\":\"https:\/\/www.notibras.com\/site\/desta-vez-teremos-paz-na-palestina-a-historia-mostra-um-lado-negativo\/#breadcrumb\",\"itemListElement\":[{\"@type\":\"ListItem\",\"position\":1,\"name\":\"In\u00edcio\",\"item\":\"https:\/\/www.notibras.com\/site\/\"},{\"@type\":\"ListItem\",\"position\":2,\"name\":\"Desta vez teremos paz na Palestina? A Hist\u00f3ria mostra um lado negativo\"}]},{\"@type\":\"WebSite\",\"@id\":\"https:\/\/www.notibras.com\/site\/#website\",\"url\":\"https:\/\/www.notibras.com\/site\/\",\"name\":\"Notibras\",\"description\":\"Not\u00edcias de Bras\u00edlia, do Brasil e do Mundo\",\"publisher\":{\"@id\":\"https:\/\/www.notibras.com\/site\/#organization\"},\"potentialAction\":[{\"@type\":\"SearchAction\",\"target\":{\"@type\":\"EntryPoint\",\"urlTemplate\":\"https:\/\/www.notibras.com\/site\/?s={search_term_string}\"},\"query-input\":{\"@type\":\"PropertyValueSpecification\",\"valueRequired\":true,\"valueName\":\"search_term_string\"}}],\"inLanguage\":\"pt-BR\"},{\"@type\":\"Organization\",\"@id\":\"https:\/\/www.notibras.com\/site\/#organization\",\"name\":\"Grupo Notibras de Comunica\u00e7\u00e3o\",\"url\":\"https:\/\/www.notibras.com\/site\/\",\"logo\":{\"@type\":\"ImageObject\",\"inLanguage\":\"pt-BR\",\"@id\":\"https:\/\/www.notibras.com\/site\/#\/schema\/logo\/image\/\",\"url\":\"https:\/\/www.notibras.com\/site\/wp-content\/uploads\/2023\/01\/notibras23.png\",\"contentUrl\":\"https:\/\/www.notibras.com\/site\/wp-content\/uploads\/2023\/01\/notibras23.png\",\"width\":350,\"height\":87,\"caption\":\"Grupo Notibras de Comunica\u00e7\u00e3o\"},\"image\":{\"@id\":\"https:\/\/www.notibras.com\/site\/#\/schema\/logo\/image\/\"},\"sameAs\":[\"https:\/\/www.facebook.com\/notibras\/\",\"https:\/\/x.com\/Notibras\",\"https:\/\/www.instagram.com\/notibras\/\"]},{\"@type\":\"Person\",\"@id\":\"https:\/\/www.notibras.com\/site\/#\/schema\/person\/36ab0979449956132d3e5b517ea76ac8\",\"name\":\"Reda\u00e7\u00e3o\",\"image\":{\"@type\":\"ImageObject\",\"inLanguage\":\"pt-BR\",\"@id\":\"https:\/\/secure.gravatar.com\/avatar\/e0a867bdedb85fd243eadf09663511f96fc81e0720a4a42581f334ad4303aa6b?s=96&d=mm&r=g\",\"url\":\"https:\/\/secure.gravatar.com\/avatar\/e0a867bdedb85fd243eadf09663511f96fc81e0720a4a42581f334ad4303aa6b?s=96&d=mm&r=g\",\"contentUrl\":\"https:\/\/secure.gravatar.com\/avatar\/e0a867bdedb85fd243eadf09663511f96fc81e0720a4a42581f334ad4303aa6b?s=96&d=mm&r=g\",\"caption\":\"Reda\u00e7\u00e3o\"}}]}<\/script>\n<!-- \/ Yoast SEO plugin. -->","yoast_head_json":{"title":"Desta vez teremos paz na Palestina? A Hist\u00f3ria mostra um lado negativo - Notibras","robots":{"index":"index","follow":"follow","max-snippet":"max-snippet:-1","max-image-preview":"max-image-preview:large","max-video-preview":"max-video-preview:-1"},"canonical":"https:\/\/www.notibras.com\/site\/desta-vez-teremos-paz-na-palestina-a-historia-mostra-um-lado-negativo\/","og_locale":"pt_BR","og_type":"article","og_title":"Desta vez teremos paz na Palestina? A Hist\u00f3ria mostra um lado negativo - Notibras","og_description":"A multipremiada jornalista e escritora canadense Naomi Klein em sua obra mais conhecida, o \u201cbest seller\u201d Doutrina do Choque, prop\u00f5e uma l\u00facida e cruelmente real tese de que o neoliberalismo fomenta as condi\u00e7\u00f5es de destrui\u00e7\u00e3o para ganhar dinheiro substituindo o estado na reconstru\u00e7\u00e3o do que fora destru\u00eddo, reconstru\u00e7\u00e3o esta direcionada para empresas privadas. A autora [&hellip;]","og_url":"https:\/\/www.notibras.com\/site\/desta-vez-teremos-paz-na-palestina-a-historia-mostra-um-lado-negativo\/","og_site_name":"Notibras","article_publisher":"https:\/\/www.facebook.com\/notibras\/","article_published_time":"2025-10-22T04:20:55+00:00","og_image":[{"width":1170,"height":700,"url":"https:\/\/www.notibras.com\/site\/wp-content\/uploads\/2024\/02\/gaza.rep_.reu_.webp","type":"image\/webp"}],"author":"Reda\u00e7\u00e3o","twitter_card":"summary_large_image","twitter_creator":"@Notibras","twitter_site":"@Notibras","twitter_misc":{"Escrito por":"Reda\u00e7\u00e3o","Est. tempo de leitura":"5 minutos"},"schema":{"@context":"https:\/\/schema.org","@graph":[{"@type":"Article","@id":"https:\/\/www.notibras.com\/site\/desta-vez-teremos-paz-na-palestina-a-historia-mostra-um-lado-negativo\/#article","isPartOf":{"@id":"https:\/\/www.notibras.com\/site\/desta-vez-teremos-paz-na-palestina-a-historia-mostra-um-lado-negativo\/"},"author":{"name":"Reda\u00e7\u00e3o","@id":"https:\/\/www.notibras.com\/site\/#\/schema\/person\/36ab0979449956132d3e5b517ea76ac8"},"headline":"Desta vez teremos paz na Palestina? A Hist\u00f3ria mostra um lado negativo","datePublished":"2025-10-22T04:20:55+00:00","mainEntityOfPage":{"@id":"https:\/\/www.notibras.com\/site\/desta-vez-teremos-paz-na-palestina-a-historia-mostra-um-lado-negativo\/"},"wordCount":768,"publisher":{"@id":"https:\/\/www.notibras.com\/site\/#organization"},"image":{"@id":"https:\/\/www.notibras.com\/site\/desta-vez-teremos-paz-na-palestina-a-historia-mostra-um-lado-negativo\/#primaryimage"},"thumbnailUrl":"https:\/\/www.notibras.com\/site\/wp-content\/uploads\/2024\/02\/gaza.rep_.reu_.webp","keywords":["capa"],"articleSection":["Apocalipse"],"inLanguage":"pt-BR"},{"@type":"WebPage","@id":"https:\/\/www.notibras.com\/site\/desta-vez-teremos-paz-na-palestina-a-historia-mostra-um-lado-negativo\/","url":"https:\/\/www.notibras.com\/site\/desta-vez-teremos-paz-na-palestina-a-historia-mostra-um-lado-negativo\/","name":"Desta vez teremos paz na Palestina? A Hist\u00f3ria mostra um lado negativo - Notibras","isPartOf":{"@id":"https:\/\/www.notibras.com\/site\/#website"},"primaryImageOfPage":{"@id":"https:\/\/www.notibras.com\/site\/desta-vez-teremos-paz-na-palestina-a-historia-mostra-um-lado-negativo\/#primaryimage"},"image":{"@id":"https:\/\/www.notibras.com\/site\/desta-vez-teremos-paz-na-palestina-a-historia-mostra-um-lado-negativo\/#primaryimage"},"thumbnailUrl":"https:\/\/www.notibras.com\/site\/wp-content\/uploads\/2024\/02\/gaza.rep_.reu_.webp","datePublished":"2025-10-22T04:20:55+00:00","breadcrumb":{"@id":"https:\/\/www.notibras.com\/site\/desta-vez-teremos-paz-na-palestina-a-historia-mostra-um-lado-negativo\/#breadcrumb"},"inLanguage":"pt-BR","potentialAction":[{"@type":"ReadAction","target":["https:\/\/www.notibras.com\/site\/desta-vez-teremos-paz-na-palestina-a-historia-mostra-um-lado-negativo\/"]}]},{"@type":"ImageObject","inLanguage":"pt-BR","@id":"https:\/\/www.notibras.com\/site\/desta-vez-teremos-paz-na-palestina-a-historia-mostra-um-lado-negativo\/#primaryimage","url":"https:\/\/www.notibras.com\/site\/wp-content\/uploads\/2024\/02\/gaza.rep_.reu_.webp","contentUrl":"https:\/\/www.notibras.com\/site\/wp-content\/uploads\/2024\/02\/gaza.rep_.reu_.webp","width":1170,"height":700},{"@type":"BreadcrumbList","@id":"https:\/\/www.notibras.com\/site\/desta-vez-teremos-paz-na-palestina-a-historia-mostra-um-lado-negativo\/#breadcrumb","itemListElement":[{"@type":"ListItem","position":1,"name":"In\u00edcio","item":"https:\/\/www.notibras.com\/site\/"},{"@type":"ListItem","position":2,"name":"Desta vez teremos paz na Palestina? A Hist\u00f3ria mostra um lado negativo"}]},{"@type":"WebSite","@id":"https:\/\/www.notibras.com\/site\/#website","url":"https:\/\/www.notibras.com\/site\/","name":"Notibras","description":"Not\u00edcias de Bras\u00edlia, do Brasil e do Mundo","publisher":{"@id":"https:\/\/www.notibras.com\/site\/#organization"},"potentialAction":[{"@type":"SearchAction","target":{"@type":"EntryPoint","urlTemplate":"https:\/\/www.notibras.com\/site\/?s={search_term_string}"},"query-input":{"@type":"PropertyValueSpecification","valueRequired":true,"valueName":"search_term_string"}}],"inLanguage":"pt-BR"},{"@type":"Organization","@id":"https:\/\/www.notibras.com\/site\/#organization","name":"Grupo Notibras de Comunica\u00e7\u00e3o","url":"https:\/\/www.notibras.com\/site\/","logo":{"@type":"ImageObject","inLanguage":"pt-BR","@id":"https:\/\/www.notibras.com\/site\/#\/schema\/logo\/image\/","url":"https:\/\/www.notibras.com\/site\/wp-content\/uploads\/2023\/01\/notibras23.png","contentUrl":"https:\/\/www.notibras.com\/site\/wp-content\/uploads\/2023\/01\/notibras23.png","width":350,"height":87,"caption":"Grupo Notibras de Comunica\u00e7\u00e3o"},"image":{"@id":"https:\/\/www.notibras.com\/site\/#\/schema\/logo\/image\/"},"sameAs":["https:\/\/www.facebook.com\/notibras\/","https:\/\/x.com\/Notibras","https:\/\/www.instagram.com\/notibras\/"]},{"@type":"Person","@id":"https:\/\/www.notibras.com\/site\/#\/schema\/person\/36ab0979449956132d3e5b517ea76ac8","name":"Reda\u00e7\u00e3o","image":{"@type":"ImageObject","inLanguage":"pt-BR","@id":"https:\/\/secure.gravatar.com\/avatar\/e0a867bdedb85fd243eadf09663511f96fc81e0720a4a42581f334ad4303aa6b?s=96&d=mm&r=g","url":"https:\/\/secure.gravatar.com\/avatar\/e0a867bdedb85fd243eadf09663511f96fc81e0720a4a42581f334ad4303aa6b?s=96&d=mm&r=g","contentUrl":"https:\/\/secure.gravatar.com\/avatar\/e0a867bdedb85fd243eadf09663511f96fc81e0720a4a42581f334ad4303aa6b?s=96&d=mm&r=g","caption":"Reda\u00e7\u00e3o"}}]}},"amp_enabled":true,"_links":{"self":[{"href":"https:\/\/www.notibras.com\/site\/wp-json\/wp\/v2\/posts\/368099","targetHints":{"allow":["GET"]}}],"collection":[{"href":"https:\/\/www.notibras.com\/site\/wp-json\/wp\/v2\/posts"}],"about":[{"href":"https:\/\/www.notibras.com\/site\/wp-json\/wp\/v2\/types\/post"}],"author":[{"embeddable":true,"href":"https:\/\/www.notibras.com\/site\/wp-json\/wp\/v2\/users\/2"}],"replies":[{"embeddable":true,"href":"https:\/\/www.notibras.com\/site\/wp-json\/wp\/v2\/comments?post=368099"}],"version-history":[{"count":1,"href":"https:\/\/www.notibras.com\/site\/wp-json\/wp\/v2\/posts\/368099\/revisions"}],"predecessor-version":[{"id":368102,"href":"https:\/\/www.notibras.com\/site\/wp-json\/wp\/v2\/posts\/368099\/revisions\/368102"}],"wp:featuredmedia":[{"embeddable":true,"href":"https:\/\/www.notibras.com\/site\/wp-json\/wp\/v2\/media\/323490"}],"wp:attachment":[{"href":"https:\/\/www.notibras.com\/site\/wp-json\/wp\/v2\/media?parent=368099"}],"wp:term":[{"taxonomy":"category","embeddable":true,"href":"https:\/\/www.notibras.com\/site\/wp-json\/wp\/v2\/categories?post=368099"},{"taxonomy":"post_tag","embeddable":true,"href":"https:\/\/www.notibras.com\/site\/wp-json\/wp\/v2\/tags?post=368099"}],"curies":[{"name":"wp","href":"https:\/\/api.w.org\/{rel}","templated":true}]}}