{"id":368125,"date":"2025-10-22T00:00:15","date_gmt":"2025-10-22T03:00:15","guid":{"rendered":"https:\/\/www.notibras.com\/site\/?p=368125"},"modified":"2025-10-22T00:29:33","modified_gmt":"2025-10-22T03:29:33","slug":"carreta-e-retirada-dez-meses-apos-queda-de-ponte-no-maranhao","status":"publish","type":"post","link":"https:\/\/www.notibras.com\/site\/carreta-e-retirada-dez-meses-apos-queda-de-ponte-no-maranhao\/","title":{"rendered":"Carreta \u00e9 retirada dez meses ap\u00f3s queda de ponte no Maranh\u00e3o"},"content":{"rendered":"<p>Quase dez meses depois do desabamento da Ponte Juscelino Kubitschek de Oliveira, na divisa entre Maranh\u00e3o e Tocantins, a carreta de \u00e1cido sulf\u00farico envolvida no incidente foi retirada do Rio Tocantins.<\/p>\n<p>O ve\u00edculo foi um dos sete que ca\u00edram quando a ponte, que ligava as cidades de Aguiarn\u00f3polis (TO) e Estreito (MA), colapsou, em dezembro do ano passado. Ao todo, 14 pessoas morreram e tr\u00eas n\u00e3o foram encontradas.<\/p>\n<p>A opera\u00e7\u00e3o para trazer a carreta \u00e0 superf\u00edcie come\u00e7ou no s\u00e1bado (18), por meio de um processo de reflutua\u00e7\u00e3o, com apoio de dez mergulhadores e o uso de bal\u00f5es com capacidade para aguentar at\u00e9 cinco toneladas. Mas, somente nesta segunda, a equipe conseguiu i\u00e7ar o ve\u00edculo para fora do rio.<\/p>\n<p>O Departamento Nacional de Infraestrutura de Transportes (Dnit) retirou tamb\u00e9m a parte da frente do caminh\u00e3o, al\u00e9m de tr\u00eas recipientes de agrot\u00f3xicos. A opera\u00e7\u00e3o de retirada precisou de geradores, lancha, balsa de apoio, guindaste e escavadeira.<\/p>\n<p>Entre os ve\u00edculos que ca\u00edram no Rio Tocantins no ano passado, tr\u00eas deles transportavam 76 toneladas de \u00e1cido sulf\u00farico e 22 mil litros de agrot\u00f3xicos.<\/p>\n<p>Uma carreta completa, uma caminhonete e duas motocicletas ainda permanecem submersas no leito do rio, e ser\u00e1 necess\u00e1rio um trabalho de dragagem para retirar esses ve\u00edculos. Todos os ve\u00edculos recuperados ir\u00e3o para a Pol\u00edcia Rodovi\u00e1ria Federal (PRF), para que sejam realizados os procedimentos legais.<\/p>\n<p>De acordo com nota conjunta da Ag\u00eancia Nacional de \u00c1guas e Saneamento B\u00e1sico (ANA) e do Instituto Brasileiro do Meio Ambiente e dos Recursos Naturais Renov\u00e1veis (Ibama), as an\u00e1lises da \u00e1gua n\u00e3o indicaram altera\u00e7\u00f5es no Rio Tocantins. Segundo a nota, a quantidade de l\u00edquido do rio diluiu o \u00e1cido sulf\u00farico. Os \u00f3rg\u00e3os tamb\u00e9m n\u00e3o identificaram impactos negativos aos animais da regi\u00e3o.<\/p>\n<p>Uma nova ponte no local est\u00e1 sendo finalizada. Mais de 75% dos servi\u00e7os j\u00e1 foram executados, e a previs\u00e3o de entrega \u00e9 at\u00e9 o fim deste ano.<\/p>\n","protected":false},"excerpt":{"rendered":"<p>Quase dez meses depois do desabamento da Ponte Juscelino Kubitschek de Oliveira, na divisa entre Maranh\u00e3o e Tocantins, a carreta de \u00e1cido sulf\u00farico envolvida no incidente foi retirada do Rio Tocantins. O ve\u00edculo foi um dos sete que ca\u00edram quando a ponte, que ligava as cidades de Aguiarn\u00f3polis (TO) e Estreito (MA), colapsou, em dezembro [&hellip;]<\/p>\n","protected":false},"author":2,"featured_media":368126,"comment_status":"closed","ping_status":"closed","sticky":false,"template":"","format":"standard","meta":{"_acf_changed":false,"footnotes":""},"categories":[165],"tags":[],"class_list":["post-368125","post","type-post","status-publish","format-standard","has-post-thumbnail","hentry","category-nordeste"],"acf":[],"_links":{"self":[{"href":"https:\/\/www.notibras.com\/site\/wp-json\/wp\/v2\/posts\/368125","targetHints":{"allow":["GET"]}}],"collection":[{"href":"https:\/\/www.notibras.com\/site\/wp-json\/wp\/v2\/posts"}],"about":[{"href":"https:\/\/www.notibras.com\/site\/wp-json\/wp\/v2\/types\/post"}],"author":[{"embeddable":true,"href":"https:\/\/www.notibras.com\/site\/wp-json\/wp\/v2\/users\/2"}],"replies":[{"embeddable":true,"href":"https:\/\/www.notibras.com\/site\/wp-json\/wp\/v2\/comments?post=368125"}],"version-history":[{"count":1,"href":"https:\/\/www.notibras.com\/site\/wp-json\/wp\/v2\/posts\/368125\/revisions"}],"predecessor-version":[{"id":368127,"href":"https:\/\/www.notibras.com\/site\/wp-json\/wp\/v2\/posts\/368125\/revisions\/368127"}],"wp:featuredmedia":[{"embeddable":true,"href":"https:\/\/www.notibras.com\/site\/wp-json\/wp\/v2\/media\/368126"}],"wp:attachment":[{"href":"https:\/\/www.notibras.com\/site\/wp-json\/wp\/v2\/media?parent=368125"}],"wp:term":[{"taxonomy":"category","embeddable":true,"href":"https:\/\/www.notibras.com\/site\/wp-json\/wp\/v2\/categories?post=368125"},{"taxonomy":"post_tag","embeddable":true,"href":"https:\/\/www.notibras.com\/site\/wp-json\/wp\/v2\/tags?post=368125"}],"curies":[{"name":"wp","href":"https:\/\/api.w.org\/{rel}","templated":true}]}}