{"id":368223,"date":"2025-10-23T06:14:28","date_gmt":"2025-10-23T09:14:28","guid":{"rendered":"https:\/\/www.notibras.com\/site\/?p=368223"},"modified":"2025-10-23T06:15:06","modified_gmt":"2025-10-23T09:15:06","slug":"a-enigmatica-figura-do-mago-jesus-cristo","status":"publish","type":"post","link":"https:\/\/www.notibras.com\/site\/a-enigmatica-figura-do-mago-jesus-cristo\/","title":{"rendered":"A enigm\u00e1tica figura do Mago Jesus Cristo"},"content":{"rendered":"<p>Entre as figuras mais enigm\u00e1ticas da hist\u00f3ria humana, Jesus Cristo ocupa um lugar singular n\u00e3o apenas na f\u00e9 crist\u00e3, mas tamb\u00e9m nos estudos do esoterismo ocidental. Diversos pesquisadores do hermetismo, da teurgia e da tradi\u00e7\u00e3o gn\u00f3stica o reconhecem como o Mago Divino, o iniciado supremo dos mist\u00e9rios do Verbo. Na tradi\u00e7\u00e3o esot\u00e9rica, Jesus n\u00e3o foi apenas um pregador ou profeta, mas o operador sagrado que manifestou no plano f\u00edsico as leis invis\u00edveis do Esp\u00edrito.<\/p>\n<p>O termo esoterismo crist\u00e3o designa a leitura simb\u00f3lica e interior dos Evangelhos, centrada na ideia de que os milagres de Cristo s\u00e3o atos te\u00fargicos, ou seja, interven\u00e7\u00f5es espirituais que expressam a uni\u00e3o entre o humano e o divino. Essa vis\u00e3o remonta \u00e0s antigas escolas m\u00edsticas alexandrinas e \u00e0s tradi\u00e7\u00f5es gn\u00f3sticas dos primeiros s\u00e9culos do cristianismo.<\/p>\n<p>O conceito de mago \u00e9 derivado do persa magus e do grego magoi, referindo-se originalmente aos s\u00e1bios-sacerdotes da antiga P\u00e9rsia, int\u00e9rpretes dos astros e das for\u00e7as c\u00f3smicas. A magia, no sentido herm\u00e9tico, \u00e9 muito mais do que um conjunto de truques ou encantamentos, pois trata-se da ci\u00eancia sagrada da vontade \u2014 a arte de dirigir as energias espirituais para manifestar a harmonia divina no mundo. A pr\u00e1tica da magia requer o conhecimento e dom\u00ednio das leis que regem o Universo. Assim, Jesus \u00e9 compreendido, pelos esoteristas, como o mago perfeito, aquele cuja vontade \u00e9 id\u00eantica \u00e0 vontade de Deus (\u201cEu e o Pai somos um\u201d \u2013 Jo\u00e3o 10:30).<\/p>\n<p>Sob essa luz, os milagres de Jesus s\u00e3o interpretados como opera\u00e7\u00f5es m\u00e1gicas te\u00fargicas, ou seja, a\u00e7\u00f5es conscientes sobre as for\u00e7as sutis da natureza em conformidade com o Amor divino. Quando transforma a \u00e1gua em vinho em Can\u00e1 da Galileia (Jo\u00e3o 2:1-11), Jesus realiza uma aut\u00eantica transmuta\u00e7\u00e3o alqu\u00edmica, s\u00edmbolo da passagem do estado inferior da mat\u00e9ria ao superior do esp\u00edrito. Ao multiplicar os p\u00e3es e peixes (Mateus 14:13-21), manifesta a lei da abund\u00e2ncia universal \u2014 princ\u00edpio da cria\u00e7\u00e3o infinita que flui do Verbo.<\/p>\n<p>Sua cura dos cegos e leprosos (Lucas 18:35-43; Marcos 1:40-45) exemplifica o poder da palavra e da f\u00e9 como instrumentos m\u00e1gicos de restaura\u00e7\u00e3o do corpo e da alma. O dom\u00ednio sobre as \u00e1guas e os ventos (Mateus 8:23-27) revela o dom\u00ednio dos quatro elementos, e a ressurrei\u00e7\u00e3o de L\u00e1zaro (Jo\u00e3o 11:1-44) \u00e9 s\u00edmbolo supremo da vit\u00f3ria do Esp\u00edrito sobre a morte, o ponto culminante da magia divina \u2014 a reintegra\u00e7\u00e3o do homem \u00e0 eternidade.<\/p>\n<p>No plano simb\u00f3lico, o Cristo mago \u00e9 o mestre que ensina o poder da consci\u00eancia desperta. Caminhar sobre as \u00e1guas (Mateus 14:25) \u00e9 dominar as paix\u00f5es e manter a serenidade diante do caos. Curar com as m\u00e3os \u00e9 canalizar a energia vital universal, o pneuma divino. Ressuscitar \u00e9 despertar a centelha divina adormecida em cada ser humano.<\/p>\n<p>Nos Evangelhos ap\u00f3crifos, como o de Tom\u00e9 e o de Filipe, o Cristo \u00e9 descrito como o revelador dos \u201cmist\u00e9rios do Reino\u201d, portador de um ensinamento inici\u00e1tico reservado \u00e0queles \u201cque t\u00eam ouvidos para ouvir\u201d. Em perspectiva herm\u00e9tica, Jesus representa o Sol espiritual, o Logos que irradia luz e ordem ao cosmos. A Cruz, em sua dimens\u00e3o esot\u00e9rica, \u00e9 o s\u00edmbolo da uni\u00e3o dos quatro elementos \u2014 fogo, \u00e1gua, ar e terra \u2014 e da ascens\u00e3o da alma pela vertical da luz.<\/p>\n<p>O esoterismo crist\u00e3o contempor\u00e2neo, herdeiro das escolas gn\u00f3sticas, rosacruzes e teos\u00f3ficas, compreende o Evangelho como um manual de inicia\u00e7\u00e3o interior. Os \u201cmilagres\u201d s\u00e3o, nesse sentido, met\u00e1foras de processos internos de purifica\u00e7\u00e3o, transmuta\u00e7\u00e3o e ilumina\u00e7\u00e3o. O Cristo, ent\u00e3o, n\u00e3o \u00e9 apenas um ser hist\u00f3rico, mas o Mestre interno que habita em todo homem e mulher que desperta para o amor, a sabedoria e o poder do Esp\u00edrito.<\/p>\n<p>O Mago Jesus Cristo, portanto, \u00e9 aquele que realiza o milagre supremo: transformar o ser humano comum em um instrumento da Divindade, recordando a m\u00e1xima herm\u00e9tica que ecoa tamb\u00e9m em suas palavras \u2014 \u201cEm verdade vos digo: aquele que cr\u00ea em mim far\u00e1 tamb\u00e9m as obras que eu fa\u00e7o, e as far\u00e1 maiores ainda\u201d (Jo\u00e3o 14:12).<\/p>\n<p>&#8230;&#8230;&#8230;&#8230;&#8230;..<\/p>\n<p><strong>Hussein Sabra el-Awar<\/strong><br \/>\n<strong>Membro Conselheiro do Col\u00e9gio dos Magos e Sacerdotisas<\/strong><br \/>\n<strong>@colegiodosmagosesacerdotisas<\/strong><\/p>\n","protected":false},"excerpt":{"rendered":"<p>Entre as figuras mais enigm\u00e1ticas da hist\u00f3ria humana, Jesus Cristo ocupa um lugar singular n\u00e3o apenas na f\u00e9 crist\u00e3, mas tamb\u00e9m nos estudos do esoterismo ocidental. Diversos pesquisadores do hermetismo, da teurgia e da tradi\u00e7\u00e3o gn\u00f3stica o reconhecem como o Mago Divino, o iniciado supremo dos mist\u00e9rios do Verbo. Na tradi\u00e7\u00e3o esot\u00e9rica, Jesus n\u00e3o foi [&hellip;]<\/p>\n","protected":false},"author":2,"featured_media":368224,"comment_status":"closed","ping_status":"closed","sticky":false,"template":"","format":"standard","meta":{"_acf_changed":false,"footnotes":""},"categories":[237],"tags":[],"class_list":["post-368223","post","type-post","status-publish","format-standard","has-post-thumbnail","hentry","category-oraculos"],"acf":[],"yoast_head":"<!-- This site is optimized with the Yoast SEO plugin v27.2 - https:\/\/yoast.com\/product\/yoast-seo-wordpress\/ -->\n<title>A enigm\u00e1tica figura do Mago Jesus Cristo - Notibras<\/title>\n<meta name=\"robots\" content=\"index, follow, max-snippet:-1, max-image-preview:large, max-video-preview:-1\" \/>\n<link rel=\"canonical\" href=\"https:\/\/www.notibras.com\/site\/a-enigmatica-figura-do-mago-jesus-cristo\/\" \/>\n<meta property=\"og:locale\" content=\"pt_BR\" \/>\n<meta property=\"og:type\" content=\"article\" \/>\n<meta property=\"og:title\" content=\"A enigm\u00e1tica figura do Mago Jesus Cristo - Notibras\" \/>\n<meta property=\"og:description\" content=\"Entre as figuras mais enigm\u00e1ticas da hist\u00f3ria humana, Jesus Cristo ocupa um lugar singular n\u00e3o apenas na f\u00e9 crist\u00e3, mas tamb\u00e9m nos estudos do esoterismo ocidental. Diversos pesquisadores do hermetismo, da teurgia e da tradi\u00e7\u00e3o gn\u00f3stica o reconhecem como o Mago Divino, o iniciado supremo dos mist\u00e9rios do Verbo. Na tradi\u00e7\u00e3o esot\u00e9rica, Jesus n\u00e3o foi [&hellip;]\" \/>\n<meta property=\"og:url\" content=\"https:\/\/www.notibras.com\/site\/a-enigmatica-figura-do-mago-jesus-cristo\/\" \/>\n<meta property=\"og:site_name\" content=\"Notibras\" \/>\n<meta property=\"article:publisher\" content=\"https:\/\/www.facebook.com\/notibras\/\" \/>\n<meta property=\"article:published_time\" content=\"2025-10-23T09:14:28+00:00\" \/>\n<meta property=\"article:modified_time\" content=\"2025-10-23T09:15:06+00:00\" \/>\n<meta property=\"og:image\" content=\"https:\/\/www.notibras.com\/site\/wp-content\/uploads\/2025\/10\/4c9159cf-0c18-484e-a840-f9c6ea69f234.jpg\" \/>\n\t<meta property=\"og:image:width\" content=\"1024\" \/>\n\t<meta property=\"og:image:height\" content=\"1536\" \/>\n\t<meta property=\"og:image:type\" content=\"image\/jpeg\" \/>\n<meta name=\"author\" content=\"Reda\u00e7\u00e3o\" \/>\n<meta name=\"twitter:card\" content=\"summary_large_image\" \/>\n<meta name=\"twitter:creator\" content=\"@Notibras\" \/>\n<meta name=\"twitter:site\" content=\"@Notibras\" \/>\n<meta name=\"twitter:label1\" content=\"Escrito por\" \/>\n\t<meta name=\"twitter:data1\" content=\"Reda\u00e7\u00e3o\" \/>\n\t<meta name=\"twitter:label2\" content=\"Est. tempo de leitura\" \/>\n\t<meta name=\"twitter:data2\" content=\"4 minutos\" \/>\n<script type=\"application\/ld+json\" class=\"yoast-schema-graph\">{\"@context\":\"https:\/\/schema.org\",\"@graph\":[{\"@type\":\"Article\",\"@id\":\"https:\/\/www.notibras.com\/site\/a-enigmatica-figura-do-mago-jesus-cristo\/#article\",\"isPartOf\":{\"@id\":\"https:\/\/www.notibras.com\/site\/a-enigmatica-figura-do-mago-jesus-cristo\/\"},\"author\":{\"name\":\"Reda\u00e7\u00e3o\",\"@id\":\"https:\/\/www.notibras.com\/site\/#\/schema\/person\/36ab0979449956132d3e5b517ea76ac8\"},\"headline\":\"A enigm\u00e1tica figura do Mago Jesus Cristo\",\"datePublished\":\"2025-10-23T09:14:28+00:00\",\"dateModified\":\"2025-10-23T09:15:06+00:00\",\"mainEntityOfPage\":{\"@id\":\"https:\/\/www.notibras.com\/site\/a-enigmatica-figura-do-mago-jesus-cristo\/\"},\"wordCount\":746,\"publisher\":{\"@id\":\"https:\/\/www.notibras.com\/site\/#organization\"},\"image\":{\"@id\":\"https:\/\/www.notibras.com\/site\/a-enigmatica-figura-do-mago-jesus-cristo\/#primaryimage\"},\"thumbnailUrl\":\"https:\/\/www.notibras.com\/site\/wp-content\/uploads\/2025\/10\/4c9159cf-0c18-484e-a840-f9c6ea69f234.jpg\",\"articleSection\":[\"Or\u00e1culos\"],\"inLanguage\":\"pt-BR\"},{\"@type\":\"WebPage\",\"@id\":\"https:\/\/www.notibras.com\/site\/a-enigmatica-figura-do-mago-jesus-cristo\/\",\"url\":\"https:\/\/www.notibras.com\/site\/a-enigmatica-figura-do-mago-jesus-cristo\/\",\"name\":\"A enigm\u00e1tica figura do Mago Jesus Cristo - Notibras\",\"isPartOf\":{\"@id\":\"https:\/\/www.notibras.com\/site\/#website\"},\"primaryImageOfPage\":{\"@id\":\"https:\/\/www.notibras.com\/site\/a-enigmatica-figura-do-mago-jesus-cristo\/#primaryimage\"},\"image\":{\"@id\":\"https:\/\/www.notibras.com\/site\/a-enigmatica-figura-do-mago-jesus-cristo\/#primaryimage\"},\"thumbnailUrl\":\"https:\/\/www.notibras.com\/site\/wp-content\/uploads\/2025\/10\/4c9159cf-0c18-484e-a840-f9c6ea69f234.jpg\",\"datePublished\":\"2025-10-23T09:14:28+00:00\",\"dateModified\":\"2025-10-23T09:15:06+00:00\",\"breadcrumb\":{\"@id\":\"https:\/\/www.notibras.com\/site\/a-enigmatica-figura-do-mago-jesus-cristo\/#breadcrumb\"},\"inLanguage\":\"pt-BR\",\"potentialAction\":[{\"@type\":\"ReadAction\",\"target\":[\"https:\/\/www.notibras.com\/site\/a-enigmatica-figura-do-mago-jesus-cristo\/\"]}]},{\"@type\":\"ImageObject\",\"inLanguage\":\"pt-BR\",\"@id\":\"https:\/\/www.notibras.com\/site\/a-enigmatica-figura-do-mago-jesus-cristo\/#primaryimage\",\"url\":\"https:\/\/www.notibras.com\/site\/wp-content\/uploads\/2025\/10\/4c9159cf-0c18-484e-a840-f9c6ea69f234.jpg\",\"contentUrl\":\"https:\/\/www.notibras.com\/site\/wp-content\/uploads\/2025\/10\/4c9159cf-0c18-484e-a840-f9c6ea69f234.jpg\",\"width\":1024,\"height\":1536},{\"@type\":\"BreadcrumbList\",\"@id\":\"https:\/\/www.notibras.com\/site\/a-enigmatica-figura-do-mago-jesus-cristo\/#breadcrumb\",\"itemListElement\":[{\"@type\":\"ListItem\",\"position\":1,\"name\":\"In\u00edcio\",\"item\":\"https:\/\/www.notibras.com\/site\/\"},{\"@type\":\"ListItem\",\"position\":2,\"name\":\"A enigm\u00e1tica figura do Mago Jesus Cristo\"}]},{\"@type\":\"WebSite\",\"@id\":\"https:\/\/www.notibras.com\/site\/#website\",\"url\":\"https:\/\/www.notibras.com\/site\/\",\"name\":\"Notibras\",\"description\":\"Not\u00edcias de Bras\u00edlia, do Brasil e do Mundo\",\"publisher\":{\"@id\":\"https:\/\/www.notibras.com\/site\/#organization\"},\"potentialAction\":[{\"@type\":\"SearchAction\",\"target\":{\"@type\":\"EntryPoint\",\"urlTemplate\":\"https:\/\/www.notibras.com\/site\/?s={search_term_string}\"},\"query-input\":{\"@type\":\"PropertyValueSpecification\",\"valueRequired\":true,\"valueName\":\"search_term_string\"}}],\"inLanguage\":\"pt-BR\"},{\"@type\":\"Organization\",\"@id\":\"https:\/\/www.notibras.com\/site\/#organization\",\"name\":\"Grupo Notibras de Comunica\u00e7\u00e3o\",\"url\":\"https:\/\/www.notibras.com\/site\/\",\"logo\":{\"@type\":\"ImageObject\",\"inLanguage\":\"pt-BR\",\"@id\":\"https:\/\/www.notibras.com\/site\/#\/schema\/logo\/image\/\",\"url\":\"https:\/\/www.notibras.com\/site\/wp-content\/uploads\/2023\/01\/notibras23.png\",\"contentUrl\":\"https:\/\/www.notibras.com\/site\/wp-content\/uploads\/2023\/01\/notibras23.png\",\"width\":350,\"height\":87,\"caption\":\"Grupo Notibras de Comunica\u00e7\u00e3o\"},\"image\":{\"@id\":\"https:\/\/www.notibras.com\/site\/#\/schema\/logo\/image\/\"},\"sameAs\":[\"https:\/\/www.facebook.com\/notibras\/\",\"https:\/\/x.com\/Notibras\",\"https:\/\/www.instagram.com\/notibras\/\"]},{\"@type\":\"Person\",\"@id\":\"https:\/\/www.notibras.com\/site\/#\/schema\/person\/36ab0979449956132d3e5b517ea76ac8\",\"name\":\"Reda\u00e7\u00e3o\",\"image\":{\"@type\":\"ImageObject\",\"inLanguage\":\"pt-BR\",\"@id\":\"https:\/\/secure.gravatar.com\/avatar\/e0a867bdedb85fd243eadf09663511f96fc81e0720a4a42581f334ad4303aa6b?s=96&d=mm&r=g\",\"url\":\"https:\/\/secure.gravatar.com\/avatar\/e0a867bdedb85fd243eadf09663511f96fc81e0720a4a42581f334ad4303aa6b?s=96&d=mm&r=g\",\"contentUrl\":\"https:\/\/secure.gravatar.com\/avatar\/e0a867bdedb85fd243eadf09663511f96fc81e0720a4a42581f334ad4303aa6b?s=96&d=mm&r=g\",\"caption\":\"Reda\u00e7\u00e3o\"}}]}<\/script>\n<!-- \/ Yoast SEO plugin. -->","yoast_head_json":{"title":"A enigm\u00e1tica figura do Mago Jesus Cristo - Notibras","robots":{"index":"index","follow":"follow","max-snippet":"max-snippet:-1","max-image-preview":"max-image-preview:large","max-video-preview":"max-video-preview:-1"},"canonical":"https:\/\/www.notibras.com\/site\/a-enigmatica-figura-do-mago-jesus-cristo\/","og_locale":"pt_BR","og_type":"article","og_title":"A enigm\u00e1tica figura do Mago Jesus Cristo - Notibras","og_description":"Entre as figuras mais enigm\u00e1ticas da hist\u00f3ria humana, Jesus Cristo ocupa um lugar singular n\u00e3o apenas na f\u00e9 crist\u00e3, mas tamb\u00e9m nos estudos do esoterismo ocidental. Diversos pesquisadores do hermetismo, da teurgia e da tradi\u00e7\u00e3o gn\u00f3stica o reconhecem como o Mago Divino, o iniciado supremo dos mist\u00e9rios do Verbo. Na tradi\u00e7\u00e3o esot\u00e9rica, Jesus n\u00e3o foi [&hellip;]","og_url":"https:\/\/www.notibras.com\/site\/a-enigmatica-figura-do-mago-jesus-cristo\/","og_site_name":"Notibras","article_publisher":"https:\/\/www.facebook.com\/notibras\/","article_published_time":"2025-10-23T09:14:28+00:00","article_modified_time":"2025-10-23T09:15:06+00:00","og_image":[{"width":1024,"height":1536,"url":"https:\/\/www.notibras.com\/site\/wp-content\/uploads\/2025\/10\/4c9159cf-0c18-484e-a840-f9c6ea69f234.jpg","type":"image\/jpeg"}],"author":"Reda\u00e7\u00e3o","twitter_card":"summary_large_image","twitter_creator":"@Notibras","twitter_site":"@Notibras","twitter_misc":{"Escrito por":"Reda\u00e7\u00e3o","Est. tempo de leitura":"4 minutos"},"schema":{"@context":"https:\/\/schema.org","@graph":[{"@type":"Article","@id":"https:\/\/www.notibras.com\/site\/a-enigmatica-figura-do-mago-jesus-cristo\/#article","isPartOf":{"@id":"https:\/\/www.notibras.com\/site\/a-enigmatica-figura-do-mago-jesus-cristo\/"},"author":{"name":"Reda\u00e7\u00e3o","@id":"https:\/\/www.notibras.com\/site\/#\/schema\/person\/36ab0979449956132d3e5b517ea76ac8"},"headline":"A enigm\u00e1tica figura do Mago Jesus Cristo","datePublished":"2025-10-23T09:14:28+00:00","dateModified":"2025-10-23T09:15:06+00:00","mainEntityOfPage":{"@id":"https:\/\/www.notibras.com\/site\/a-enigmatica-figura-do-mago-jesus-cristo\/"},"wordCount":746,"publisher":{"@id":"https:\/\/www.notibras.com\/site\/#organization"},"image":{"@id":"https:\/\/www.notibras.com\/site\/a-enigmatica-figura-do-mago-jesus-cristo\/#primaryimage"},"thumbnailUrl":"https:\/\/www.notibras.com\/site\/wp-content\/uploads\/2025\/10\/4c9159cf-0c18-484e-a840-f9c6ea69f234.jpg","articleSection":["Or\u00e1culos"],"inLanguage":"pt-BR"},{"@type":"WebPage","@id":"https:\/\/www.notibras.com\/site\/a-enigmatica-figura-do-mago-jesus-cristo\/","url":"https:\/\/www.notibras.com\/site\/a-enigmatica-figura-do-mago-jesus-cristo\/","name":"A enigm\u00e1tica figura do Mago Jesus Cristo - Notibras","isPartOf":{"@id":"https:\/\/www.notibras.com\/site\/#website"},"primaryImageOfPage":{"@id":"https:\/\/www.notibras.com\/site\/a-enigmatica-figura-do-mago-jesus-cristo\/#primaryimage"},"image":{"@id":"https:\/\/www.notibras.com\/site\/a-enigmatica-figura-do-mago-jesus-cristo\/#primaryimage"},"thumbnailUrl":"https:\/\/www.notibras.com\/site\/wp-content\/uploads\/2025\/10\/4c9159cf-0c18-484e-a840-f9c6ea69f234.jpg","datePublished":"2025-10-23T09:14:28+00:00","dateModified":"2025-10-23T09:15:06+00:00","breadcrumb":{"@id":"https:\/\/www.notibras.com\/site\/a-enigmatica-figura-do-mago-jesus-cristo\/#breadcrumb"},"inLanguage":"pt-BR","potentialAction":[{"@type":"ReadAction","target":["https:\/\/www.notibras.com\/site\/a-enigmatica-figura-do-mago-jesus-cristo\/"]}]},{"@type":"ImageObject","inLanguage":"pt-BR","@id":"https:\/\/www.notibras.com\/site\/a-enigmatica-figura-do-mago-jesus-cristo\/#primaryimage","url":"https:\/\/www.notibras.com\/site\/wp-content\/uploads\/2025\/10\/4c9159cf-0c18-484e-a840-f9c6ea69f234.jpg","contentUrl":"https:\/\/www.notibras.com\/site\/wp-content\/uploads\/2025\/10\/4c9159cf-0c18-484e-a840-f9c6ea69f234.jpg","width":1024,"height":1536},{"@type":"BreadcrumbList","@id":"https:\/\/www.notibras.com\/site\/a-enigmatica-figura-do-mago-jesus-cristo\/#breadcrumb","itemListElement":[{"@type":"ListItem","position":1,"name":"In\u00edcio","item":"https:\/\/www.notibras.com\/site\/"},{"@type":"ListItem","position":2,"name":"A enigm\u00e1tica figura do Mago Jesus Cristo"}]},{"@type":"WebSite","@id":"https:\/\/www.notibras.com\/site\/#website","url":"https:\/\/www.notibras.com\/site\/","name":"Notibras","description":"Not\u00edcias de Bras\u00edlia, do Brasil e do Mundo","publisher":{"@id":"https:\/\/www.notibras.com\/site\/#organization"},"potentialAction":[{"@type":"SearchAction","target":{"@type":"EntryPoint","urlTemplate":"https:\/\/www.notibras.com\/site\/?s={search_term_string}"},"query-input":{"@type":"PropertyValueSpecification","valueRequired":true,"valueName":"search_term_string"}}],"inLanguage":"pt-BR"},{"@type":"Organization","@id":"https:\/\/www.notibras.com\/site\/#organization","name":"Grupo Notibras de Comunica\u00e7\u00e3o","url":"https:\/\/www.notibras.com\/site\/","logo":{"@type":"ImageObject","inLanguage":"pt-BR","@id":"https:\/\/www.notibras.com\/site\/#\/schema\/logo\/image\/","url":"https:\/\/www.notibras.com\/site\/wp-content\/uploads\/2023\/01\/notibras23.png","contentUrl":"https:\/\/www.notibras.com\/site\/wp-content\/uploads\/2023\/01\/notibras23.png","width":350,"height":87,"caption":"Grupo Notibras de Comunica\u00e7\u00e3o"},"image":{"@id":"https:\/\/www.notibras.com\/site\/#\/schema\/logo\/image\/"},"sameAs":["https:\/\/www.facebook.com\/notibras\/","https:\/\/x.com\/Notibras","https:\/\/www.instagram.com\/notibras\/"]},{"@type":"Person","@id":"https:\/\/www.notibras.com\/site\/#\/schema\/person\/36ab0979449956132d3e5b517ea76ac8","name":"Reda\u00e7\u00e3o","image":{"@type":"ImageObject","inLanguage":"pt-BR","@id":"https:\/\/secure.gravatar.com\/avatar\/e0a867bdedb85fd243eadf09663511f96fc81e0720a4a42581f334ad4303aa6b?s=96&d=mm&r=g","url":"https:\/\/secure.gravatar.com\/avatar\/e0a867bdedb85fd243eadf09663511f96fc81e0720a4a42581f334ad4303aa6b?s=96&d=mm&r=g","contentUrl":"https:\/\/secure.gravatar.com\/avatar\/e0a867bdedb85fd243eadf09663511f96fc81e0720a4a42581f334ad4303aa6b?s=96&d=mm&r=g","caption":"Reda\u00e7\u00e3o"}}]}},"amp_enabled":true,"_links":{"self":[{"href":"https:\/\/www.notibras.com\/site\/wp-json\/wp\/v2\/posts\/368223","targetHints":{"allow":["GET"]}}],"collection":[{"href":"https:\/\/www.notibras.com\/site\/wp-json\/wp\/v2\/posts"}],"about":[{"href":"https:\/\/www.notibras.com\/site\/wp-json\/wp\/v2\/types\/post"}],"author":[{"embeddable":true,"href":"https:\/\/www.notibras.com\/site\/wp-json\/wp\/v2\/users\/2"}],"replies":[{"embeddable":true,"href":"https:\/\/www.notibras.com\/site\/wp-json\/wp\/v2\/comments?post=368223"}],"version-history":[{"count":1,"href":"https:\/\/www.notibras.com\/site\/wp-json\/wp\/v2\/posts\/368223\/revisions"}],"predecessor-version":[{"id":368225,"href":"https:\/\/www.notibras.com\/site\/wp-json\/wp\/v2\/posts\/368223\/revisions\/368225"}],"wp:featuredmedia":[{"embeddable":true,"href":"https:\/\/www.notibras.com\/site\/wp-json\/wp\/v2\/media\/368224"}],"wp:attachment":[{"href":"https:\/\/www.notibras.com\/site\/wp-json\/wp\/v2\/media?parent=368223"}],"wp:term":[{"taxonomy":"category","embeddable":true,"href":"https:\/\/www.notibras.com\/site\/wp-json\/wp\/v2\/categories?post=368223"},{"taxonomy":"post_tag","embeddable":true,"href":"https:\/\/www.notibras.com\/site\/wp-json\/wp\/v2\/tags?post=368223"}],"curies":[{"name":"wp","href":"https:\/\/api.w.org\/{rel}","templated":true}]}}