{"id":368226,"date":"2025-10-23T06:20:32","date_gmt":"2025-10-23T09:20:32","guid":{"rendered":"https:\/\/www.notibras.com\/site\/?p=368226"},"modified":"2025-10-23T06:25:02","modified_gmt":"2025-10-23T09:25:02","slug":"esgoto-despejado-na-praia-da-ponta-dareia-causa-mau-cheiro-e-irrita-moradores","status":"publish","type":"post","link":"https:\/\/www.notibras.com\/site\/esgoto-despejado-na-praia-da-ponta-dareia-causa-mau-cheiro-e-irrita-moradores\/","title":{"rendered":"Esgoto despejado na Praia da Ponta d\u2019Areia causa mau cheiro e irrita moradores"},"content":{"rendered":"<p>O cen\u00e1rio paradis\u00edaco da Praia da Ponta d\u2019Areia, um dos cart\u00f5es-postais mais conhecidos de S\u00e3o Lu\u00eds, tem sido ofuscado por um problema persistente e malcheiroso: o despejo irregular de esgoto nas \u00e1guas e na areia da orla. O que deveria ser um espa\u00e7o de lazer e contempla\u00e7\u00e3o transformou-se em foco de mau cheiro, polui\u00e7\u00e3o e indigna\u00e7\u00e3o entre os moradores e frequentadores da regi\u00e3o.<\/p>\n<p>Nos \u00faltimos meses, quem passa pela \u00e1rea percebe facilmente o desconforto. O odor forte vindo de canais de drenagem e o aspecto turvo da \u00e1gua denunciam o que, para os moradores, j\u00e1 \u00e9 um velho conhecido: o esgoto corre livremente at\u00e9 o mar.<\/p>\n<p>\u201cN\u00e3o d\u00e1 mais pra ficar aqui depois das quatro da tarde. O vento traz o cheiro do esgoto direto pra dentro das casas\u201d, reclama a comerciante Maria das Dores Silva, que mant\u00e9m um pequeno quiosque na avenida principal da Ponta d\u2019Areia h\u00e1 mais de dez anos.<\/p>\n<p>Ela conta que o movimento de clientes caiu quase pela metade desde que o problema se agravou. \u201cQuem vai querer tomar uma \u00e1gua de coco sentindo cheiro de fossa?\u201d, questiona.<\/p>\n<p>Assim como Maria, dezenas de moradores relatam preju\u00edzos e perda de qualidade de vida. O problema se repete a cada per\u00edodo chuvoso, quando a drenagem urbana mistura \u00e1guas pluviais com o esgoto dom\u00e9stico que escapa de tubula\u00e7\u00f5es danificadas.<\/p>\n<p>Especialistas alertam que o despejo de esgoto \u201cin natura\u201d nas praias representa grave risco \u00e0 sa\u00fade p\u00fablica. A presen\u00e7a de coliformes fecais e outros microrganismos patog\u00eanicos pode causar infec\u00e7\u00f5es de pele, gastrite, conjuntivite e at\u00e9 doen\u00e7as mais s\u00e9rias.<\/p>\n<p>Al\u00e9m dos riscos diretos \u00e0 popula\u00e7\u00e3o, o impacto ambiental \u00e9 devastador. A contamina\u00e7\u00e3o compromete os ecossistemas costeiros, destr\u00f3i a vida marinha e acelera o processo de eros\u00e3o da faixa de areia. Manguezais pr\u00f3ximos, que funcionam como ber\u00e7\u00e1rios naturais, tamb\u00e9m sofrem com o despejo cont\u00ednuo de res\u00edduos.<\/p>\n<p>A Companhia de Saneamento Ambiental do Maranh\u00e3o (Caema) j\u00e1 foi multada e condenada judicialmente por lan\u00e7amentos irregulares de esgoto na regi\u00e3o da Ponta d\u2019Areia. Apesar disso, os moradores afirmam que as medidas adotadas s\u00e3o paliativas e que o problema volta a se repetir meses depois.<\/p>\n<p>A Secretaria de Estado do Meio Ambiente (SEMA) monitora semanalmente a balneabilidade das praias da Grande S\u00e3o Lu\u00eds. Em seus relat\u00f3rios, a Ponta d\u2019Areia aparece com frequ\u00eancia na lista de locais impr\u00f3prios para banho, principalmente ap\u00f3s o per\u00edodo de chuvas \u2014 quando o sistema de drenagem se sobrecarrega.<\/p>\n<p>Em nota recente, a SEMA informou que \u201cmant\u00e9m fiscaliza\u00e7\u00e3o constante e cobra das concession\u00e1rias e empreendimentos o cumprimento das normas ambientais\u201d. No entanto, os dados oficiais mostram que pouco mudou: trechos da praia continuam com \u00edndices de contamina\u00e7\u00e3o acima do permitido.<\/p>\n<p>Engenheiros e ambientalistas apontam uma combina\u00e7\u00e3o de fatores para a persist\u00eancia do problema:<\/p>\n<p>\u2022rede de esgoto antiga e insuficiente;<br \/>\n\u2022liga\u00e7\u00f5es clandestinas que lan\u00e7am efluentes diretamente na drenagem pluvial;<br \/>\n\u2022crescimento desordenado da orla, sem infraestrutura sanit\u00e1ria adequada;<br \/>\n\u2022falta de fiscaliza\u00e7\u00e3o efetiva e puni\u00e7\u00f5es mais severas.<\/p>\n<p>Segundo levantamento da Universidade Estadual do Maranh\u00e3o (UEMA), menos de 15% do esgoto produzido na capital \u00e9 tratado antes de ser lan\u00e7ado no meio ambiente. O restante acaba indo parar nos rios, manguezais e, inevitavelmente, nas praias.<\/p>\n<p>Para muitos, o esgoto da Ponta d\u2019Areia \u00e9 o s\u00edmbolo de um problema maior: o abandono do saneamento b\u00e1sico em S\u00e3o Lu\u00eds. A cidade cresceu voltada para o mar, mas negligenciou suas bases ambientais. A cada nova den\u00fancia, as promessas de solu\u00e7\u00e3o se renovam, mas o cheiro persiste \u2014 lembrando que a natureza cobra caro pelos erros humanos.<\/p>\n<p>Enquanto as autoridades trocam notas e relat\u00f3rios, os moradores continuam a conviver com o desconforto. \u201cA gente ama essa praia, mas parece que ningu\u00e9m mais liga pra ela\u201d, lamenta o morador Jo\u00e3o Victor, apontando para o mar escurecido pelo esgoto.<\/p>\n<p>A recupera\u00e7\u00e3o da Ponta d\u2019Areia exige mais que promessas: requer investimentos reais em infraestrutura sanit\u00e1ria, fiscaliza\u00e7\u00e3o rigorosa e responsabiliza\u00e7\u00e3o dos poluidores. Afinal, preservar as praias de S\u00e3o Lu\u00eds n\u00e3o \u00e9 apenas quest\u00e3o de est\u00e9tica ou turismo \u2014 \u00e9 quest\u00e3o de sa\u00fade p\u00fablica, dignidade e futuro sustent\u00e1vel.<\/p>\n","protected":false},"excerpt":{"rendered":"<p>O cen\u00e1rio paradis\u00edaco da Praia da Ponta d\u2019Areia, um dos cart\u00f5es-postais mais conhecidos de S\u00e3o Lu\u00eds, tem sido ofuscado por um problema persistente e malcheiroso: o despejo irregular de esgoto nas \u00e1guas e na areia da orla. O que deveria ser um espa\u00e7o de lazer e contempla\u00e7\u00e3o transformou-se em foco de mau cheiro, polui\u00e7\u00e3o e [&hellip;]<\/p>\n","protected":false},"author":2,"featured_media":368227,"comment_status":"closed","ping_status":"closed","sticky":false,"template":"","format":"standard","meta":{"_acf_changed":false,"footnotes":""},"categories":[165],"tags":[],"class_list":["post-368226","post","type-post","status-publish","format-standard","has-post-thumbnail","hentry","category-nordeste"],"acf":[],"_links":{"self":[{"href":"https:\/\/www.notibras.com\/site\/wp-json\/wp\/v2\/posts\/368226","targetHints":{"allow":["GET"]}}],"collection":[{"href":"https:\/\/www.notibras.com\/site\/wp-json\/wp\/v2\/posts"}],"about":[{"href":"https:\/\/www.notibras.com\/site\/wp-json\/wp\/v2\/types\/post"}],"author":[{"embeddable":true,"href":"https:\/\/www.notibras.com\/site\/wp-json\/wp\/v2\/users\/2"}],"replies":[{"embeddable":true,"href":"https:\/\/www.notibras.com\/site\/wp-json\/wp\/v2\/comments?post=368226"}],"version-history":[{"count":4,"href":"https:\/\/www.notibras.com\/site\/wp-json\/wp\/v2\/posts\/368226\/revisions"}],"predecessor-version":[{"id":368231,"href":"https:\/\/www.notibras.com\/site\/wp-json\/wp\/v2\/posts\/368226\/revisions\/368231"}],"wp:featuredmedia":[{"embeddable":true,"href":"https:\/\/www.notibras.com\/site\/wp-json\/wp\/v2\/media\/368227"}],"wp:attachment":[{"href":"https:\/\/www.notibras.com\/site\/wp-json\/wp\/v2\/media?parent=368226"}],"wp:term":[{"taxonomy":"category","embeddable":true,"href":"https:\/\/www.notibras.com\/site\/wp-json\/wp\/v2\/categories?post=368226"},{"taxonomy":"post_tag","embeddable":true,"href":"https:\/\/www.notibras.com\/site\/wp-json\/wp\/v2\/tags?post=368226"}],"curies":[{"name":"wp","href":"https:\/\/api.w.org\/{rel}","templated":true}]}}