{"id":368232,"date":"2025-10-23T06:00:02","date_gmt":"2025-10-23T09:00:02","guid":{"rendered":"https:\/\/www.notibras.com\/site\/?p=368232"},"modified":"2025-10-23T06:31:08","modified_gmt":"2025-10-23T09:31:08","slug":"maos-de-quem-ama-e-a-violencia-domestica-que-abala-o-nordeste","status":"publish","type":"post","link":"https:\/\/www.notibras.com\/site\/maos-de-quem-ama-e-a-violencia-domestica-que-abala-o-nordeste\/","title":{"rendered":"M\u00e3os de quem ama e a viol\u00eancia dom\u00e9stica que abala o Nordeste"},"content":{"rendered":"<p>No sil\u00eancio das casas simples, de janelas abertas e cortinas que dan\u00e7am com o vento do sert\u00e3o, h\u00e1 hist\u00f3rias que gritam \u2014 mesmo quando ningu\u00e9m escuta. Hist\u00f3rias de mulheres que aprenderam, desde cedo, que o amor, \u00e0s vezes, chega de forma distorcida: em gritos, em tapas, em sil\u00eancios for\u00e7ados.<\/p>\n<p>No Nordeste, terra de f\u00e9 e resist\u00eancia, as m\u00e3os que antes plantavam, bordavam e acolhiam, muitas vezes se tornam marcas de uma dor escondida. S\u00e3o m\u00e3os calejadas pela luta da vida, mas tamb\u00e9m feridas por quem deveria cuidar. O amor, que deveria ser ref\u00fagio, torna-se pris\u00e3o. E a casa, que deveria ser abrigo, vira cen\u00e1rio de medo.<\/p>\n<p>Maria, Joana, Luzinete\u2026 nomes que se repetem nos jornais, nas r\u00e1dios, nas conversas sussurradas das vizinhas. Cada uma delas carrega no corpo e na alma a lembran\u00e7a amarga de um \u201ceu te amo\u201d que veio seguido de um \u201cme perdoa\u201d. E o ciclo recome\u00e7a, entre promessas e l\u00e1grimas, porque o cora\u00e7\u00e3o quer crer que um dia ele vai mudar.<\/p>\n<p>Mas o tempo ensina, de forma dura, que o amor n\u00e3o machuca. E que o sil\u00eancio tamb\u00e9m \u00e9 uma ferida. Nas feiras, nas igrejas, nos terreiros, nas pra\u00e7as \u2014 o assunto ainda \u00e9 tabu. Muitas preferem calar-se, com medo do julgamento, da solid\u00e3o ou da falta de apoio.<\/p>\n<p>Contudo, entre as sombras, brotam vozes. Mulheres que se unem, que erguem a cabe\u00e7a e transformam a dor em luta. Associa\u00e7\u00f5es, coletivos e campanhas se espalham pelo Nordeste, mostrando que resistir tamb\u00e9m \u00e9 amar \u2014 amar a si mesma, \u00e0 vida e \u00e0s outras.<\/p>\n<p>As m\u00e3os que um dia foram feridas agora costuram novas hist\u00f3rias: de for\u00e7a, de cura e de liberdade. Porque amar, de verdade, nunca \u00e9 possuir, nunca \u00e9 ferir. Amar \u00e9 permitir que o outro flores\u00e7a, sem medo.<\/p>\n<p>E assim, no cora\u00e7\u00e3o quente do Nordeste, o sol nasce mais uma vez \u2014 iluminando as mulheres que, com coragem, transformam o que era dor em renascimento.<\/p>\n","protected":false},"excerpt":{"rendered":"<p>No sil\u00eancio das casas simples, de janelas abertas e cortinas que dan\u00e7am com o vento do sert\u00e3o, h\u00e1 hist\u00f3rias que gritam \u2014 mesmo quando ningu\u00e9m escuta. Hist\u00f3rias de mulheres que aprenderam, desde cedo, que o amor, \u00e0s vezes, chega de forma distorcida: em gritos, em tapas, em sil\u00eancios for\u00e7ados. No Nordeste, terra de f\u00e9 e [&hellip;]<\/p>\n","protected":false},"author":2,"featured_media":368233,"comment_status":"closed","ping_status":"closed","sticky":false,"template":"","format":"standard","meta":{"_acf_changed":false,"footnotes":""},"categories":[165],"tags":[],"class_list":["post-368232","post","type-post","status-publish","format-standard","has-post-thumbnail","hentry","category-nordeste"],"acf":[],"_links":{"self":[{"href":"https:\/\/www.notibras.com\/site\/wp-json\/wp\/v2\/posts\/368232","targetHints":{"allow":["GET"]}}],"collection":[{"href":"https:\/\/www.notibras.com\/site\/wp-json\/wp\/v2\/posts"}],"about":[{"href":"https:\/\/www.notibras.com\/site\/wp-json\/wp\/v2\/types\/post"}],"author":[{"embeddable":true,"href":"https:\/\/www.notibras.com\/site\/wp-json\/wp\/v2\/users\/2"}],"replies":[{"embeddable":true,"href":"https:\/\/www.notibras.com\/site\/wp-json\/wp\/v2\/comments?post=368232"}],"version-history":[{"count":2,"href":"https:\/\/www.notibras.com\/site\/wp-json\/wp\/v2\/posts\/368232\/revisions"}],"predecessor-version":[{"id":368235,"href":"https:\/\/www.notibras.com\/site\/wp-json\/wp\/v2\/posts\/368232\/revisions\/368235"}],"wp:featuredmedia":[{"embeddable":true,"href":"https:\/\/www.notibras.com\/site\/wp-json\/wp\/v2\/media\/368233"}],"wp:attachment":[{"href":"https:\/\/www.notibras.com\/site\/wp-json\/wp\/v2\/media?parent=368232"}],"wp:term":[{"taxonomy":"category","embeddable":true,"href":"https:\/\/www.notibras.com\/site\/wp-json\/wp\/v2\/categories?post=368232"},{"taxonomy":"post_tag","embeddable":true,"href":"https:\/\/www.notibras.com\/site\/wp-json\/wp\/v2\/tags?post=368232"}],"curies":[{"name":"wp","href":"https:\/\/api.w.org\/{rel}","templated":true}]}}