{"id":368243,"date":"2025-10-23T10:49:59","date_gmt":"2025-10-23T13:49:59","guid":{"rendered":"https:\/\/www.notibras.com\/site\/?p=368243"},"modified":"2025-10-23T10:51:35","modified_gmt":"2025-10-23T13:51:35","slug":"trump-cancela-cupula-com-putin-e-kremlin-ve-no-gesto-ato-de-guerra","status":"publish","type":"post","link":"https:\/\/www.notibras.com\/site\/trump-cancela-cupula-com-putin-e-kremlin-ve-no-gesto-ato-de-guerra\/","title":{"rendered":"Trump cancela c\u00fapula com Putin e Kremlin v\u00ea no gesto &#8216;ato de guerra&#8217;"},"content":{"rendered":"<p>O presidente norte-americano Donald Trump lan\u00e7ou um &#8220;ato de guerra&#8221; contra a R\u00fassia com novas san\u00e7\u00f5es \u00e0s suas maiores empresas de petr\u00f3leo e o cancelamento de uma c\u00fapula proposta com seu hom\u00f3logo russo Vladimir Putin. Foi o que revelou nesta quinta, 23, Dmitry Medvedev, vice-presidente do Conselho de Seguran\u00e7a da Federa\u00e7\u00e3o Russa e ex-presidente do pa\u00eds.<\/p>\n<p>Em uma postagem no Telegram, Medvedev foi enf\u00e1tico: &#8220;Se algum dos muitos comentaristas ainda tinha ilus\u00f5es \u2014 aqui est\u00e1. Os EUA s\u00e3o nossos inimigos, e seu &#8216;pacificador&#8217; tagarela agora est\u00e1 a caminho da guerra com a R\u00fassia&#8221;.<\/p>\n<p>Trump se posicionou como um &#8220;pacificador&#8221;, determinado a adicionar a guerra na Ucr\u00e2nia \u00e0 sua lista de conflitos que agora contam com acordos de cessar-fogo ou paz. Mas, em uma a\u00e7\u00e3o surpreendente na quarta-feira, a Casa Branca anunciou san\u00e7\u00f5es \u00e0s duas maiores petrol\u00edferas russas \u2014 Rosneft e Lukoil \u2014 em uma tentativa de pressionar Moscou a se sentar \u00e0 mesa de negocia\u00e7\u00f5es.<\/p>\n<p>A Ucr\u00e2nia tamb\u00e9m tem como alvo a poderosa ind\u00fastria petrol\u00edfera russa, numa tentativa de cortar o acesso do Kremlin a fontes vitais de renda que sustentam seu esfor\u00e7o de guerra. Enquanto isso, o Reino Unido imp\u00f4s san\u00e7\u00f5es \u00e0s duas grandes petrol\u00edferas na semana passada, alegando que a Rosneft sozinha produzia quase metade de todo o petr\u00f3leo russo.<\/p>\n<p>Medvedev \u00e9 conhecido por suas declara\u00e7\u00f5es contundentes nas redes sociais, incluindo aquelas dirigidas a Trump. &#8220;Sim, ele nem sempre luta ativamente ao lado da Kiev banderista, mas este conflito agora \u00e9 dele, n\u00e3o do senil Biden!&#8221;, disse Medvedev. O termo &#8220;banderista&#8221; refere-se ao controverso nacionalista ucraniano antissovi\u00e9tico da Segunda Guerra Mundial, Stepan Bandera.<\/p>\n<p>&#8220;\u00c9 claro que dir\u00e3o que ele n\u00e3o poderia ter agido de outra forma, que foi pressionado pelo Congresso, etc.&#8221;, acrescentou Medvedev. &#8220;Isso n\u00e3o muda o ponto principal: as decis\u00f5es tomadas s\u00e3o um ato de guerra contra a R\u00fassia. E agora Trump se aliou totalmente \u00e0 Europa insana.&#8221;<\/p>\n","protected":false},"excerpt":{"rendered":"<p>O presidente norte-americano Donald Trump lan\u00e7ou um &#8220;ato de guerra&#8221; contra a R\u00fassia com novas san\u00e7\u00f5es \u00e0s suas maiores empresas de petr\u00f3leo e o cancelamento de uma c\u00fapula proposta com seu hom\u00f3logo russo Vladimir Putin. Foi o que revelou nesta quinta, 23, Dmitry Medvedev, vice-presidente do Conselho de Seguran\u00e7a da Federa\u00e7\u00e3o Russa e ex-presidente do [&hellip;]<\/p>\n","protected":false},"author":2,"featured_media":368244,"comment_status":"closed","ping_status":"closed","sticky":false,"template":"","format":"standard","meta":{"_acf_changed":false,"footnotes":""},"categories":[159],"tags":[95],"class_list":["post-368243","post","type-post","status-publish","format-standard","has-post-thumbnail","hentry","category-apocalipse","tag-capa"],"acf":[],"yoast_head":"<!-- This site is optimized with the Yoast SEO plugin v27.2 - https:\/\/yoast.com\/product\/yoast-seo-wordpress\/ -->\n<title>Trump cancela c\u00fapula com Putin e Kremlin v\u00ea no gesto &#039;ato de guerra&#039; - Notibras<\/title>\n<meta name=\"robots\" content=\"index, follow, max-snippet:-1, max-image-preview:large, max-video-preview:-1\" \/>\n<link rel=\"canonical\" href=\"https:\/\/www.notibras.com\/site\/trump-cancela-cupula-com-putin-e-kremlin-ve-no-gesto-ato-de-guerra\/\" \/>\n<meta property=\"og:locale\" content=\"pt_BR\" \/>\n<meta property=\"og:type\" content=\"article\" \/>\n<meta property=\"og:title\" content=\"Trump cancela c\u00fapula com Putin e Kremlin v\u00ea no gesto &#039;ato de guerra&#039; - Notibras\" \/>\n<meta property=\"og:description\" content=\"O presidente norte-americano Donald Trump lan\u00e7ou um &#8220;ato de guerra&#8221; contra a R\u00fassia com novas san\u00e7\u00f5es \u00e0s suas maiores empresas de petr\u00f3leo e o cancelamento de uma c\u00fapula proposta com seu hom\u00f3logo russo Vladimir Putin. Foi o que revelou nesta quinta, 23, Dmitry Medvedev, vice-presidente do Conselho de Seguran\u00e7a da Federa\u00e7\u00e3o Russa e ex-presidente do [&hellip;]\" \/>\n<meta property=\"og:url\" content=\"https:\/\/www.notibras.com\/site\/trump-cancela-cupula-com-putin-e-kremlin-ve-no-gesto-ato-de-guerra\/\" \/>\n<meta property=\"og:site_name\" content=\"Notibras\" \/>\n<meta property=\"article:publisher\" content=\"https:\/\/www.facebook.com\/notibras\/\" \/>\n<meta property=\"article:published_time\" content=\"2025-10-23T13:49:59+00:00\" \/>\n<meta property=\"article:modified_time\" content=\"2025-10-23T13:51:35+00:00\" \/>\n<meta property=\"og:image\" content=\"https:\/\/www.notibras.com\/site\/wp-content\/uploads\/2025\/10\/AP25227838322681-1-1.webp\" \/>\n\t<meta property=\"og:image:width\" content=\"1200\" \/>\n\t<meta property=\"og:image:height\" content=\"800\" \/>\n\t<meta property=\"og:image:type\" content=\"image\/webp\" \/>\n<meta name=\"author\" content=\"Reda\u00e7\u00e3o\" \/>\n<meta name=\"twitter:card\" content=\"summary_large_image\" \/>\n<meta name=\"twitter:creator\" content=\"@Notibras\" \/>\n<meta name=\"twitter:site\" content=\"@Notibras\" \/>\n<meta name=\"twitter:label1\" content=\"Escrito por\" \/>\n\t<meta name=\"twitter:data1\" content=\"Reda\u00e7\u00e3o\" \/>\n\t<meta name=\"twitter:label2\" content=\"Est. tempo de leitura\" \/>\n\t<meta name=\"twitter:data2\" content=\"2 minutos\" \/>\n<script type=\"application\/ld+json\" class=\"yoast-schema-graph\">{\"@context\":\"https:\/\/schema.org\",\"@graph\":[{\"@type\":\"Article\",\"@id\":\"https:\/\/www.notibras.com\/site\/trump-cancela-cupula-com-putin-e-kremlin-ve-no-gesto-ato-de-guerra\/#article\",\"isPartOf\":{\"@id\":\"https:\/\/www.notibras.com\/site\/trump-cancela-cupula-com-putin-e-kremlin-ve-no-gesto-ato-de-guerra\/\"},\"author\":{\"name\":\"Reda\u00e7\u00e3o\",\"@id\":\"https:\/\/www.notibras.com\/site\/#\/schema\/person\/36ab0979449956132d3e5b517ea76ac8\"},\"headline\":\"Trump cancela c\u00fapula com Putin e Kremlin v\u00ea no gesto &#8216;ato de guerra&#8217;\",\"datePublished\":\"2025-10-23T13:49:59+00:00\",\"dateModified\":\"2025-10-23T13:51:35+00:00\",\"mainEntityOfPage\":{\"@id\":\"https:\/\/www.notibras.com\/site\/trump-cancela-cupula-com-putin-e-kremlin-ve-no-gesto-ato-de-guerra\/\"},\"wordCount\":352,\"publisher\":{\"@id\":\"https:\/\/www.notibras.com\/site\/#organization\"},\"image\":{\"@id\":\"https:\/\/www.notibras.com\/site\/trump-cancela-cupula-com-putin-e-kremlin-ve-no-gesto-ato-de-guerra\/#primaryimage\"},\"thumbnailUrl\":\"https:\/\/www.notibras.com\/site\/wp-content\/uploads\/2025\/10\/AP25227838322681-1-1.webp\",\"keywords\":[\"capa\"],\"articleSection\":[\"Apocalipse\"],\"inLanguage\":\"pt-BR\"},{\"@type\":\"WebPage\",\"@id\":\"https:\/\/www.notibras.com\/site\/trump-cancela-cupula-com-putin-e-kremlin-ve-no-gesto-ato-de-guerra\/\",\"url\":\"https:\/\/www.notibras.com\/site\/trump-cancela-cupula-com-putin-e-kremlin-ve-no-gesto-ato-de-guerra\/\",\"name\":\"Trump cancela c\u00fapula com Putin e Kremlin v\u00ea no gesto 'ato de guerra' - Notibras\",\"isPartOf\":{\"@id\":\"https:\/\/www.notibras.com\/site\/#website\"},\"primaryImageOfPage\":{\"@id\":\"https:\/\/www.notibras.com\/site\/trump-cancela-cupula-com-putin-e-kremlin-ve-no-gesto-ato-de-guerra\/#primaryimage\"},\"image\":{\"@id\":\"https:\/\/www.notibras.com\/site\/trump-cancela-cupula-com-putin-e-kremlin-ve-no-gesto-ato-de-guerra\/#primaryimage\"},\"thumbnailUrl\":\"https:\/\/www.notibras.com\/site\/wp-content\/uploads\/2025\/10\/AP25227838322681-1-1.webp\",\"datePublished\":\"2025-10-23T13:49:59+00:00\",\"dateModified\":\"2025-10-23T13:51:35+00:00\",\"breadcrumb\":{\"@id\":\"https:\/\/www.notibras.com\/site\/trump-cancela-cupula-com-putin-e-kremlin-ve-no-gesto-ato-de-guerra\/#breadcrumb\"},\"inLanguage\":\"pt-BR\",\"potentialAction\":[{\"@type\":\"ReadAction\",\"target\":[\"https:\/\/www.notibras.com\/site\/trump-cancela-cupula-com-putin-e-kremlin-ve-no-gesto-ato-de-guerra\/\"]}]},{\"@type\":\"ImageObject\",\"inLanguage\":\"pt-BR\",\"@id\":\"https:\/\/www.notibras.com\/site\/trump-cancela-cupula-com-putin-e-kremlin-ve-no-gesto-ato-de-guerra\/#primaryimage\",\"url\":\"https:\/\/www.notibras.com\/site\/wp-content\/uploads\/2025\/10\/AP25227838322681-1-1.webp\",\"contentUrl\":\"https:\/\/www.notibras.com\/site\/wp-content\/uploads\/2025\/10\/AP25227838322681-1-1.webp\",\"width\":1200,\"height\":800},{\"@type\":\"BreadcrumbList\",\"@id\":\"https:\/\/www.notibras.com\/site\/trump-cancela-cupula-com-putin-e-kremlin-ve-no-gesto-ato-de-guerra\/#breadcrumb\",\"itemListElement\":[{\"@type\":\"ListItem\",\"position\":1,\"name\":\"In\u00edcio\",\"item\":\"https:\/\/www.notibras.com\/site\/\"},{\"@type\":\"ListItem\",\"position\":2,\"name\":\"Trump cancela c\u00fapula com Putin e Kremlin v\u00ea no gesto &#8216;ato de guerra&#8217;\"}]},{\"@type\":\"WebSite\",\"@id\":\"https:\/\/www.notibras.com\/site\/#website\",\"url\":\"https:\/\/www.notibras.com\/site\/\",\"name\":\"Notibras\",\"description\":\"Not\u00edcias de Bras\u00edlia, do Brasil e do Mundo\",\"publisher\":{\"@id\":\"https:\/\/www.notibras.com\/site\/#organization\"},\"potentialAction\":[{\"@type\":\"SearchAction\",\"target\":{\"@type\":\"EntryPoint\",\"urlTemplate\":\"https:\/\/www.notibras.com\/site\/?s={search_term_string}\"},\"query-input\":{\"@type\":\"PropertyValueSpecification\",\"valueRequired\":true,\"valueName\":\"search_term_string\"}}],\"inLanguage\":\"pt-BR\"},{\"@type\":\"Organization\",\"@id\":\"https:\/\/www.notibras.com\/site\/#organization\",\"name\":\"Grupo Notibras de Comunica\u00e7\u00e3o\",\"url\":\"https:\/\/www.notibras.com\/site\/\",\"logo\":{\"@type\":\"ImageObject\",\"inLanguage\":\"pt-BR\",\"@id\":\"https:\/\/www.notibras.com\/site\/#\/schema\/logo\/image\/\",\"url\":\"https:\/\/www.notibras.com\/site\/wp-content\/uploads\/2023\/01\/notibras23.png\",\"contentUrl\":\"https:\/\/www.notibras.com\/site\/wp-content\/uploads\/2023\/01\/notibras23.png\",\"width\":350,\"height\":87,\"caption\":\"Grupo Notibras de Comunica\u00e7\u00e3o\"},\"image\":{\"@id\":\"https:\/\/www.notibras.com\/site\/#\/schema\/logo\/image\/\"},\"sameAs\":[\"https:\/\/www.facebook.com\/notibras\/\",\"https:\/\/x.com\/Notibras\",\"https:\/\/www.instagram.com\/notibras\/\"]},{\"@type\":\"Person\",\"@id\":\"https:\/\/www.notibras.com\/site\/#\/schema\/person\/36ab0979449956132d3e5b517ea76ac8\",\"name\":\"Reda\u00e7\u00e3o\",\"image\":{\"@type\":\"ImageObject\",\"inLanguage\":\"pt-BR\",\"@id\":\"https:\/\/secure.gravatar.com\/avatar\/e0a867bdedb85fd243eadf09663511f96fc81e0720a4a42581f334ad4303aa6b?s=96&d=mm&r=g\",\"url\":\"https:\/\/secure.gravatar.com\/avatar\/e0a867bdedb85fd243eadf09663511f96fc81e0720a4a42581f334ad4303aa6b?s=96&d=mm&r=g\",\"contentUrl\":\"https:\/\/secure.gravatar.com\/avatar\/e0a867bdedb85fd243eadf09663511f96fc81e0720a4a42581f334ad4303aa6b?s=96&d=mm&r=g\",\"caption\":\"Reda\u00e7\u00e3o\"}}]}<\/script>\n<!-- \/ Yoast SEO plugin. -->","yoast_head_json":{"title":"Trump cancela c\u00fapula com Putin e Kremlin v\u00ea no gesto 'ato de guerra' - Notibras","robots":{"index":"index","follow":"follow","max-snippet":"max-snippet:-1","max-image-preview":"max-image-preview:large","max-video-preview":"max-video-preview:-1"},"canonical":"https:\/\/www.notibras.com\/site\/trump-cancela-cupula-com-putin-e-kremlin-ve-no-gesto-ato-de-guerra\/","og_locale":"pt_BR","og_type":"article","og_title":"Trump cancela c\u00fapula com Putin e Kremlin v\u00ea no gesto 'ato de guerra' - Notibras","og_description":"O presidente norte-americano Donald Trump lan\u00e7ou um &#8220;ato de guerra&#8221; contra a R\u00fassia com novas san\u00e7\u00f5es \u00e0s suas maiores empresas de petr\u00f3leo e o cancelamento de uma c\u00fapula proposta com seu hom\u00f3logo russo Vladimir Putin. Foi o que revelou nesta quinta, 23, Dmitry Medvedev, vice-presidente do Conselho de Seguran\u00e7a da Federa\u00e7\u00e3o Russa e ex-presidente do [&hellip;]","og_url":"https:\/\/www.notibras.com\/site\/trump-cancela-cupula-com-putin-e-kremlin-ve-no-gesto-ato-de-guerra\/","og_site_name":"Notibras","article_publisher":"https:\/\/www.facebook.com\/notibras\/","article_published_time":"2025-10-23T13:49:59+00:00","article_modified_time":"2025-10-23T13:51:35+00:00","og_image":[{"width":1200,"height":800,"url":"https:\/\/www.notibras.com\/site\/wp-content\/uploads\/2025\/10\/AP25227838322681-1-1.webp","type":"image\/webp"}],"author":"Reda\u00e7\u00e3o","twitter_card":"summary_large_image","twitter_creator":"@Notibras","twitter_site":"@Notibras","twitter_misc":{"Escrito por":"Reda\u00e7\u00e3o","Est. tempo de leitura":"2 minutos"},"schema":{"@context":"https:\/\/schema.org","@graph":[{"@type":"Article","@id":"https:\/\/www.notibras.com\/site\/trump-cancela-cupula-com-putin-e-kremlin-ve-no-gesto-ato-de-guerra\/#article","isPartOf":{"@id":"https:\/\/www.notibras.com\/site\/trump-cancela-cupula-com-putin-e-kremlin-ve-no-gesto-ato-de-guerra\/"},"author":{"name":"Reda\u00e7\u00e3o","@id":"https:\/\/www.notibras.com\/site\/#\/schema\/person\/36ab0979449956132d3e5b517ea76ac8"},"headline":"Trump cancela c\u00fapula com Putin e Kremlin v\u00ea no gesto &#8216;ato de guerra&#8217;","datePublished":"2025-10-23T13:49:59+00:00","dateModified":"2025-10-23T13:51:35+00:00","mainEntityOfPage":{"@id":"https:\/\/www.notibras.com\/site\/trump-cancela-cupula-com-putin-e-kremlin-ve-no-gesto-ato-de-guerra\/"},"wordCount":352,"publisher":{"@id":"https:\/\/www.notibras.com\/site\/#organization"},"image":{"@id":"https:\/\/www.notibras.com\/site\/trump-cancela-cupula-com-putin-e-kremlin-ve-no-gesto-ato-de-guerra\/#primaryimage"},"thumbnailUrl":"https:\/\/www.notibras.com\/site\/wp-content\/uploads\/2025\/10\/AP25227838322681-1-1.webp","keywords":["capa"],"articleSection":["Apocalipse"],"inLanguage":"pt-BR"},{"@type":"WebPage","@id":"https:\/\/www.notibras.com\/site\/trump-cancela-cupula-com-putin-e-kremlin-ve-no-gesto-ato-de-guerra\/","url":"https:\/\/www.notibras.com\/site\/trump-cancela-cupula-com-putin-e-kremlin-ve-no-gesto-ato-de-guerra\/","name":"Trump cancela c\u00fapula com Putin e Kremlin v\u00ea no gesto 'ato de guerra' - Notibras","isPartOf":{"@id":"https:\/\/www.notibras.com\/site\/#website"},"primaryImageOfPage":{"@id":"https:\/\/www.notibras.com\/site\/trump-cancela-cupula-com-putin-e-kremlin-ve-no-gesto-ato-de-guerra\/#primaryimage"},"image":{"@id":"https:\/\/www.notibras.com\/site\/trump-cancela-cupula-com-putin-e-kremlin-ve-no-gesto-ato-de-guerra\/#primaryimage"},"thumbnailUrl":"https:\/\/www.notibras.com\/site\/wp-content\/uploads\/2025\/10\/AP25227838322681-1-1.webp","datePublished":"2025-10-23T13:49:59+00:00","dateModified":"2025-10-23T13:51:35+00:00","breadcrumb":{"@id":"https:\/\/www.notibras.com\/site\/trump-cancela-cupula-com-putin-e-kremlin-ve-no-gesto-ato-de-guerra\/#breadcrumb"},"inLanguage":"pt-BR","potentialAction":[{"@type":"ReadAction","target":["https:\/\/www.notibras.com\/site\/trump-cancela-cupula-com-putin-e-kremlin-ve-no-gesto-ato-de-guerra\/"]}]},{"@type":"ImageObject","inLanguage":"pt-BR","@id":"https:\/\/www.notibras.com\/site\/trump-cancela-cupula-com-putin-e-kremlin-ve-no-gesto-ato-de-guerra\/#primaryimage","url":"https:\/\/www.notibras.com\/site\/wp-content\/uploads\/2025\/10\/AP25227838322681-1-1.webp","contentUrl":"https:\/\/www.notibras.com\/site\/wp-content\/uploads\/2025\/10\/AP25227838322681-1-1.webp","width":1200,"height":800},{"@type":"BreadcrumbList","@id":"https:\/\/www.notibras.com\/site\/trump-cancela-cupula-com-putin-e-kremlin-ve-no-gesto-ato-de-guerra\/#breadcrumb","itemListElement":[{"@type":"ListItem","position":1,"name":"In\u00edcio","item":"https:\/\/www.notibras.com\/site\/"},{"@type":"ListItem","position":2,"name":"Trump cancela c\u00fapula com Putin e Kremlin v\u00ea no gesto &#8216;ato de guerra&#8217;"}]},{"@type":"WebSite","@id":"https:\/\/www.notibras.com\/site\/#website","url":"https:\/\/www.notibras.com\/site\/","name":"Notibras","description":"Not\u00edcias de Bras\u00edlia, do Brasil e do Mundo","publisher":{"@id":"https:\/\/www.notibras.com\/site\/#organization"},"potentialAction":[{"@type":"SearchAction","target":{"@type":"EntryPoint","urlTemplate":"https:\/\/www.notibras.com\/site\/?s={search_term_string}"},"query-input":{"@type":"PropertyValueSpecification","valueRequired":true,"valueName":"search_term_string"}}],"inLanguage":"pt-BR"},{"@type":"Organization","@id":"https:\/\/www.notibras.com\/site\/#organization","name":"Grupo Notibras de Comunica\u00e7\u00e3o","url":"https:\/\/www.notibras.com\/site\/","logo":{"@type":"ImageObject","inLanguage":"pt-BR","@id":"https:\/\/www.notibras.com\/site\/#\/schema\/logo\/image\/","url":"https:\/\/www.notibras.com\/site\/wp-content\/uploads\/2023\/01\/notibras23.png","contentUrl":"https:\/\/www.notibras.com\/site\/wp-content\/uploads\/2023\/01\/notibras23.png","width":350,"height":87,"caption":"Grupo Notibras de Comunica\u00e7\u00e3o"},"image":{"@id":"https:\/\/www.notibras.com\/site\/#\/schema\/logo\/image\/"},"sameAs":["https:\/\/www.facebook.com\/notibras\/","https:\/\/x.com\/Notibras","https:\/\/www.instagram.com\/notibras\/"]},{"@type":"Person","@id":"https:\/\/www.notibras.com\/site\/#\/schema\/person\/36ab0979449956132d3e5b517ea76ac8","name":"Reda\u00e7\u00e3o","image":{"@type":"ImageObject","inLanguage":"pt-BR","@id":"https:\/\/secure.gravatar.com\/avatar\/e0a867bdedb85fd243eadf09663511f96fc81e0720a4a42581f334ad4303aa6b?s=96&d=mm&r=g","url":"https:\/\/secure.gravatar.com\/avatar\/e0a867bdedb85fd243eadf09663511f96fc81e0720a4a42581f334ad4303aa6b?s=96&d=mm&r=g","contentUrl":"https:\/\/secure.gravatar.com\/avatar\/e0a867bdedb85fd243eadf09663511f96fc81e0720a4a42581f334ad4303aa6b?s=96&d=mm&r=g","caption":"Reda\u00e7\u00e3o"}}]}},"amp_enabled":true,"_links":{"self":[{"href":"https:\/\/www.notibras.com\/site\/wp-json\/wp\/v2\/posts\/368243","targetHints":{"allow":["GET"]}}],"collection":[{"href":"https:\/\/www.notibras.com\/site\/wp-json\/wp\/v2\/posts"}],"about":[{"href":"https:\/\/www.notibras.com\/site\/wp-json\/wp\/v2\/types\/post"}],"author":[{"embeddable":true,"href":"https:\/\/www.notibras.com\/site\/wp-json\/wp\/v2\/users\/2"}],"replies":[{"embeddable":true,"href":"https:\/\/www.notibras.com\/site\/wp-json\/wp\/v2\/comments?post=368243"}],"version-history":[{"count":2,"href":"https:\/\/www.notibras.com\/site\/wp-json\/wp\/v2\/posts\/368243\/revisions"}],"predecessor-version":[{"id":368246,"href":"https:\/\/www.notibras.com\/site\/wp-json\/wp\/v2\/posts\/368243\/revisions\/368246"}],"wp:featuredmedia":[{"embeddable":true,"href":"https:\/\/www.notibras.com\/site\/wp-json\/wp\/v2\/media\/368244"}],"wp:attachment":[{"href":"https:\/\/www.notibras.com\/site\/wp-json\/wp\/v2\/media?parent=368243"}],"wp:term":[{"taxonomy":"category","embeddable":true,"href":"https:\/\/www.notibras.com\/site\/wp-json\/wp\/v2\/categories?post=368243"},{"taxonomy":"post_tag","embeddable":true,"href":"https:\/\/www.notibras.com\/site\/wp-json\/wp\/v2\/tags?post=368243"}],"curies":[{"name":"wp","href":"https:\/\/api.w.org\/{rel}","templated":true}]}}