{"id":368247,"date":"2025-10-23T14:25:07","date_gmt":"2025-10-23T17:25:07","guid":{"rendered":"https:\/\/www.notibras.com\/site\/?p=368247"},"modified":"2025-10-23T14:25:40","modified_gmt":"2025-10-23T17:25:40","slug":"o-retorno-anunciado-e-o-desafio-do-voto-em-2026","status":"publish","type":"post","link":"https:\/\/www.notibras.com\/site\/o-retorno-anunciado-e-o-desafio-do-voto-em-2026\/","title":{"rendered":"O retorno anunciado e o desafio do voto em 2026"},"content":{"rendered":"<p>Em visita oficial \u00e0 Indon\u00e9sia, o presidente Luiz In\u00e1cio Lula da Silva confirmou nesta quinta, 23, que pretende disputar um quarto mandato presidencial em 2026. O an\u00fancio, feito de forma direta, marca um novo cap\u00edtulo na trajet\u00f3ria do l\u00edder petista e reacende o debate sobre a sucess\u00e3o pol\u00edtica no Brasil.<\/p>\n<p>\u201cTenho a mesma energia de quando tinha 30 anos\u201d, afirmou Lula a jornalistas, cercado por ministros e assessores, em um discurso que soou tanto como bravata quanto como demonstra\u00e7\u00e3o de vitalidade pol\u00edtica. Aos 80 anos, ele parece decidido a testar novamente sua for\u00e7a nas urnas \u2014 e, ao que tudo indica, n\u00e3o v\u00ea advers\u00e1rios \u00e0 altura no horizonte imediato.<\/p>\n<p><strong>Por que Lula 4<\/strong><br \/>\nA decis\u00e3o de concorrer a um quarto mandato n\u00e3o \u00e9 apenas pessoal, mas estrat\u00e9gica. O presidente entende que ainda \u00e9 o nome mais forte para manter a esquerda no poder e garantir a continuidade do projeto pol\u00edtico do Partido dos Trabalhadores. Ao anunciar sua candidatura com anteced\u00eancia, Lula refor\u00e7a sua autoridade interna, afasta d\u00favidas sobre sucessores e d\u00e1 o tom da corrida eleitoral.<\/p>\n<p>O contexto tamb\u00e9m o favorece. A oposi\u00e7\u00e3o est\u00e1 fragmentada, sem uma lideran\u00e7a clara capaz de unificar o eleitorado antipetista. A aus\u00eancia de Jair Bolsonaro das urnas \u2014 j\u00e1 que o ex-presidente permanece ineleg\u00edvel \u2014 abre espa\u00e7o para uma disputa em aberto, onde nomes tentam ocupar o v\u00e1cuo deixado pela direita radical.<\/p>\n<p>Al\u00e9m disso, o an\u00fancio precoce tem valor simb\u00f3lico, j\u00e1 que coloca o debate p\u00fablico sob o dom\u00ednio de Lula. Ele dita a pauta, mobiliza aliados e obriga advers\u00e1rios a reagirem em vez de agirem. O gesto \u00e9, acima de tudo, um movimento pol\u00edtico preventivo \u2014 t\u00edpico de quem domina o tabuleiro e antecipa os pr\u00f3ximos lances.<\/p>\n<p><strong>O desafio da continuidade<\/strong><br \/>\nA busca por um quarto mandato, entretanto, carrega riscos. Mesmo com capital pol\u00edtico consolidado, Lula enfrentar\u00e1 o desgaste natural do poder, al\u00e9m das press\u00f5es econ\u00f4micas e sociais que podem corroer sua popularidade. A infla\u00e7\u00e3o persistente, o custo de vida alto e a lentid\u00e3o do crescimento econ\u00f4mico podem virar muni\u00e7\u00e3o para os opositores.<\/p>\n<p>Outro ponto delicado \u00e9 a fadiga pol\u00edtica. Ap\u00f3s mais de duas d\u00e9cadas de protagonismo, parte do eleitorado \u2014 inclusive entre os moderados \u2014 come\u00e7a a desejar renova\u00e7\u00e3o. Ainda assim, Lula aposta que o carisma pessoal, o hist\u00f3rico de conquistas sociais e o discurso da \u201cdefesa da democracia\u201d continuar\u00e3o sendo escudos eficazes contra o desgaste.<\/p>\n<p>Embora o favoritismo inicial seja de Lula, o campo opositor n\u00e3o est\u00e1 vazio. Diversas figuras j\u00e1 se movimentam \u2014 algumas discretamente, outras com ambi\u00e7\u00e3o declarada \u2014 para ocupar o espa\u00e7o deixado por Bolsonaro. Entre os poss\u00edveis nomes est\u00e3o:<\/p>\n<p><strong>1. Tarc\u00edsio de Freitas (Republicanos)<\/strong><br \/>\nO governador de S\u00e3o Paulo \u00e9, hoje, o advers\u00e1rio mais plaus\u00edvel de Lula. Ex-ministro da Infraestrutura de Bolsonaro, Tarc\u00edsio tenta se descolar do bolsonarismo mais radical e construir uma imagem de gestor t\u00e9cnico e moderado. Seu desafio ser\u00e1 equilibrar-se entre a fidelidade \u00e0 base bolsonarista e a necessidade de atrair o eleitorado de centro. Se conseguir, pode tornar-se o principal nome da direita em 2026.<\/p>\n<p><strong>2. Romeu Zema (Novo)<\/strong><br \/>\nGovernador de Minas Gerais, Zema tem perfil discreto, discurso liberal e imagem de gestor pragm\u00e1tico. Tenta se colocar como alternativa \u201cracional\u201d \u00e0 polariza\u00e7\u00e3o entre Lula e o bolsonarismo. O problema \u00e9 a falta de carisma e de base partid\u00e1ria s\u00f3lida. Seu partido, o Novo, perdeu relev\u00e2ncia nacional, e alian\u00e7as com legendas tradicionais ainda s\u00e3o uma inc\u00f3gnita.<\/p>\n<p><strong>3. Ratinho Junior (PSD)<\/strong><br \/>\nGovernador do Paran\u00e1, \u00e9 jovem, popular em seu estado e tem tr\u00e2nsito entre diferentes espectros da direita e do centro. O PSD, de Gilberto Kassab, sonha em lan\u00e7\u00e1-lo como nome de consenso em uma frente ampla antipetista, caso Tarc\u00edsio e Zema n\u00e3o avancem. Ratinho Jr. teria o desafio de se projetar nacionalmente e mostrar experi\u00eancia pol\u00edtica fora do eixo regional.<\/p>\n<p><strong>4. Simone Tebet (MDB)<\/strong><br \/>\nMinistra do Planejamento e ex-candidata \u00e0 Presid\u00eancia, Tebet mant\u00e9m o discurso moderado e uma imagem de equil\u00edbrio. Poderia ser a ponte entre centro e centro-direita em uma alian\u00e7a mais ampla. No entanto, o MDB segue dividido: parte da sigla ainda apoia o governo, outra quer se afastar. Tebet teria de romper com o Planalto e arriscar sua posi\u00e7\u00e3o atual para viabilizar uma candidatura competitiva.<\/p>\n<p><strong>5. Eduardo Leite (PSDB)<\/strong><br \/>\nO governador do Rio Grande do Sul ainda \u00e9 visto como uma esperan\u00e7a remanescente do PSDB, que tenta se reerguer ap\u00f3s anos de decl\u00ednio. Jovem e articulado, Leite aposta em um discurso moderno, pr\u00f3-mercado e progressista nos costumes. Mas o partido perdeu musculatura, e Leite precisaria de alian\u00e7as com PSD e Uni\u00e3o Brasil para se viabilizar.<\/p>\n<p><strong>6. Michelle Bolsonaro (PL)<\/strong><br \/>\nCom o ex-presidente Jair Bolsonaro impedido de concorrer, Michelle Bolsonaro \u00e9 ventilada como poss\u00edvel herdeira do bolsonarismo. Ela tem apelo entre o eleitorado evang\u00e9lico e o p\u00fablico feminino conservador, mas carece de experi\u00eancia pol\u00edtica e de trajet\u00f3ria institucional. Sua candidatura dependeria do apoio direto do marido e da m\u00e1quina do PL.<\/p>\n<p><strong>Alian\u00e7a ou fragmenta\u00e7\u00e3o<\/strong><br \/>\nPara enfrentar Lula com chances reais, a oposi\u00e7\u00e3o precisar\u00e1 formar uma alian\u00e7a ampla, reunindo direita, centro e setores descontentes com o governo. Isoladamente, nenhum dos nomes citados parece capaz de derrot\u00e1-lo.<\/p>\n<p>A quest\u00e3o \u00e9 se haver\u00e1 tempo e maturidade pol\u00edtica para isso. O Brasil tem tradi\u00e7\u00e3o de pulverizar candidaturas \u2014 e Lula sabe explorar bem a divis\u00e3o advers\u00e1ria.<\/p>\n<p>Enquanto a oposi\u00e7\u00e3o busca um rosto, Lula j\u00e1 tem o discurso, a m\u00e1quina partid\u00e1ria e o apoio de movimentos sociais consolidados. E, como em outras campanhas, deve recorrer \u00e0 compara\u00e7\u00e3o simb\u00f3lica: \u201cLula \u00e9 o povo contra as elites; os outros s\u00e3o o sistema contra o povo\u201d.<\/p>\n<p><strong>O jogo come\u00e7ou<\/strong><br \/>\nO an\u00fancio de Lula n\u00e3o \u00e9 apenas um gesto de ambi\u00e7\u00e3o pessoal. Trata-se, sim, de uma declara\u00e7\u00e3o de for\u00e7a. Ele coloca as cartas na mesa antes de todos e desafia os advers\u00e1rios a se organizarem. O \u201cLula 4\u201d come\u00e7a como favorito, mas n\u00e3o imbat\u00edvel.<\/p>\n<p>O sucesso dessa ova empreitada depender\u00e1 de tr\u00eas fatores:<\/p>\n<p>A sa\u00fade pol\u00edtica e f\u00edsica do presidente at\u00e9 2026;<\/p>\n<p>O desempenho da economia e a percep\u00e7\u00e3o p\u00fablica sobre seu governo;<\/p>\n<p>A capacidade da oposi\u00e7\u00e3o de apresentar um nome competitivo e uma narrativa alternativa.<\/p>\n<p>Mas talvez o maior desafio de 2026 n\u00e3o esteja nas urnas, mas na pr\u00f3pria alma pol\u00edtica do pa\u00eds. O Brasil parece condenado a viver em ciclos de retorno \u2014 os mesmos nomes, os mesmos discursos, as mesmas promessas recicladas. Lula, mais uma vez, se apresenta como salvador de uma hist\u00f3ria que ele pr\u00f3prio ajudou a escrever.<\/p>\n<p>Resta saber se o eleitor quer reviver o passado ou reinventar o futuro. Porque, no fundo, a elei\u00e7\u00e3o que se aproxima \u00e9 menos sobre Lula e mais sobre n\u00f3s. Ou, para sintetizar, sobre o quanto ainda acreditamos que mudar de rumo \u00e9 poss\u00edvel sem precisar andar em c\u00edrculos.<\/p>\n<p>&#8230;&#8230;&#8230;&#8230;&#8230;&#8230;&#8230;&#8230;&#8230;.<\/p>\n<p><strong>Jos\u00e9 Seabra, diretor da Sucursal Regional Nordeste de Notibras, est\u00e1 de passagem por Bras\u00edlia<\/strong><\/p>\n","protected":false},"excerpt":{"rendered":"<p>Em visita oficial \u00e0 Indon\u00e9sia, o presidente Luiz In\u00e1cio Lula da Silva confirmou nesta quinta, 23, que pretende disputar um quarto mandato presidencial em 2026. O an\u00fancio, feito de forma direta, marca um novo cap\u00edtulo na trajet\u00f3ria do l\u00edder petista e reacende o debate sobre a sucess\u00e3o pol\u00edtica no Brasil. \u201cTenho a mesma energia de [&hellip;]<\/p>\n","protected":false},"author":2,"featured_media":368248,"comment_status":"closed","ping_status":"closed","sticky":false,"template":"","format":"standard","meta":{"_acf_changed":false,"footnotes":""},"categories":[16],"tags":[95],"class_list":["post-368247","post","type-post","status-publish","format-standard","has-post-thumbnail","hentry","category-brasil","tag-capa"],"acf":[],"_links":{"self":[{"href":"https:\/\/www.notibras.com\/site\/wp-json\/wp\/v2\/posts\/368247","targetHints":{"allow":["GET"]}}],"collection":[{"href":"https:\/\/www.notibras.com\/site\/wp-json\/wp\/v2\/posts"}],"about":[{"href":"https:\/\/www.notibras.com\/site\/wp-json\/wp\/v2\/types\/post"}],"author":[{"embeddable":true,"href":"https:\/\/www.notibras.com\/site\/wp-json\/wp\/v2\/users\/2"}],"replies":[{"embeddable":true,"href":"https:\/\/www.notibras.com\/site\/wp-json\/wp\/v2\/comments?post=368247"}],"version-history":[{"count":2,"href":"https:\/\/www.notibras.com\/site\/wp-json\/wp\/v2\/posts\/368247\/revisions"}],"predecessor-version":[{"id":368250,"href":"https:\/\/www.notibras.com\/site\/wp-json\/wp\/v2\/posts\/368247\/revisions\/368250"}],"wp:featuredmedia":[{"embeddable":true,"href":"https:\/\/www.notibras.com\/site\/wp-json\/wp\/v2\/media\/368248"}],"wp:attachment":[{"href":"https:\/\/www.notibras.com\/site\/wp-json\/wp\/v2\/media?parent=368247"}],"wp:term":[{"taxonomy":"category","embeddable":true,"href":"https:\/\/www.notibras.com\/site\/wp-json\/wp\/v2\/categories?post=368247"},{"taxonomy":"post_tag","embeddable":true,"href":"https:\/\/www.notibras.com\/site\/wp-json\/wp\/v2\/tags?post=368247"}],"curies":[{"name":"wp","href":"https:\/\/api.w.org\/{rel}","templated":true}]}}