{"id":36826,"date":"2015-02-11T23:06:13","date_gmt":"2015-02-12T02:06:13","guid":{"rendered":"http:\/\/www.notibras.com\/site\/?p=36826"},"modified":"2015-02-12T21:53:41","modified_gmt":"2015-02-13T00:53:41","slug":"timao-afasta-fantasma-colombiano-tira-once-e-avanca-na-libertadores","status":"publish","type":"post","link":"https:\/\/www.notibras.com\/site\/timao-afasta-fantasma-colombiano-tira-once-e-avanca-na-libertadores\/","title":{"rendered":"Tim\u00e3o afasta fantasma, elimina Once com empate e avan\u00e7a"},"content":{"rendered":"<p class=\"text\">O Corinthians espantou de vez qualquer resqu\u00edcio da precoce elimina\u00e7\u00e3o para o Tolima\u00a0na pr\u00e9-Libertadores de 2011. Nesta quarta-feira, os comandados por Tite, que tamb\u00e9m era o t\u00e9cnico naquela oportunidade, foram at\u00e9 a Col\u00f4mbia, mesmo pa\u00eds, e empataram por\u00a01 a 1 com o Once Caldas. Como a partida de ida na Arena terminou 4 a 0 para o time alvinegro, o clube brasileiro garantiu com folga sua vaga na fase de grupos da competi\u00e7\u00e3o continental. Elias marcou no primeiro tempo e Arango empatou para os donos da casa.<\/p>\n<p class=\"text\">Com a vit\u00f3ria, o Corinthians garante a vaga no Grupo 2, que \u00e9 formado por\u00a0San Lorenzo, Danubio e S\u00e3o Paulo. A estreia na fase seguinte acontece justamente contra o rival paulista, na pr\u00f3xima quarta-feira (18), \u00e0s 22h (de Bras\u00edlia) na Arena localizada em Itaquera. Para essa partida, a equipe j\u00e1 contar\u00e1 com um desfalque importante: Guerrero, expulso no primeiro jogo contra o Once Caldas, foi suspenso por tr\u00eas partidas pela Conmebol.<\/p>\n<blockquote>\n<p class=\"text\">Apesar de sofrer alguns sustos na defesa, o Corinthians fez um primeiro tempo consistente, bem postado e saindo com velocidade nos contra-ataques. Foi assim que Elias, ap\u00f3s bela troca de passes entre Emerson Sheik e Jadson, abriu o placar antes mesmo dos 15 minutos iniciais. Em muita desvantagem no placar, o Once Caldas saiu para o jogo e\u00a0esbo\u00e7ou uma press\u00e3o na equipe brasileira, que contou v\u00e1rias interven\u00e7\u00f5es de C\u00e1ssio para sair com a vit\u00f3ria na etapa inicial.<\/p>\n<\/blockquote>\n<p class=\"text\">O Corinthians voltou com menos \u00edmpeto na volta do intervalo e viu o Once Caldas crescer na partida. Com tr\u00eas minutos, os donos da casa j\u00e1 tinham acertado uma bola no travess\u00e3o, Ralf salvou uma em cima da linha e C\u00e1ssio efetuado outra \u00f3tima defesa. Dez minutos depois, em jogada individual de Arango sobre Fagner, o meia acertou um belo chuto no canto esquerdo, sem chances para o goleiro alvinegro. Depois do empate, o Once Caldas seguiu atr\u00e1s da vit\u00f3ria, mas esbarrou, novamente, em boas defesas de C\u00e1ssio e nos erros de finaliza\u00e7\u00f5es.<\/p>\n","protected":false},"excerpt":{"rendered":"<p>O Corinthians espantou de vez qualquer resqu\u00edcio da precoce elimina\u00e7\u00e3o para o Tolima\u00a0na pr\u00e9-Libertadores de 2011. Nesta quarta-feira, os comandados por Tite, que tamb\u00e9m era o t\u00e9cnico naquela oportunidade, foram at\u00e9 a Col\u00f4mbia, mesmo pa\u00eds, e empataram por\u00a01 a 1 com o Once Caldas. Como a partida de ida na Arena terminou 4 a 0 [&hellip;]<\/p>\n","protected":false},"author":2,"featured_media":36827,"comment_status":"open","ping_status":"closed","sticky":false,"template":"","format":"standard","meta":{"_acf_changed":false,"footnotes":""},"categories":[19,29],"tags":[],"class_list":["post-36826","post","type-post","status-publish","format-standard","has-post-thumbnail","hentry","category-esportes","category-futebol"],"acf":[],"yoast_head":"<!-- This site is optimized with the Yoast SEO plugin v27.2 - https:\/\/yoast.com\/product\/yoast-seo-wordpress\/ -->\n<title>Tim\u00e3o afasta fantasma, elimina Once com empate e avan\u00e7a - Notibras<\/title>\n<meta name=\"robots\" content=\"index, follow, max-snippet:-1, max-image-preview:large, max-video-preview:-1\" \/>\n<link rel=\"canonical\" href=\"https:\/\/www.notibras.com\/site\/timao-afasta-fantasma-colombiano-tira-once-e-avanca-na-libertadores\/\" \/>\n<meta property=\"og:locale\" content=\"pt_BR\" \/>\n<meta property=\"og:type\" content=\"article\" \/>\n<meta property=\"og:title\" content=\"Tim\u00e3o afasta fantasma, elimina Once com empate e avan\u00e7a - Notibras\" \/>\n<meta property=\"og:description\" content=\"O Corinthians espantou de vez qualquer resqu\u00edcio da precoce elimina\u00e7\u00e3o para o Tolima\u00a0na pr\u00e9-Libertadores de 2011. Nesta quarta-feira, os comandados por Tite, que tamb\u00e9m era o t\u00e9cnico naquela oportunidade, foram at\u00e9 a Col\u00f4mbia, mesmo pa\u00eds, e empataram por\u00a01 a 1 com o Once Caldas. Como a partida de ida na Arena terminou 4 a 0 [&hellip;]\" \/>\n<meta property=\"og:url\" content=\"https:\/\/www.notibras.com\/site\/timao-afasta-fantasma-colombiano-tira-once-e-avanca-na-libertadores\/\" \/>\n<meta property=\"og:site_name\" content=\"Notibras\" \/>\n<meta property=\"article:publisher\" content=\"https:\/\/www.facebook.com\/notibras\/\" \/>\n<meta property=\"article:published_time\" content=\"2015-02-12T02:06:13+00:00\" \/>\n<meta property=\"article:modified_time\" content=\"2015-02-13T00:53:41+00:00\" \/>\n<meta property=\"og:image\" content=\"https:\/\/www.notibras.com\/site\/wp-content\/uploads\/2015\/02\/daniloeliasrodrigococaagcorinthians.jpg\" \/>\n\t<meta property=\"og:image:width\" content=\"600\" \/>\n\t<meta property=\"og:image:height\" content=\"337\" \/>\n\t<meta property=\"og:image:type\" content=\"image\/jpeg\" \/>\n<meta name=\"author\" content=\"Reda\u00e7\u00e3o\" \/>\n<meta name=\"twitter:card\" content=\"summary_large_image\" \/>\n<meta name=\"twitter:creator\" content=\"@Notibras\" \/>\n<meta name=\"twitter:site\" content=\"@Notibras\" \/>\n<meta name=\"twitter:label1\" content=\"Escrito por\" \/>\n\t<meta name=\"twitter:data1\" content=\"Reda\u00e7\u00e3o\" \/>\n\t<meta name=\"twitter:label2\" content=\"Est. tempo de leitura\" \/>\n\t<meta name=\"twitter:data2\" content=\"2 minutos\" \/>\n<script type=\"application\/ld+json\" class=\"yoast-schema-graph\">{\"@context\":\"https:\/\/schema.org\",\"@graph\":[{\"@type\":\"Article\",\"@id\":\"https:\/\/www.notibras.com\/site\/timao-afasta-fantasma-colombiano-tira-once-e-avanca-na-libertadores\/#article\",\"isPartOf\":{\"@id\":\"https:\/\/www.notibras.com\/site\/timao-afasta-fantasma-colombiano-tira-once-e-avanca-na-libertadores\/\"},\"author\":{\"name\":\"Reda\u00e7\u00e3o\",\"@id\":\"https:\/\/www.notibras.com\/site\/#\/schema\/person\/36ab0979449956132d3e5b517ea76ac8\"},\"headline\":\"Tim\u00e3o afasta fantasma, elimina Once com empate e avan\u00e7a\",\"datePublished\":\"2015-02-12T02:06:13+00:00\",\"dateModified\":\"2015-02-13T00:53:41+00:00\",\"mainEntityOfPage\":{\"@id\":\"https:\/\/www.notibras.com\/site\/timao-afasta-fantasma-colombiano-tira-once-e-avanca-na-libertadores\/\"},\"wordCount\":361,\"commentCount\":0,\"publisher\":{\"@id\":\"https:\/\/www.notibras.com\/site\/#organization\"},\"image\":{\"@id\":\"https:\/\/www.notibras.com\/site\/timao-afasta-fantasma-colombiano-tira-once-e-avanca-na-libertadores\/#primaryimage\"},\"thumbnailUrl\":\"https:\/\/www.notibras.com\/site\/wp-content\/uploads\/2015\/02\/daniloeliasrodrigococaagcorinthians.jpg\",\"articleSection\":[\"Esportes\",\"Futebol\"],\"inLanguage\":\"pt-BR\",\"potentialAction\":[{\"@type\":\"CommentAction\",\"name\":\"Comment\",\"target\":[\"https:\/\/www.notibras.com\/site\/timao-afasta-fantasma-colombiano-tira-once-e-avanca-na-libertadores\/#respond\"]}]},{\"@type\":\"WebPage\",\"@id\":\"https:\/\/www.notibras.com\/site\/timao-afasta-fantasma-colombiano-tira-once-e-avanca-na-libertadores\/\",\"url\":\"https:\/\/www.notibras.com\/site\/timao-afasta-fantasma-colombiano-tira-once-e-avanca-na-libertadores\/\",\"name\":\"Tim\u00e3o afasta fantasma, elimina Once com empate e avan\u00e7a - Notibras\",\"isPartOf\":{\"@id\":\"https:\/\/www.notibras.com\/site\/#website\"},\"primaryImageOfPage\":{\"@id\":\"https:\/\/www.notibras.com\/site\/timao-afasta-fantasma-colombiano-tira-once-e-avanca-na-libertadores\/#primaryimage\"},\"image\":{\"@id\":\"https:\/\/www.notibras.com\/site\/timao-afasta-fantasma-colombiano-tira-once-e-avanca-na-libertadores\/#primaryimage\"},\"thumbnailUrl\":\"https:\/\/www.notibras.com\/site\/wp-content\/uploads\/2015\/02\/daniloeliasrodrigococaagcorinthians.jpg\",\"datePublished\":\"2015-02-12T02:06:13+00:00\",\"dateModified\":\"2015-02-13T00:53:41+00:00\",\"breadcrumb\":{\"@id\":\"https:\/\/www.notibras.com\/site\/timao-afasta-fantasma-colombiano-tira-once-e-avanca-na-libertadores\/#breadcrumb\"},\"inLanguage\":\"pt-BR\",\"potentialAction\":[{\"@type\":\"ReadAction\",\"target\":[\"https:\/\/www.notibras.com\/site\/timao-afasta-fantasma-colombiano-tira-once-e-avanca-na-libertadores\/\"]}]},{\"@type\":\"ImageObject\",\"inLanguage\":\"pt-BR\",\"@id\":\"https:\/\/www.notibras.com\/site\/timao-afasta-fantasma-colombiano-tira-once-e-avanca-na-libertadores\/#primaryimage\",\"url\":\"https:\/\/www.notibras.com\/site\/wp-content\/uploads\/2015\/02\/daniloeliasrodrigococaagcorinthians.jpg\",\"contentUrl\":\"https:\/\/www.notibras.com\/site\/wp-content\/uploads\/2015\/02\/daniloeliasrodrigococaagcorinthians.jpg\",\"width\":600,\"height\":337},{\"@type\":\"BreadcrumbList\",\"@id\":\"https:\/\/www.notibras.com\/site\/timao-afasta-fantasma-colombiano-tira-once-e-avanca-na-libertadores\/#breadcrumb\",\"itemListElement\":[{\"@type\":\"ListItem\",\"position\":1,\"name\":\"In\u00edcio\",\"item\":\"https:\/\/www.notibras.com\/site\/\"},{\"@type\":\"ListItem\",\"position\":2,\"name\":\"Tim\u00e3o afasta fantasma, elimina Once com empate e avan\u00e7a\"}]},{\"@type\":\"WebSite\",\"@id\":\"https:\/\/www.notibras.com\/site\/#website\",\"url\":\"https:\/\/www.notibras.com\/site\/\",\"name\":\"Notibras\",\"description\":\"Not\u00edcias de Bras\u00edlia, do Brasil e do Mundo\",\"publisher\":{\"@id\":\"https:\/\/www.notibras.com\/site\/#organization\"},\"potentialAction\":[{\"@type\":\"SearchAction\",\"target\":{\"@type\":\"EntryPoint\",\"urlTemplate\":\"https:\/\/www.notibras.com\/site\/?s={search_term_string}\"},\"query-input\":{\"@type\":\"PropertyValueSpecification\",\"valueRequired\":true,\"valueName\":\"search_term_string\"}}],\"inLanguage\":\"pt-BR\"},{\"@type\":\"Organization\",\"@id\":\"https:\/\/www.notibras.com\/site\/#organization\",\"name\":\"Grupo Notibras de Comunica\u00e7\u00e3o\",\"url\":\"https:\/\/www.notibras.com\/site\/\",\"logo\":{\"@type\":\"ImageObject\",\"inLanguage\":\"pt-BR\",\"@id\":\"https:\/\/www.notibras.com\/site\/#\/schema\/logo\/image\/\",\"url\":\"https:\/\/www.notibras.com\/site\/wp-content\/uploads\/2023\/01\/notibras23.png\",\"contentUrl\":\"https:\/\/www.notibras.com\/site\/wp-content\/uploads\/2023\/01\/notibras23.png\",\"width\":350,\"height\":87,\"caption\":\"Grupo Notibras de Comunica\u00e7\u00e3o\"},\"image\":{\"@id\":\"https:\/\/www.notibras.com\/site\/#\/schema\/logo\/image\/\"},\"sameAs\":[\"https:\/\/www.facebook.com\/notibras\/\",\"https:\/\/x.com\/Notibras\",\"https:\/\/www.instagram.com\/notibras\/\"]},{\"@type\":\"Person\",\"@id\":\"https:\/\/www.notibras.com\/site\/#\/schema\/person\/36ab0979449956132d3e5b517ea76ac8\",\"name\":\"Reda\u00e7\u00e3o\",\"image\":{\"@type\":\"ImageObject\",\"inLanguage\":\"pt-BR\",\"@id\":\"https:\/\/secure.gravatar.com\/avatar\/e0a867bdedb85fd243eadf09663511f96fc81e0720a4a42581f334ad4303aa6b?s=96&d=mm&r=g\",\"url\":\"https:\/\/secure.gravatar.com\/avatar\/e0a867bdedb85fd243eadf09663511f96fc81e0720a4a42581f334ad4303aa6b?s=96&d=mm&r=g\",\"contentUrl\":\"https:\/\/secure.gravatar.com\/avatar\/e0a867bdedb85fd243eadf09663511f96fc81e0720a4a42581f334ad4303aa6b?s=96&d=mm&r=g\",\"caption\":\"Reda\u00e7\u00e3o\"}}]}<\/script>\n<!-- \/ Yoast SEO plugin. -->","yoast_head_json":{"title":"Tim\u00e3o afasta fantasma, elimina Once com empate e avan\u00e7a - Notibras","robots":{"index":"index","follow":"follow","max-snippet":"max-snippet:-1","max-image-preview":"max-image-preview:large","max-video-preview":"max-video-preview:-1"},"canonical":"https:\/\/www.notibras.com\/site\/timao-afasta-fantasma-colombiano-tira-once-e-avanca-na-libertadores\/","og_locale":"pt_BR","og_type":"article","og_title":"Tim\u00e3o afasta fantasma, elimina Once com empate e avan\u00e7a - Notibras","og_description":"O Corinthians espantou de vez qualquer resqu\u00edcio da precoce elimina\u00e7\u00e3o para o Tolima\u00a0na pr\u00e9-Libertadores de 2011. Nesta quarta-feira, os comandados por Tite, que tamb\u00e9m era o t\u00e9cnico naquela oportunidade, foram at\u00e9 a Col\u00f4mbia, mesmo pa\u00eds, e empataram por\u00a01 a 1 com o Once Caldas. Como a partida de ida na Arena terminou 4 a 0 [&hellip;]","og_url":"https:\/\/www.notibras.com\/site\/timao-afasta-fantasma-colombiano-tira-once-e-avanca-na-libertadores\/","og_site_name":"Notibras","article_publisher":"https:\/\/www.facebook.com\/notibras\/","article_published_time":"2015-02-12T02:06:13+00:00","article_modified_time":"2015-02-13T00:53:41+00:00","og_image":[{"width":600,"height":337,"url":"https:\/\/www.notibras.com\/site\/wp-content\/uploads\/2015\/02\/daniloeliasrodrigococaagcorinthians.jpg","type":"image\/jpeg"}],"author":"Reda\u00e7\u00e3o","twitter_card":"summary_large_image","twitter_creator":"@Notibras","twitter_site":"@Notibras","twitter_misc":{"Escrito por":"Reda\u00e7\u00e3o","Est. tempo de leitura":"2 minutos"},"schema":{"@context":"https:\/\/schema.org","@graph":[{"@type":"Article","@id":"https:\/\/www.notibras.com\/site\/timao-afasta-fantasma-colombiano-tira-once-e-avanca-na-libertadores\/#article","isPartOf":{"@id":"https:\/\/www.notibras.com\/site\/timao-afasta-fantasma-colombiano-tira-once-e-avanca-na-libertadores\/"},"author":{"name":"Reda\u00e7\u00e3o","@id":"https:\/\/www.notibras.com\/site\/#\/schema\/person\/36ab0979449956132d3e5b517ea76ac8"},"headline":"Tim\u00e3o afasta fantasma, elimina Once com empate e avan\u00e7a","datePublished":"2015-02-12T02:06:13+00:00","dateModified":"2015-02-13T00:53:41+00:00","mainEntityOfPage":{"@id":"https:\/\/www.notibras.com\/site\/timao-afasta-fantasma-colombiano-tira-once-e-avanca-na-libertadores\/"},"wordCount":361,"commentCount":0,"publisher":{"@id":"https:\/\/www.notibras.com\/site\/#organization"},"image":{"@id":"https:\/\/www.notibras.com\/site\/timao-afasta-fantasma-colombiano-tira-once-e-avanca-na-libertadores\/#primaryimage"},"thumbnailUrl":"https:\/\/www.notibras.com\/site\/wp-content\/uploads\/2015\/02\/daniloeliasrodrigococaagcorinthians.jpg","articleSection":["Esportes","Futebol"],"inLanguage":"pt-BR","potentialAction":[{"@type":"CommentAction","name":"Comment","target":["https:\/\/www.notibras.com\/site\/timao-afasta-fantasma-colombiano-tira-once-e-avanca-na-libertadores\/#respond"]}]},{"@type":"WebPage","@id":"https:\/\/www.notibras.com\/site\/timao-afasta-fantasma-colombiano-tira-once-e-avanca-na-libertadores\/","url":"https:\/\/www.notibras.com\/site\/timao-afasta-fantasma-colombiano-tira-once-e-avanca-na-libertadores\/","name":"Tim\u00e3o afasta fantasma, elimina Once com empate e avan\u00e7a - Notibras","isPartOf":{"@id":"https:\/\/www.notibras.com\/site\/#website"},"primaryImageOfPage":{"@id":"https:\/\/www.notibras.com\/site\/timao-afasta-fantasma-colombiano-tira-once-e-avanca-na-libertadores\/#primaryimage"},"image":{"@id":"https:\/\/www.notibras.com\/site\/timao-afasta-fantasma-colombiano-tira-once-e-avanca-na-libertadores\/#primaryimage"},"thumbnailUrl":"https:\/\/www.notibras.com\/site\/wp-content\/uploads\/2015\/02\/daniloeliasrodrigococaagcorinthians.jpg","datePublished":"2015-02-12T02:06:13+00:00","dateModified":"2015-02-13T00:53:41+00:00","breadcrumb":{"@id":"https:\/\/www.notibras.com\/site\/timao-afasta-fantasma-colombiano-tira-once-e-avanca-na-libertadores\/#breadcrumb"},"inLanguage":"pt-BR","potentialAction":[{"@type":"ReadAction","target":["https:\/\/www.notibras.com\/site\/timao-afasta-fantasma-colombiano-tira-once-e-avanca-na-libertadores\/"]}]},{"@type":"ImageObject","inLanguage":"pt-BR","@id":"https:\/\/www.notibras.com\/site\/timao-afasta-fantasma-colombiano-tira-once-e-avanca-na-libertadores\/#primaryimage","url":"https:\/\/www.notibras.com\/site\/wp-content\/uploads\/2015\/02\/daniloeliasrodrigococaagcorinthians.jpg","contentUrl":"https:\/\/www.notibras.com\/site\/wp-content\/uploads\/2015\/02\/daniloeliasrodrigococaagcorinthians.jpg","width":600,"height":337},{"@type":"BreadcrumbList","@id":"https:\/\/www.notibras.com\/site\/timao-afasta-fantasma-colombiano-tira-once-e-avanca-na-libertadores\/#breadcrumb","itemListElement":[{"@type":"ListItem","position":1,"name":"In\u00edcio","item":"https:\/\/www.notibras.com\/site\/"},{"@type":"ListItem","position":2,"name":"Tim\u00e3o afasta fantasma, elimina Once com empate e avan\u00e7a"}]},{"@type":"WebSite","@id":"https:\/\/www.notibras.com\/site\/#website","url":"https:\/\/www.notibras.com\/site\/","name":"Notibras","description":"Not\u00edcias de Bras\u00edlia, do Brasil e do Mundo","publisher":{"@id":"https:\/\/www.notibras.com\/site\/#organization"},"potentialAction":[{"@type":"SearchAction","target":{"@type":"EntryPoint","urlTemplate":"https:\/\/www.notibras.com\/site\/?s={search_term_string}"},"query-input":{"@type":"PropertyValueSpecification","valueRequired":true,"valueName":"search_term_string"}}],"inLanguage":"pt-BR"},{"@type":"Organization","@id":"https:\/\/www.notibras.com\/site\/#organization","name":"Grupo Notibras de Comunica\u00e7\u00e3o","url":"https:\/\/www.notibras.com\/site\/","logo":{"@type":"ImageObject","inLanguage":"pt-BR","@id":"https:\/\/www.notibras.com\/site\/#\/schema\/logo\/image\/","url":"https:\/\/www.notibras.com\/site\/wp-content\/uploads\/2023\/01\/notibras23.png","contentUrl":"https:\/\/www.notibras.com\/site\/wp-content\/uploads\/2023\/01\/notibras23.png","width":350,"height":87,"caption":"Grupo Notibras de Comunica\u00e7\u00e3o"},"image":{"@id":"https:\/\/www.notibras.com\/site\/#\/schema\/logo\/image\/"},"sameAs":["https:\/\/www.facebook.com\/notibras\/","https:\/\/x.com\/Notibras","https:\/\/www.instagram.com\/notibras\/"]},{"@type":"Person","@id":"https:\/\/www.notibras.com\/site\/#\/schema\/person\/36ab0979449956132d3e5b517ea76ac8","name":"Reda\u00e7\u00e3o","image":{"@type":"ImageObject","inLanguage":"pt-BR","@id":"https:\/\/secure.gravatar.com\/avatar\/e0a867bdedb85fd243eadf09663511f96fc81e0720a4a42581f334ad4303aa6b?s=96&d=mm&r=g","url":"https:\/\/secure.gravatar.com\/avatar\/e0a867bdedb85fd243eadf09663511f96fc81e0720a4a42581f334ad4303aa6b?s=96&d=mm&r=g","contentUrl":"https:\/\/secure.gravatar.com\/avatar\/e0a867bdedb85fd243eadf09663511f96fc81e0720a4a42581f334ad4303aa6b?s=96&d=mm&r=g","caption":"Reda\u00e7\u00e3o"}}]}},"amp_enabled":true,"_links":{"self":[{"href":"https:\/\/www.notibras.com\/site\/wp-json\/wp\/v2\/posts\/36826","targetHints":{"allow":["GET"]}}],"collection":[{"href":"https:\/\/www.notibras.com\/site\/wp-json\/wp\/v2\/posts"}],"about":[{"href":"https:\/\/www.notibras.com\/site\/wp-json\/wp\/v2\/types\/post"}],"author":[{"embeddable":true,"href":"https:\/\/www.notibras.com\/site\/wp-json\/wp\/v2\/users\/2"}],"replies":[{"embeddable":true,"href":"https:\/\/www.notibras.com\/site\/wp-json\/wp\/v2\/comments?post=36826"}],"version-history":[{"count":0,"href":"https:\/\/www.notibras.com\/site\/wp-json\/wp\/v2\/posts\/36826\/revisions"}],"wp:featuredmedia":[{"embeddable":true,"href":"https:\/\/www.notibras.com\/site\/wp-json\/wp\/v2\/media\/36827"}],"wp:attachment":[{"href":"https:\/\/www.notibras.com\/site\/wp-json\/wp\/v2\/media?parent=36826"}],"wp:term":[{"taxonomy":"category","embeddable":true,"href":"https:\/\/www.notibras.com\/site\/wp-json\/wp\/v2\/categories?post=36826"},{"taxonomy":"post_tag","embeddable":true,"href":"https:\/\/www.notibras.com\/site\/wp-json\/wp\/v2\/tags?post=36826"}],"curies":[{"name":"wp","href":"https:\/\/api.w.org\/{rel}","templated":true}]}}