{"id":368278,"date":"2025-10-24T00:46:41","date_gmt":"2025-10-24T03:46:41","guid":{"rendered":"https:\/\/www.notibras.com\/site\/?p=368278"},"modified":"2025-10-24T04:30:33","modified_gmt":"2025-10-24T07:30:33","slug":"um-novo-olhar-sobre-se-deuses-eram-astronautas","status":"publish","type":"post","link":"https:\/\/www.notibras.com\/site\/um-novo-olhar-sobre-se-deuses-eram-astronautas\/","title":{"rendered":"Um novo olhar sobre se deuses eram astronautas"},"content":{"rendered":"<p><!--StartFragment --><\/p>\n<p><span class=\"cf1\">O sol nascia por detr<\/span><span class=\"cf0\">\u00e1s das ru\u00ednas de <\/span><span class=\"cf0\">Palenque<\/span><span class=\"cf0\"> quando o arque\u00f3logo deteve o passo. Diante dele, os blocos de pedra milenares projetavam sombras precisas sobre o ch\u00e3o \u00famido, como se cada \u00e2ngulo, cada fenda, tivesse sido calculado por m\u00e3os que conheciam o segredo do cosmos. Ele passou a ponta dos dedos sobre um baixo-relevo e, por um instante, teve a impress\u00e3o de tocar uma mensagem <\/span><span class=\"cf1\">\u2014 n<\/span><span class=\"cf0\">\u00e3o apenas de outro tempo, mas de outro mundo.<\/span><\/p>\n<p><span class=\"cf0\">\u201cQuem ensinou aos antigos tudo isso?\u201d, murmurou, observando o rosto esculpido de um deus que parecia pilotar uma m\u00e1quina. A d\u00favida ecoou em seu peito como um sussurro vindo das estrelas.<\/span><\/p>\n<p><span class=\"cf0\">Desde ent\u00e3o, a pergunta jamais o abandonou.<\/span><\/p>\n<p><span class=\"cf1\">Foi essa mesma inquieta<\/span><span class=\"cf0\">\u00e7\u00e3o que inspirou o escritor su\u00ed\u00e7o Erich von <\/span><span class=\"cf0\">D\u00e4niken<\/span><span class=\"cf0\"> a desafiar as fronteiras entre f\u00e9 e ci\u00eancia. Em 1968, ao lan\u00e7ar Eram os Deuses Astronautas?, ele prop\u00f4s uma hip\u00f3tese que abalou o pensamento tradicional: e se os deuses que desceram dos c\u00e9us fossem, na verdade, visitantes de outros mundos?<\/span><\/p>\n<p><span class=\"cf0\">Pinturas rupestres, templos e textos sagrados ganhavam nova leitura. As pir\u00e2mides do Egito, as linhas de <\/span><span class=\"cf0\">Nazca<\/span><span class=\"cf0\">, o Mecanismo de <\/span><span class=\"cf0\">Antic\u00edtera<\/span> <span class=\"cf1\">\u2014 todos poderiam ser testemunhos silenciosos de um contato ancestral entre a humanidade e civiliza<\/span><span class=\"cf0\">\u00e7\u00f5es extraterrestres.<\/span><\/p>\n<p><span class=\"cf0\">A teoria, hoje conhecida como Hip\u00f3tese dos Antigos Astronautas, sugere que nossos antepassados confundiram seres tecnologicamente avan\u00e7ados com divindades, transformando ci\u00eancia em mito e lembran\u00e7a em religi\u00e3o.<\/span><\/p>\n<p><span class=\"cf1\">Os antigos textos hindus falam de \u201c<\/span><span class=\"cf1\">vimanas<\/span><span class=\"cf1\">\u201d, carros voadores que cruzavam os c<\/span><span class=\"cf0\">\u00e9us em batalhas de fogo. Os sum\u00e9rios narram a chegada dos <\/span><span class=\"cf0\">Anunnaki<\/span><span class=\"cf0\">, \u201cos que desceram do alto\u201d.<\/span><\/p>\n<p><span class=\"cf0\">Os maias, por sua vez, desenharam em pedra figuras que lembram astronautas. Seria tudo coincid\u00eancia <\/span><span class=\"cf1\">\u2014 ou fragmentos de uma mem<\/span><span class=\"cf0\">\u00f3ria comum?<\/span><\/p>\n<p><span class=\"cf0\">Se <\/span><span class=\"cf0\">D\u00e4niken<\/span><span class=\"cf0\"> estiver certo, a humanidade n\u00e3o seria apenas fruto da evolu\u00e7\u00e3o terrestre, mas resultado de uma heran\u00e7a c\u00f3smica. Ter\u00edamos sido visitados, instru\u00eddos <\/span><span class=\"cf1\">\u2014 talvez at<\/span><span class=\"cf0\">\u00e9 criados <\/span><span class=\"cf1\">\u2014 por seres vindos de estrelas distantes.<\/span> <span class=\"cf1\">E nossos deuses, afinal, seriam nossos pais esquecidos.<\/span><\/p>\n<p><span class=\"cf0\">A academia, em geral, rejeita as ideias de <\/span><span class=\"cf0\">D\u00e4niken<\/span><span class=\"cf0\">, classificando-as como especulativas.<\/span><\/p>\n<p><span class=\"cf0\">Mas h\u00e1 algo que nem a raz\u00e3o mais c\u00e9tica consegue calar: o fasc\u00ednio. Como povos antigos moveram pedras de dezenas de toneladas sem tecnologia moderna? Por que tantas culturas, separadas por oceanos, falam de \u201cdeuses que vieram do c\u00e9u\u201d? E por que seguimos, s\u00e9culos depois, olhando para as estrelas como quem procura um rosto conhecido?<\/span><\/p>\n<p><span class=\"cf0\">Talvez porque algo em n\u00f3s <\/span><span class=\"cf1\">\u2014 um instinto, uma lembran<\/span><span class=\"cf0\">\u00e7a, uma centelha <\/span><span class=\"cf1\">\u2014 ainda reconhe<\/span><span class=\"cf0\">\u00e7a o chamado do infinito.<\/span><\/p>\n<p><span class=\"cf0\">A hip\u00f3tese dos deuses astronautas n\u00e3o pretende encerrar o debate, mas ampli\u00e1-lo.<\/span><\/p>\n<p><span class=\"cf0\">Ela nos convida a olhar o passado com a curiosidade do poeta e a humildade do aprendiz. Talvez o universo guarde mais mist\u00e9rios do que a nossa mente pode compreender, e talvez, no fundo, sejamos n\u00f3s os deuses em processo de lembran\u00e7a.<\/span><\/p>\n<p><span class=\"cf0\">Enquanto telesc\u00f3pios varrem o espa\u00e7o e arque\u00f3logos desenterram o tempo, a pergunta permanece suspensa entre a f\u00e9 e a raz\u00e3o:<\/span><\/p>\n<p><span class=\"cf0\">Eram os deuses astronautas <\/span><span class=\"cf1\">\u2014 ou somos n<\/span><span class=\"cf0\">\u00f3s os astronautas de um passado divino?<\/span><\/p>\n<p><span class=\"cf0\">Talvez a resposta esteja menos nas ru\u00ednas e mais no pr\u00f3prio cora\u00e7\u00e3o humano.<\/span><\/p>\n<p><span class=\"cf0\">H\u00e1 em cada um de n\u00f3s um vazio que n\u00e3o se preenche com tecnologia, poder ou ci\u00eancia <\/span><span class=\"cf1\">\u2014 um eco antigo que nos faz buscar o transcendente, como quem tenta recordar um idioma esquecido.<\/span><\/p>\n<p><span class=\"cf1\">Se os deuses um dia caminharam entre n<\/span><span class=\"cf0\">\u00f3s, partiram deixando em nossa alma o desejo de reencontro.<\/span><\/p>\n<p><span class=\"cf0\">E \u00e9 esse desejo que nos move <\/span><span class=\"cf1\">a construir foguetes, a sondar o espa<\/span><span class=\"cf0\">\u00e7o, a escrever versos e ora\u00e7\u00f5es. Afinal, o homem moderno talvez seja apenas o \u00f3rf\u00e3o das estrelas, tentando regressar ao lar que pressente, mas n\u00e3o recorda.<\/span><\/p>\n<p><span class=\"cf0\">D\u00e4niken<\/span><span class=\"cf0\"> pode n\u00e3o ter provado sua tese com n\u00fameros, mas despertou algo maior: a consci\u00eancia de que somos feitos do mesmo mist\u00e9rio que buscamos.<\/span><\/p>\n<p><span class=\"cf0\">Por ora, \u00e9 v\u00e1lido afirmar que enquanto houver c\u00e9u e sil\u00eancio, a pergunta continuar\u00e1 viva. N\u00e3o como d\u00favida, mas como promessa.<\/span><\/p>\n<p><!--EndFragment --><\/p>\n","protected":false},"excerpt":{"rendered":"<p>O sol nascia por detr\u00e1s das ru\u00ednas de Palenque quando o arque\u00f3logo deteve o passo. Diante dele, os blocos de pedra milenares projetavam sombras precisas sobre o ch\u00e3o \u00famido, como se cada \u00e2ngulo, cada fenda, tivesse sido calculado por m\u00e3os que conheciam o segredo do cosmos. Ele passou a ponta dos dedos sobre um baixo-relevo [&hellip;]<\/p>\n","protected":false},"author":2,"featured_media":368279,"comment_status":"closed","ping_status":"closed","sticky":false,"template":"","format":"standard","meta":{"_acf_changed":false,"footnotes":""},"categories":[237],"tags":[],"class_list":["post-368278","post","type-post","status-publish","format-standard","has-post-thumbnail","hentry","category-oraculos"],"acf":[],"yoast_head":"<!-- This site is optimized with the Yoast SEO plugin v27.2 - https:\/\/yoast.com\/product\/yoast-seo-wordpress\/ -->\n<title>Um novo olhar sobre se deuses eram astronautas - Notibras<\/title>\n<meta name=\"robots\" content=\"index, follow, max-snippet:-1, max-image-preview:large, max-video-preview:-1\" \/>\n<link rel=\"canonical\" href=\"https:\/\/www.notibras.com\/site\/um-novo-olhar-sobre-se-deuses-eram-astronautas\/\" \/>\n<meta property=\"og:locale\" content=\"pt_BR\" \/>\n<meta property=\"og:type\" content=\"article\" \/>\n<meta property=\"og:title\" content=\"Um novo olhar sobre se deuses eram astronautas - Notibras\" \/>\n<meta property=\"og:description\" content=\"O sol nascia por detr\u00e1s das ru\u00ednas de Palenque quando o arque\u00f3logo deteve o passo. Diante dele, os blocos de pedra milenares projetavam sombras precisas sobre o ch\u00e3o \u00famido, como se cada \u00e2ngulo, cada fenda, tivesse sido calculado por m\u00e3os que conheciam o segredo do cosmos. Ele passou a ponta dos dedos sobre um baixo-relevo [&hellip;]\" \/>\n<meta property=\"og:url\" content=\"https:\/\/www.notibras.com\/site\/um-novo-olhar-sobre-se-deuses-eram-astronautas\/\" \/>\n<meta property=\"og:site_name\" content=\"Notibras\" \/>\n<meta property=\"article:publisher\" content=\"https:\/\/www.facebook.com\/notibras\/\" \/>\n<meta property=\"article:published_time\" content=\"2025-10-24T03:46:41+00:00\" \/>\n<meta property=\"article:modified_time\" content=\"2025-10-24T07:30:33+00:00\" \/>\n<meta property=\"og:image\" content=\"https:\/\/www.notibras.com\/site\/wp-content\/uploads\/2025\/10\/37e9f7cb-0bc6-4265-88b3-189a67199c38-1024x683.png\" \/>\n\t<meta property=\"og:image:width\" content=\"1024\" \/>\n\t<meta property=\"og:image:height\" content=\"683\" \/>\n\t<meta property=\"og:image:type\" content=\"image\/png\" \/>\n<meta name=\"author\" content=\"Reda\u00e7\u00e3o\" \/>\n<meta name=\"twitter:card\" content=\"summary_large_image\" \/>\n<meta name=\"twitter:creator\" content=\"@Notibras\" \/>\n<meta name=\"twitter:site\" content=\"@Notibras\" \/>\n<meta name=\"twitter:label1\" content=\"Escrito por\" \/>\n\t<meta name=\"twitter:data1\" content=\"Reda\u00e7\u00e3o\" \/>\n\t<meta name=\"twitter:label2\" content=\"Est. tempo de leitura\" \/>\n\t<meta name=\"twitter:data2\" content=\"4 minutos\" \/>\n<script type=\"application\/ld+json\" class=\"yoast-schema-graph\">{\"@context\":\"https:\/\/schema.org\",\"@graph\":[{\"@type\":\"Article\",\"@id\":\"https:\/\/www.notibras.com\/site\/um-novo-olhar-sobre-se-deuses-eram-astronautas\/#article\",\"isPartOf\":{\"@id\":\"https:\/\/www.notibras.com\/site\/um-novo-olhar-sobre-se-deuses-eram-astronautas\/\"},\"author\":{\"name\":\"Reda\u00e7\u00e3o\",\"@id\":\"https:\/\/www.notibras.com\/site\/#\/schema\/person\/36ab0979449956132d3e5b517ea76ac8\"},\"headline\":\"Um novo olhar sobre se deuses eram astronautas\",\"datePublished\":\"2025-10-24T03:46:41+00:00\",\"dateModified\":\"2025-10-24T07:30:33+00:00\",\"mainEntityOfPage\":{\"@id\":\"https:\/\/www.notibras.com\/site\/um-novo-olhar-sobre-se-deuses-eram-astronautas\/\"},\"wordCount\":719,\"publisher\":{\"@id\":\"https:\/\/www.notibras.com\/site\/#organization\"},\"image\":{\"@id\":\"https:\/\/www.notibras.com\/site\/um-novo-olhar-sobre-se-deuses-eram-astronautas\/#primaryimage\"},\"thumbnailUrl\":\"https:\/\/www.notibras.com\/site\/wp-content\/uploads\/2025\/10\/37e9f7cb-0bc6-4265-88b3-189a67199c38.png\",\"articleSection\":[\"Or\u00e1culos\"],\"inLanguage\":\"pt-BR\"},{\"@type\":\"WebPage\",\"@id\":\"https:\/\/www.notibras.com\/site\/um-novo-olhar-sobre-se-deuses-eram-astronautas\/\",\"url\":\"https:\/\/www.notibras.com\/site\/um-novo-olhar-sobre-se-deuses-eram-astronautas\/\",\"name\":\"Um novo olhar sobre se deuses eram astronautas - Notibras\",\"isPartOf\":{\"@id\":\"https:\/\/www.notibras.com\/site\/#website\"},\"primaryImageOfPage\":{\"@id\":\"https:\/\/www.notibras.com\/site\/um-novo-olhar-sobre-se-deuses-eram-astronautas\/#primaryimage\"},\"image\":{\"@id\":\"https:\/\/www.notibras.com\/site\/um-novo-olhar-sobre-se-deuses-eram-astronautas\/#primaryimage\"},\"thumbnailUrl\":\"https:\/\/www.notibras.com\/site\/wp-content\/uploads\/2025\/10\/37e9f7cb-0bc6-4265-88b3-189a67199c38.png\",\"datePublished\":\"2025-10-24T03:46:41+00:00\",\"dateModified\":\"2025-10-24T07:30:33+00:00\",\"breadcrumb\":{\"@id\":\"https:\/\/www.notibras.com\/site\/um-novo-olhar-sobre-se-deuses-eram-astronautas\/#breadcrumb\"},\"inLanguage\":\"pt-BR\",\"potentialAction\":[{\"@type\":\"ReadAction\",\"target\":[\"https:\/\/www.notibras.com\/site\/um-novo-olhar-sobre-se-deuses-eram-astronautas\/\"]}]},{\"@type\":\"ImageObject\",\"inLanguage\":\"pt-BR\",\"@id\":\"https:\/\/www.notibras.com\/site\/um-novo-olhar-sobre-se-deuses-eram-astronautas\/#primaryimage\",\"url\":\"https:\/\/www.notibras.com\/site\/wp-content\/uploads\/2025\/10\/37e9f7cb-0bc6-4265-88b3-189a67199c38.png\",\"contentUrl\":\"https:\/\/www.notibras.com\/site\/wp-content\/uploads\/2025\/10\/37e9f7cb-0bc6-4265-88b3-189a67199c38.png\",\"width\":1536,\"height\":1024},{\"@type\":\"BreadcrumbList\",\"@id\":\"https:\/\/www.notibras.com\/site\/um-novo-olhar-sobre-se-deuses-eram-astronautas\/#breadcrumb\",\"itemListElement\":[{\"@type\":\"ListItem\",\"position\":1,\"name\":\"In\u00edcio\",\"item\":\"https:\/\/www.notibras.com\/site\/\"},{\"@type\":\"ListItem\",\"position\":2,\"name\":\"Um novo olhar sobre se deuses eram astronautas\"}]},{\"@type\":\"WebSite\",\"@id\":\"https:\/\/www.notibras.com\/site\/#website\",\"url\":\"https:\/\/www.notibras.com\/site\/\",\"name\":\"Notibras\",\"description\":\"Not\u00edcias de Bras\u00edlia, do Brasil e do Mundo\",\"publisher\":{\"@id\":\"https:\/\/www.notibras.com\/site\/#organization\"},\"potentialAction\":[{\"@type\":\"SearchAction\",\"target\":{\"@type\":\"EntryPoint\",\"urlTemplate\":\"https:\/\/www.notibras.com\/site\/?s={search_term_string}\"},\"query-input\":{\"@type\":\"PropertyValueSpecification\",\"valueRequired\":true,\"valueName\":\"search_term_string\"}}],\"inLanguage\":\"pt-BR\"},{\"@type\":\"Organization\",\"@id\":\"https:\/\/www.notibras.com\/site\/#organization\",\"name\":\"Grupo Notibras de Comunica\u00e7\u00e3o\",\"url\":\"https:\/\/www.notibras.com\/site\/\",\"logo\":{\"@type\":\"ImageObject\",\"inLanguage\":\"pt-BR\",\"@id\":\"https:\/\/www.notibras.com\/site\/#\/schema\/logo\/image\/\",\"url\":\"https:\/\/www.notibras.com\/site\/wp-content\/uploads\/2023\/01\/notibras23.png\",\"contentUrl\":\"https:\/\/www.notibras.com\/site\/wp-content\/uploads\/2023\/01\/notibras23.png\",\"width\":350,\"height\":87,\"caption\":\"Grupo Notibras de Comunica\u00e7\u00e3o\"},\"image\":{\"@id\":\"https:\/\/www.notibras.com\/site\/#\/schema\/logo\/image\/\"},\"sameAs\":[\"https:\/\/www.facebook.com\/notibras\/\",\"https:\/\/x.com\/Notibras\",\"https:\/\/www.instagram.com\/notibras\/\"]},{\"@type\":\"Person\",\"@id\":\"https:\/\/www.notibras.com\/site\/#\/schema\/person\/36ab0979449956132d3e5b517ea76ac8\",\"name\":\"Reda\u00e7\u00e3o\",\"image\":{\"@type\":\"ImageObject\",\"inLanguage\":\"pt-BR\",\"@id\":\"https:\/\/secure.gravatar.com\/avatar\/e0a867bdedb85fd243eadf09663511f96fc81e0720a4a42581f334ad4303aa6b?s=96&d=mm&r=g\",\"url\":\"https:\/\/secure.gravatar.com\/avatar\/e0a867bdedb85fd243eadf09663511f96fc81e0720a4a42581f334ad4303aa6b?s=96&d=mm&r=g\",\"contentUrl\":\"https:\/\/secure.gravatar.com\/avatar\/e0a867bdedb85fd243eadf09663511f96fc81e0720a4a42581f334ad4303aa6b?s=96&d=mm&r=g\",\"caption\":\"Reda\u00e7\u00e3o\"}}]}<\/script>\n<!-- \/ Yoast SEO plugin. -->","yoast_head_json":{"title":"Um novo olhar sobre se deuses eram astronautas - Notibras","robots":{"index":"index","follow":"follow","max-snippet":"max-snippet:-1","max-image-preview":"max-image-preview:large","max-video-preview":"max-video-preview:-1"},"canonical":"https:\/\/www.notibras.com\/site\/um-novo-olhar-sobre-se-deuses-eram-astronautas\/","og_locale":"pt_BR","og_type":"article","og_title":"Um novo olhar sobre se deuses eram astronautas - Notibras","og_description":"O sol nascia por detr\u00e1s das ru\u00ednas de Palenque quando o arque\u00f3logo deteve o passo. Diante dele, os blocos de pedra milenares projetavam sombras precisas sobre o ch\u00e3o \u00famido, como se cada \u00e2ngulo, cada fenda, tivesse sido calculado por m\u00e3os que conheciam o segredo do cosmos. Ele passou a ponta dos dedos sobre um baixo-relevo [&hellip;]","og_url":"https:\/\/www.notibras.com\/site\/um-novo-olhar-sobre-se-deuses-eram-astronautas\/","og_site_name":"Notibras","article_publisher":"https:\/\/www.facebook.com\/notibras\/","article_published_time":"2025-10-24T03:46:41+00:00","article_modified_time":"2025-10-24T07:30:33+00:00","og_image":[{"width":1024,"height":683,"url":"https:\/\/www.notibras.com\/site\/wp-content\/uploads\/2025\/10\/37e9f7cb-0bc6-4265-88b3-189a67199c38-1024x683.png","type":"image\/png"}],"author":"Reda\u00e7\u00e3o","twitter_card":"summary_large_image","twitter_creator":"@Notibras","twitter_site":"@Notibras","twitter_misc":{"Escrito por":"Reda\u00e7\u00e3o","Est. tempo de leitura":"4 minutos"},"schema":{"@context":"https:\/\/schema.org","@graph":[{"@type":"Article","@id":"https:\/\/www.notibras.com\/site\/um-novo-olhar-sobre-se-deuses-eram-astronautas\/#article","isPartOf":{"@id":"https:\/\/www.notibras.com\/site\/um-novo-olhar-sobre-se-deuses-eram-astronautas\/"},"author":{"name":"Reda\u00e7\u00e3o","@id":"https:\/\/www.notibras.com\/site\/#\/schema\/person\/36ab0979449956132d3e5b517ea76ac8"},"headline":"Um novo olhar sobre se deuses eram astronautas","datePublished":"2025-10-24T03:46:41+00:00","dateModified":"2025-10-24T07:30:33+00:00","mainEntityOfPage":{"@id":"https:\/\/www.notibras.com\/site\/um-novo-olhar-sobre-se-deuses-eram-astronautas\/"},"wordCount":719,"publisher":{"@id":"https:\/\/www.notibras.com\/site\/#organization"},"image":{"@id":"https:\/\/www.notibras.com\/site\/um-novo-olhar-sobre-se-deuses-eram-astronautas\/#primaryimage"},"thumbnailUrl":"https:\/\/www.notibras.com\/site\/wp-content\/uploads\/2025\/10\/37e9f7cb-0bc6-4265-88b3-189a67199c38.png","articleSection":["Or\u00e1culos"],"inLanguage":"pt-BR"},{"@type":"WebPage","@id":"https:\/\/www.notibras.com\/site\/um-novo-olhar-sobre-se-deuses-eram-astronautas\/","url":"https:\/\/www.notibras.com\/site\/um-novo-olhar-sobre-se-deuses-eram-astronautas\/","name":"Um novo olhar sobre se deuses eram astronautas - Notibras","isPartOf":{"@id":"https:\/\/www.notibras.com\/site\/#website"},"primaryImageOfPage":{"@id":"https:\/\/www.notibras.com\/site\/um-novo-olhar-sobre-se-deuses-eram-astronautas\/#primaryimage"},"image":{"@id":"https:\/\/www.notibras.com\/site\/um-novo-olhar-sobre-se-deuses-eram-astronautas\/#primaryimage"},"thumbnailUrl":"https:\/\/www.notibras.com\/site\/wp-content\/uploads\/2025\/10\/37e9f7cb-0bc6-4265-88b3-189a67199c38.png","datePublished":"2025-10-24T03:46:41+00:00","dateModified":"2025-10-24T07:30:33+00:00","breadcrumb":{"@id":"https:\/\/www.notibras.com\/site\/um-novo-olhar-sobre-se-deuses-eram-astronautas\/#breadcrumb"},"inLanguage":"pt-BR","potentialAction":[{"@type":"ReadAction","target":["https:\/\/www.notibras.com\/site\/um-novo-olhar-sobre-se-deuses-eram-astronautas\/"]}]},{"@type":"ImageObject","inLanguage":"pt-BR","@id":"https:\/\/www.notibras.com\/site\/um-novo-olhar-sobre-se-deuses-eram-astronautas\/#primaryimage","url":"https:\/\/www.notibras.com\/site\/wp-content\/uploads\/2025\/10\/37e9f7cb-0bc6-4265-88b3-189a67199c38.png","contentUrl":"https:\/\/www.notibras.com\/site\/wp-content\/uploads\/2025\/10\/37e9f7cb-0bc6-4265-88b3-189a67199c38.png","width":1536,"height":1024},{"@type":"BreadcrumbList","@id":"https:\/\/www.notibras.com\/site\/um-novo-olhar-sobre-se-deuses-eram-astronautas\/#breadcrumb","itemListElement":[{"@type":"ListItem","position":1,"name":"In\u00edcio","item":"https:\/\/www.notibras.com\/site\/"},{"@type":"ListItem","position":2,"name":"Um novo olhar sobre se deuses eram astronautas"}]},{"@type":"WebSite","@id":"https:\/\/www.notibras.com\/site\/#website","url":"https:\/\/www.notibras.com\/site\/","name":"Notibras","description":"Not\u00edcias de Bras\u00edlia, do Brasil e do Mundo","publisher":{"@id":"https:\/\/www.notibras.com\/site\/#organization"},"potentialAction":[{"@type":"SearchAction","target":{"@type":"EntryPoint","urlTemplate":"https:\/\/www.notibras.com\/site\/?s={search_term_string}"},"query-input":{"@type":"PropertyValueSpecification","valueRequired":true,"valueName":"search_term_string"}}],"inLanguage":"pt-BR"},{"@type":"Organization","@id":"https:\/\/www.notibras.com\/site\/#organization","name":"Grupo Notibras de Comunica\u00e7\u00e3o","url":"https:\/\/www.notibras.com\/site\/","logo":{"@type":"ImageObject","inLanguage":"pt-BR","@id":"https:\/\/www.notibras.com\/site\/#\/schema\/logo\/image\/","url":"https:\/\/www.notibras.com\/site\/wp-content\/uploads\/2023\/01\/notibras23.png","contentUrl":"https:\/\/www.notibras.com\/site\/wp-content\/uploads\/2023\/01\/notibras23.png","width":350,"height":87,"caption":"Grupo Notibras de Comunica\u00e7\u00e3o"},"image":{"@id":"https:\/\/www.notibras.com\/site\/#\/schema\/logo\/image\/"},"sameAs":["https:\/\/www.facebook.com\/notibras\/","https:\/\/x.com\/Notibras","https:\/\/www.instagram.com\/notibras\/"]},{"@type":"Person","@id":"https:\/\/www.notibras.com\/site\/#\/schema\/person\/36ab0979449956132d3e5b517ea76ac8","name":"Reda\u00e7\u00e3o","image":{"@type":"ImageObject","inLanguage":"pt-BR","@id":"https:\/\/secure.gravatar.com\/avatar\/e0a867bdedb85fd243eadf09663511f96fc81e0720a4a42581f334ad4303aa6b?s=96&d=mm&r=g","url":"https:\/\/secure.gravatar.com\/avatar\/e0a867bdedb85fd243eadf09663511f96fc81e0720a4a42581f334ad4303aa6b?s=96&d=mm&r=g","contentUrl":"https:\/\/secure.gravatar.com\/avatar\/e0a867bdedb85fd243eadf09663511f96fc81e0720a4a42581f334ad4303aa6b?s=96&d=mm&r=g","caption":"Reda\u00e7\u00e3o"}}]}},"amp_enabled":true,"_links":{"self":[{"href":"https:\/\/www.notibras.com\/site\/wp-json\/wp\/v2\/posts\/368278","targetHints":{"allow":["GET"]}}],"collection":[{"href":"https:\/\/www.notibras.com\/site\/wp-json\/wp\/v2\/posts"}],"about":[{"href":"https:\/\/www.notibras.com\/site\/wp-json\/wp\/v2\/types\/post"}],"author":[{"embeddable":true,"href":"https:\/\/www.notibras.com\/site\/wp-json\/wp\/v2\/users\/2"}],"replies":[{"embeddable":true,"href":"https:\/\/www.notibras.com\/site\/wp-json\/wp\/v2\/comments?post=368278"}],"version-history":[{"count":4,"href":"https:\/\/www.notibras.com\/site\/wp-json\/wp\/v2\/posts\/368278\/revisions"}],"predecessor-version":[{"id":368308,"href":"https:\/\/www.notibras.com\/site\/wp-json\/wp\/v2\/posts\/368278\/revisions\/368308"}],"wp:featuredmedia":[{"embeddable":true,"href":"https:\/\/www.notibras.com\/site\/wp-json\/wp\/v2\/media\/368279"}],"wp:attachment":[{"href":"https:\/\/www.notibras.com\/site\/wp-json\/wp\/v2\/media?parent=368278"}],"wp:term":[{"taxonomy":"category","embeddable":true,"href":"https:\/\/www.notibras.com\/site\/wp-json\/wp\/v2\/categories?post=368278"},{"taxonomy":"post_tag","embeddable":true,"href":"https:\/\/www.notibras.com\/site\/wp-json\/wp\/v2\/tags?post=368278"}],"curies":[{"name":"wp","href":"https:\/\/api.w.org\/{rel}","templated":true}]}}