{"id":368351,"date":"2025-10-24T06:37:51","date_gmt":"2025-10-24T09:37:51","guid":{"rendered":"https:\/\/www.notibras.com\/site\/?p=368351"},"modified":"2025-10-24T06:37:51","modified_gmt":"2025-10-24T09:37:51","slug":"nova-rodovia-reduz-as-distancias-no-nordeste","status":"publish","type":"post","link":"https:\/\/www.notibras.com\/site\/nova-rodovia-reduz-as-distancias-no-nordeste\/","title":{"rendered":"Nova rodovia reduz as dist\u00e2ncias no Nordeste"},"content":{"rendered":"<p><!--StartFragment --><\/p>\n<p><span class=\"cf0\">O Departamento de Estradas de Rodagem do Piau\u00ed (DER-PI) concluiu mais uma importante obra de integra\u00e7\u00e3o regional: a nova rodovia PI-115, que liga o munic\u00edpio de Assun\u00e7\u00e3o do Piau\u00ed ao munic\u00edpio de <\/span><span class=\"cf0\">Quiterian\u00f3polis<\/span><span class=\"cf0\">, no estado do Cear\u00e1. Com essa entrega, o governo do Piau\u00ed soma cinco novas conex\u00f5es interestaduais, fortalecendo a malha vi\u00e1ria e ampliando as rotas de acesso entre o estado e seus vizinhos do Nordeste.<\/span><\/p>\n<p><span class=\"cf0\">A nova estrada, com 17,8 quil\u00f4metros de extens\u00e3o e duas pontes de 40 metros cada, recebeu investimento de aproximadamente R$ 28 milh\u00f5es. Segundo o DER, a obra faz parte de um plano de infraestrutura que busca melhorar o escoamento da produ\u00e7\u00e3o agr\u00edcola, facilitar o transporte de cargas e passageiros e impulsionar o desenvolvimento econ\u00f4mico e social nas regi\u00f5es de divisa.<\/span><\/p>\n<p><span class=\"cf0\">De acordo com o diretor-geral do DER, Leonardo Sobral, a constru\u00e7\u00e3o da PI-115 representa mais do que um avan\u00e7o log\u00edstico <\/span><span class=\"cf1\">\u2014 <\/span><span class=\"cf0\">\u00e9 um marco de integra\u00e7\u00e3o entre comunidades que h\u00e1 d\u00e9cadas dependiam de estradas de terra e longos desvios para se conectar a outras cidades.<\/span><\/p>\n<p><span class=\"cf0\">\u201cEssas obras unem povos e encurtam dist\u00e2ncias. O Piau\u00ed est\u00e1 se tornando um estado de passagem e de oportunidades, e n\u00e3o apenas de interior. Cada nova estrada pavimentada traz dignidade e desenvolvimento para milhares de fam\u00edlias\u201d, afirmou Sobral.<\/span><\/p>\n<p><span class=\"cf0\">Al\u00e9m da PI-115, o DER concluiu recentemente outros trechos de liga\u00e7\u00e3o interestadual, como a PI-258, que conecta Domingos Mour\u00e3o (PI) ao Cear\u00e1, e a PI-415, que une Sebasti\u00e3o Barros (PI) \u00e0 divisa com a Bahia. Outras duas obras seguem em andamento: a PI-459, no limite com Pernambuco, e a PI-414, que ligar\u00e1 Cristal\u00e2ndia \u00e0 fronteira baiana. Juntas, essas rodovias somam mais de 100 quil\u00f4metros pavimentados e um investimento total superior a R$ 140 milh\u00f5es.<\/span><\/p>\n<p><span class=\"cf0\">Os benef\u00edcios j\u00e1 s\u00e3o vis\u00edveis. Moradores e comerciantes locais destacam que, com o novo asfalto, o tempo de viagem entre as cidades foi reduzido quase pela metade. Caminhoneiros que transportam milho, gado e produtos hortifrutigranjeiros passaram a circular com mais seguran\u00e7a e economia. A expectativa \u00e9 que o fluxo entre o Piau\u00ed e o Cear\u00e1 aumente significativamente nos pr\u00f3ximos meses.<\/span><\/p>\n<p><span class=\"cf0\">A nova conex\u00e3o tamb\u00e9m tem impacto direto em \u00e1reas como turismo, educa\u00e7\u00e3o e sa\u00fade, facilitando o deslocamento de moradores at\u00e9 centros regionais e hospitais de refer\u00eancia. A pavimenta\u00e7\u00e3o das vias interestaduais representa um passo importante para reduzir o isolamento de comunidades rurais e promover o desenvolvimento sustent\u00e1vel em regi\u00f5es historicamente esquecidas pelo poder p\u00fablico.<\/span><\/p>\n<p><span class=\"cf0\">Com a conclus\u00e3o da PI-115 e o avan\u00e7o das demais obras, o governo estadual refor\u00e7a o compromisso com a integra\u00e7\u00e3o regional e a melhoria da infraestrutura vi\u00e1ria, preparando o Piau\u00ed para uma nova fase de crescimento econ\u00f4mico e social.<\/span><\/p>\n<p><span class=\"cf0\">\u201cEssas conex\u00f5es n\u00e3o ligam apenas estados, mas aproximam pessoas, culturas e oportunidades\u201d, ressaltou o diretor do DER.<\/span><\/p>\n<p><!--EndFragment --><\/p>\n","protected":false},"excerpt":{"rendered":"<p>O Departamento de Estradas de Rodagem do Piau\u00ed (DER-PI) concluiu mais uma importante obra de integra\u00e7\u00e3o regional: a nova rodovia PI-115, que liga o munic\u00edpio de Assun\u00e7\u00e3o do Piau\u00ed ao munic\u00edpio de Quiterian\u00f3polis, no estado do Cear\u00e1. Com essa entrega, o governo do Piau\u00ed soma cinco novas conex\u00f5es interestaduais, fortalecendo a malha vi\u00e1ria e ampliando [&hellip;]<\/p>\n","protected":false},"author":2,"featured_media":368352,"comment_status":"closed","ping_status":"closed","sticky":false,"template":"","format":"standard","meta":{"_acf_changed":false,"footnotes":""},"categories":[165],"tags":[],"class_list":["post-368351","post","type-post","status-publish","format-standard","has-post-thumbnail","hentry","category-nordeste"],"acf":[],"_links":{"self":[{"href":"https:\/\/www.notibras.com\/site\/wp-json\/wp\/v2\/posts\/368351","targetHints":{"allow":["GET"]}}],"collection":[{"href":"https:\/\/www.notibras.com\/site\/wp-json\/wp\/v2\/posts"}],"about":[{"href":"https:\/\/www.notibras.com\/site\/wp-json\/wp\/v2\/types\/post"}],"author":[{"embeddable":true,"href":"https:\/\/www.notibras.com\/site\/wp-json\/wp\/v2\/users\/2"}],"replies":[{"embeddable":true,"href":"https:\/\/www.notibras.com\/site\/wp-json\/wp\/v2\/comments?post=368351"}],"version-history":[{"count":1,"href":"https:\/\/www.notibras.com\/site\/wp-json\/wp\/v2\/posts\/368351\/revisions"}],"predecessor-version":[{"id":368353,"href":"https:\/\/www.notibras.com\/site\/wp-json\/wp\/v2\/posts\/368351\/revisions\/368353"}],"wp:featuredmedia":[{"embeddable":true,"href":"https:\/\/www.notibras.com\/site\/wp-json\/wp\/v2\/media\/368352"}],"wp:attachment":[{"href":"https:\/\/www.notibras.com\/site\/wp-json\/wp\/v2\/media?parent=368351"}],"wp:term":[{"taxonomy":"category","embeddable":true,"href":"https:\/\/www.notibras.com\/site\/wp-json\/wp\/v2\/categories?post=368351"},{"taxonomy":"post_tag","embeddable":true,"href":"https:\/\/www.notibras.com\/site\/wp-json\/wp\/v2\/tags?post=368351"}],"curies":[{"name":"wp","href":"https:\/\/api.w.org\/{rel}","templated":true}]}}