{"id":368354,"date":"2025-10-24T06:15:39","date_gmt":"2025-10-24T09:15:39","guid":{"rendered":"https:\/\/www.notibras.com\/site\/?p=368354"},"modified":"2025-10-24T06:44:38","modified_gmt":"2025-10-24T09:44:38","slug":"mulheres-nordestinas-combatem-machismo-que-leva-ao-feminicidio","status":"publish","type":"post","link":"https:\/\/www.notibras.com\/site\/mulheres-nordestinas-combatem-machismo-que-leva-ao-feminicidio\/","title":{"rendered":"Mulheres nordestinas combatem machismo que leva ao feminic\u00eddio"},"content":{"rendered":"<p>No cora\u00e7\u00e3o quente do Nordeste, onde o sol castiga e a esperan\u00e7a insiste, h\u00e1 uma dor que n\u00e3o se cura com o tempo. Uma ferida aberta, invis\u00edvel aos olhos apressados, mas sentida em cada casa, em cada sil\u00eancio imposto, em cada mulher que cala por medo. \u00c9 a ferida do machismo, sangrando h\u00e1 s\u00e9culos, alimentada por uma cultura que ainda confunde for\u00e7a com domina\u00e7\u00e3o e amor com posse.<\/p>\n<p>Nas ruas de terra batida e nas avenidas das grandes cidades nordestinas, ecoam hist\u00f3rias de mulheres que se tornaram n\u00fameros \u2014 v\u00edtimas de um feminic\u00eddio que cresce como erva daninha no descuido social. S\u00e3o m\u00e3es, filhas, companheiras, trabalhadoras que pagam com a vida o pre\u00e7o da masculinidade ferida. Uma masculinidade constru\u00edda sobre o medo de perder o controle, de admitir a vulnerabilidade, de aceitar a igualdade.<\/p>\n<p>H\u00e1 algo profundamente doente na forma como se ensina o que \u00e9 \u201cser homem\u201d. Desde cedo, os meninos aprendem a engolir o choro, a erguer o peito e a dominar \u2014 como se a sensibilidade fosse um pecado e o respeito, uma fraqueza. Crescem acreditando que a mulher \u00e9 extens\u00e3o do seu poder, e n\u00e3o um ser livre. Essa crise de g\u00eanero \u00e9 tamb\u00e9m uma crise de identidade: homens que n\u00e3o sabem amar sem ferir, que n\u00e3o sabem se reconhecer fora do papel de dominadores.<\/p>\n<p>Mas o Nordeste tamb\u00e9m \u00e9 terra de resist\u00eancia. Em meio \u00e0 dor, florescem vozes que n\u00e3o se calam. Mulheres que marcham, denunciam, criam redes de apoio e rompem o ciclo da viol\u00eancia. Homens que se questionam, que desaprendem o que o patriarcado lhes ensinou, e reaprendem a ser humanos.<\/p>\n<p>A ferida aberta do Nordeste n\u00e3o \u00e9 apenas das mulheres \u2014 \u00e9 de todos. Cur\u00e1-la exige coragem: de olhar o machismo de frente, de educar de outra forma, de permitir que o amor n\u00e3o precise do medo para existir. Porque enquanto uma mulher tombar, o Nordeste continuar\u00e1 sangrando \u2014 e o sil\u00eancio, c\u00famplice, continuar\u00e1 sendo a mais cruel das viol\u00eancias.<\/p>\n","protected":false},"excerpt":{"rendered":"<p>No cora\u00e7\u00e3o quente do Nordeste, onde o sol castiga e a esperan\u00e7a insiste, h\u00e1 uma dor que n\u00e3o se cura com o tempo. Uma ferida aberta, invis\u00edvel aos olhos apressados, mas sentida em cada casa, em cada sil\u00eancio imposto, em cada mulher que cala por medo. \u00c9 a ferida do machismo, sangrando h\u00e1 s\u00e9culos, alimentada [&hellip;]<\/p>\n","protected":false},"author":2,"featured_media":368355,"comment_status":"closed","ping_status":"closed","sticky":false,"template":"","format":"standard","meta":{"_acf_changed":false,"footnotes":""},"categories":[165],"tags":[],"class_list":["post-368354","post","type-post","status-publish","format-standard","has-post-thumbnail","hentry","category-nordeste"],"acf":[],"_links":{"self":[{"href":"https:\/\/www.notibras.com\/site\/wp-json\/wp\/v2\/posts\/368354","targetHints":{"allow":["GET"]}}],"collection":[{"href":"https:\/\/www.notibras.com\/site\/wp-json\/wp\/v2\/posts"}],"about":[{"href":"https:\/\/www.notibras.com\/site\/wp-json\/wp\/v2\/types\/post"}],"author":[{"embeddable":true,"href":"https:\/\/www.notibras.com\/site\/wp-json\/wp\/v2\/users\/2"}],"replies":[{"embeddable":true,"href":"https:\/\/www.notibras.com\/site\/wp-json\/wp\/v2\/comments?post=368354"}],"version-history":[{"count":3,"href":"https:\/\/www.notibras.com\/site\/wp-json\/wp\/v2\/posts\/368354\/revisions"}],"predecessor-version":[{"id":368358,"href":"https:\/\/www.notibras.com\/site\/wp-json\/wp\/v2\/posts\/368354\/revisions\/368358"}],"wp:featuredmedia":[{"embeddable":true,"href":"https:\/\/www.notibras.com\/site\/wp-json\/wp\/v2\/media\/368355"}],"wp:attachment":[{"href":"https:\/\/www.notibras.com\/site\/wp-json\/wp\/v2\/media?parent=368354"}],"wp:term":[{"taxonomy":"category","embeddable":true,"href":"https:\/\/www.notibras.com\/site\/wp-json\/wp\/v2\/categories?post=368354"},{"taxonomy":"post_tag","embeddable":true,"href":"https:\/\/www.notibras.com\/site\/wp-json\/wp\/v2\/tags?post=368354"}],"curies":[{"name":"wp","href":"https:\/\/api.w.org\/{rel}","templated":true}]}}