{"id":368359,"date":"2025-10-24T00:46:08","date_gmt":"2025-10-24T03:46:08","guid":{"rendered":"https:\/\/www.notibras.com\/site\/?p=368359"},"modified":"2025-10-24T06:52:40","modified_gmt":"2025-10-24T09:52:40","slug":"bloco-muricocas-do-miramar-vira-patrimonio-cultural-imaterial","status":"publish","type":"post","link":"https:\/\/www.notibras.com\/site\/bloco-muricocas-do-miramar-vira-patrimonio-cultural-imaterial\/","title":{"rendered":"Bloco Muri\u00e7ocas do Miramar vira Patrim\u00f4nio Cultural Imaterial"},"content":{"rendered":"<p><!--StartFragment --><\/p>\n<p><span class=\"cf0\">A C\u00e2mara Municipal de Jo\u00e3o Pessoa aprovou o reconhecimento do Bloco das Muri\u00e7ocas de Miramar como Patrim\u00f4nio Cultural de Natureza Imaterial do Munic\u00edpio. A iniciativa foi da vereadora <\/span><span class=\"cf0\">Jailma<\/span><span class=\"cf0\"> Carvalho (PSB) e classifica como patrim\u00f4nio cultural, os bens de natureza material e imaterial, tomados individualmente ou em conjunto, portadores de refer\u00eancia \u00e0 identidade, \u00e0 a\u00e7\u00e3o, \u00e0 mem\u00f3ria dos diferentes grupos formadores da sociedade brasileira, em conformidade com o artigo 216 da Constitui\u00e7\u00e3o Federal.<\/span><\/p>\n<p><span class=\"cf0\">&#8220;O Bloco Muri\u00e7ocas \u00e9 uma manifesta\u00e7\u00e3o que, ao longo de quase quatro d\u00e9cadas, consolidou-se como uma das mais expressivas manifesta\u00e7\u00f5es culturais e populares da capital paraibana, tornando-se uma das mais aut\u00eanticas e representativas express\u00f5es da nossa cultura. Surgido no bairro do Miramar, o bloco cresceu, com a ades\u00e3o espont\u00e2nea da popula\u00e7\u00e3o, e consolidou-se como um dos principais eventos do pr\u00e9-carnaval pessoense, reunindo milhares de foli\u00f5es em celebra\u00e7\u00e3o \u00e0 criatividade e \u00e0 identidade local. Mais do que um evento festivo, as Muri\u00e7ocas do Miramar representam a preserva\u00e7\u00e3o e difus\u00e3o de elementos aut\u00eanticos da cultura paraibana, como o frevo, o maracatu, a m\u00fasica popular e o esp\u00edrito comunit\u00e1rio. O desfile, realizado sem cord\u00f5es de isolamento, promove a ocupa\u00e7\u00e3o democr\u00e1tica das ruas, estimulando a participa\u00e7\u00e3o popular e fortalecendo a identidade cultural da cidade&#8221;, ressaltou a vereadora, em sua justificativa.<\/span><\/p>\n<p><span class=\"cf0\">Os vereadores Marcos Henriques (PT), Guguinha <\/span><span class=\"cf0\">Moov<\/span> <span class=\"cf0\">Jampa<\/span><span class=\"cf0\"> (PSD), <\/span><span class=\"cf0\">M\u00f4<\/span><span class=\"cf0\"> Lima (PP) e Lu\u00eds da <\/span><span class=\"cf0\">Pardaria<\/span><span class=\"cf0\"> (Agir) corroboraram com as palavras da vereadora, exaltaram sua propositura e enfatizaram a import\u00e2ncia da agremia\u00e7\u00e3o para a cultura da cidade, sendo refer\u00eancia de pr\u00e9-carnaval para o resto do pa\u00eds e para o mundo.<\/span><\/p>\n<p><!--EndFragment --><\/p>\n","protected":false},"excerpt":{"rendered":"<p>A C\u00e2mara Municipal de Jo\u00e3o Pessoa aprovou o reconhecimento do Bloco das Muri\u00e7ocas de Miramar como Patrim\u00f4nio Cultural de Natureza Imaterial do Munic\u00edpio. A iniciativa foi da vereadora Jailma Carvalho (PSB) e classifica como patrim\u00f4nio cultural, os bens de natureza material e imaterial, tomados individualmente ou em conjunto, portadores de refer\u00eancia \u00e0 identidade, \u00e0 a\u00e7\u00e3o, [&hellip;]<\/p>\n","protected":false},"author":2,"featured_media":368360,"comment_status":"closed","ping_status":"closed","sticky":false,"template":"","format":"standard","meta":{"_acf_changed":false,"footnotes":""},"categories":[165],"tags":[],"class_list":["post-368359","post","type-post","status-publish","format-standard","has-post-thumbnail","hentry","category-nordeste"],"acf":[],"_links":{"self":[{"href":"https:\/\/www.notibras.com\/site\/wp-json\/wp\/v2\/posts\/368359","targetHints":{"allow":["GET"]}}],"collection":[{"href":"https:\/\/www.notibras.com\/site\/wp-json\/wp\/v2\/posts"}],"about":[{"href":"https:\/\/www.notibras.com\/site\/wp-json\/wp\/v2\/types\/post"}],"author":[{"embeddable":true,"href":"https:\/\/www.notibras.com\/site\/wp-json\/wp\/v2\/users\/2"}],"replies":[{"embeddable":true,"href":"https:\/\/www.notibras.com\/site\/wp-json\/wp\/v2\/comments?post=368359"}],"version-history":[{"count":2,"href":"https:\/\/www.notibras.com\/site\/wp-json\/wp\/v2\/posts\/368359\/revisions"}],"predecessor-version":[{"id":368362,"href":"https:\/\/www.notibras.com\/site\/wp-json\/wp\/v2\/posts\/368359\/revisions\/368362"}],"wp:featuredmedia":[{"embeddable":true,"href":"https:\/\/www.notibras.com\/site\/wp-json\/wp\/v2\/media\/368360"}],"wp:attachment":[{"href":"https:\/\/www.notibras.com\/site\/wp-json\/wp\/v2\/media?parent=368359"}],"wp:term":[{"taxonomy":"category","embeddable":true,"href":"https:\/\/www.notibras.com\/site\/wp-json\/wp\/v2\/categories?post=368359"},{"taxonomy":"post_tag","embeddable":true,"href":"https:\/\/www.notibras.com\/site\/wp-json\/wp\/v2\/tags?post=368359"}],"curies":[{"name":"wp","href":"https:\/\/api.w.org\/{rel}","templated":true}]}}