{"id":368396,"date":"2025-10-25T00:40:28","date_gmt":"2025-10-25T03:40:28","guid":{"rendered":"https:\/\/www.notibras.com\/site\/?p=368396"},"modified":"2025-10-25T00:40:28","modified_gmt":"2025-10-25T03:40:28","slug":"icaro-e-o-misterio-que-cerca-nosso-voo-interior","status":"publish","type":"post","link":"https:\/\/www.notibras.com\/site\/icaro-e-o-misterio-que-cerca-nosso-voo-interior\/","title":{"rendered":"\u00cdcaro e o mist\u00e9rio que cerca nosso voo interior"},"content":{"rendered":"<p><!--StartFragment --><\/p>\n<p><span class=\"cf0\">A lenda de \u00cdcaro, nascida do imagin\u00e1rio grego, atravessou os s\u00e9culos como um aviso e um enigma. Filho de D\u00e9dalo, o genial artes\u00e3o que criou o Labirinto de Creta, \u00cdcaro ganhou asas feitas de penas e cera para fugir do cativeiro. Antes do voo, o pai lhe advertiu: \u201cN\u00e3o voe alto demais, para que o Sol n\u00e3o derreta tuas asas; nem baixo demais, para que o mar n\u00e3o as molhe.\u201d<\/span><\/p>\n<p><span class=\"cf0\">Mas \u00cdcaro, embriagado pela sensa\u00e7\u00e3o da liberdade, ignorou o conselho. Voou cada vez mais alto, sentindo-se quase divino. O Sol, implac\u00e1vel, derreteu a cera, e o jovem caiu nas \u00e1guas do mar Egeu <\/span><span class=\"cf1\">\u2014 onde seus sonhos se dissolveram.<\/span><\/p>\n<p><span class=\"cf1\">Para o olhar m<\/span><span class=\"cf0\">\u00edstico, a hist\u00f3ria n\u00e3o fala apenas de desobedi\u00eancia ou orgulho. Ela reflete a eterna jornada da alma humana em busca da transcend\u00eancia. As asas representam o esp\u00edrito, o anseio por tocar o invis\u00edvel; o Sol, a luz do conhecimento e da verdade; e o mar, a densidade do mundo material que nos acolhe quando ca\u00edmos.<\/span><\/p>\n<p><span class=\"cf0\">\u00cdcaro n\u00e3o \u00e9 apenas um s\u00edmbolo da imprud\u00eancia, mas tamb\u00e9m da coragem de quem ousa sonhar. Ele pagou o pre\u00e7o da eleva\u00e7\u00e3o sem preparo <\/span><span class=\"cf1\">\u2014 de buscar a ilumina<\/span><span class=\"cf0\">\u00e7\u00e3o sem disciplina interior. No entanto, em sua queda, h\u00e1 tamb\u00e9m um gesto sagrado: o da alma que tenta ultrapassar os limites humanos e se aproximar do divino.<\/span><\/p>\n<p><span class=\"cf0\">No campo do misticismo, essa narrativa lembra que o caminho espiritual \u00e9 uma arte de equil\u00edbrio. Quem voa baixo demais permanece prisioneiro da mat\u00e9ria; quem voa alto demais, sem consci\u00eancia, queima-se na pr\u00f3pria chama. O segredo est\u00e1 em encontrar o ponto em que o voo \u00e9 liberdade, mas tamb\u00e9m sabedoria.<\/span><\/p>\n<p><span class=\"cf0\">A li\u00e7\u00e3o \u00e9 clara como o Sol que o derrubou: sonhar \u00e9 essencial, mas \u00e9 preciso fortalecer as asas antes de desafiar o c\u00e9u. O verdadeiro voo \u00e9 aquele em que a alma sobe sem perder o ch\u00e3o, iluminada n\u00e3o pela arrog\u00e2ncia, mas pela serenidade do autoconhecimento.<\/span><\/p>\n<p><span class=\"cf0\">E talvez essa seja a mais profunda das li\u00e7\u00f5es de \u00cdcaro: voar n\u00e3o \u00e9 desafiar os deuses, mas compreender os ventos. O c\u00e9u n\u00e3o castiga quem sonha, apenas testa quem se entrega sem consci\u00eancia. H\u00e1 uma beleza rara em manter o olhar nas alturas e o cora\u00e7\u00e3o ancorado na ess\u00eancia. Porque, no fim, n\u00e3o \u00e9 a queda que nos define, mas a coragem de ter se lan\u00e7ado ao voo <\/span><span class=\"cf1\">\u2014 e a sabedoria de, um dia, aprender a voar com os p<\/span><span class=\"cf0\">\u00e9s firmes na alma.<\/span><\/p>\n<p><!--EndFragment --><\/p>\n","protected":false},"excerpt":{"rendered":"<p>A lenda de \u00cdcaro, nascida do imagin\u00e1rio grego, atravessou os s\u00e9culos como um aviso e um enigma. Filho de D\u00e9dalo, o genial artes\u00e3o que criou o Labirinto de Creta, \u00cdcaro ganhou asas feitas de penas e cera para fugir do cativeiro. Antes do voo, o pai lhe advertiu: \u201cN\u00e3o voe alto demais, para que o [&hellip;]<\/p>\n","protected":false},"author":2,"featured_media":368397,"comment_status":"closed","ping_status":"closed","sticky":false,"template":"","format":"standard","meta":{"_acf_changed":false,"footnotes":""},"categories":[237],"tags":[],"class_list":["post-368396","post","type-post","status-publish","format-standard","has-post-thumbnail","hentry","category-oraculos"],"acf":[],"yoast_head":"<!-- This site is optimized with the Yoast SEO plugin v27.2 - https:\/\/yoast.com\/product\/yoast-seo-wordpress\/ -->\n<title>\u00cdcaro e o mist\u00e9rio que cerca nosso voo interior - Notibras<\/title>\n<meta name=\"robots\" content=\"index, follow, max-snippet:-1, max-image-preview:large, max-video-preview:-1\" \/>\n<link rel=\"canonical\" href=\"https:\/\/www.notibras.com\/site\/icaro-e-o-misterio-que-cerca-nosso-voo-interior\/\" \/>\n<meta property=\"og:locale\" content=\"pt_BR\" \/>\n<meta property=\"og:type\" content=\"article\" \/>\n<meta property=\"og:title\" content=\"\u00cdcaro e o mist\u00e9rio que cerca nosso voo interior - Notibras\" \/>\n<meta property=\"og:description\" content=\"A lenda de \u00cdcaro, nascida do imagin\u00e1rio grego, atravessou os s\u00e9culos como um aviso e um enigma. Filho de D\u00e9dalo, o genial artes\u00e3o que criou o Labirinto de Creta, \u00cdcaro ganhou asas feitas de penas e cera para fugir do cativeiro. Antes do voo, o pai lhe advertiu: \u201cN\u00e3o voe alto demais, para que o [&hellip;]\" \/>\n<meta property=\"og:url\" content=\"https:\/\/www.notibras.com\/site\/icaro-e-o-misterio-que-cerca-nosso-voo-interior\/\" \/>\n<meta property=\"og:site_name\" content=\"Notibras\" \/>\n<meta property=\"article:publisher\" content=\"https:\/\/www.facebook.com\/notibras\/\" \/>\n<meta property=\"article:published_time\" content=\"2025-10-25T03:40:28+00:00\" \/>\n<meta property=\"og:image\" content=\"https:\/\/www.notibras.com\/site\/wp-content\/uploads\/2025\/10\/96d9ed9f-be52-4f6f-9dfe-64a0b8a15ddf-683x1024.png\" \/>\n\t<meta property=\"og:image:width\" content=\"683\" \/>\n\t<meta property=\"og:image:height\" content=\"1024\" \/>\n\t<meta property=\"og:image:type\" content=\"image\/png\" \/>\n<meta name=\"author\" content=\"Reda\u00e7\u00e3o\" \/>\n<meta name=\"twitter:card\" content=\"summary_large_image\" \/>\n<meta name=\"twitter:creator\" content=\"@Notibras\" \/>\n<meta name=\"twitter:site\" content=\"@Notibras\" \/>\n<meta name=\"twitter:label1\" content=\"Escrito por\" \/>\n\t<meta name=\"twitter:data1\" content=\"Reda\u00e7\u00e3o\" \/>\n\t<meta name=\"twitter:label2\" content=\"Est. tempo de leitura\" \/>\n\t<meta name=\"twitter:data2\" content=\"3 minutos\" \/>\n<script type=\"application\/ld+json\" class=\"yoast-schema-graph\">{\"@context\":\"https:\/\/schema.org\",\"@graph\":[{\"@type\":\"Article\",\"@id\":\"https:\/\/www.notibras.com\/site\/icaro-e-o-misterio-que-cerca-nosso-voo-interior\/#article\",\"isPartOf\":{\"@id\":\"https:\/\/www.notibras.com\/site\/icaro-e-o-misterio-que-cerca-nosso-voo-interior\/\"},\"author\":{\"name\":\"Reda\u00e7\u00e3o\",\"@id\":\"https:\/\/www.notibras.com\/site\/#\/schema\/person\/36ab0979449956132d3e5b517ea76ac8\"},\"headline\":\"\u00cdcaro e o mist\u00e9rio que cerca nosso voo interior\",\"datePublished\":\"2025-10-25T03:40:28+00:00\",\"mainEntityOfPage\":{\"@id\":\"https:\/\/www.notibras.com\/site\/icaro-e-o-misterio-que-cerca-nosso-voo-interior\/\"},\"wordCount\":448,\"publisher\":{\"@id\":\"https:\/\/www.notibras.com\/site\/#organization\"},\"image\":{\"@id\":\"https:\/\/www.notibras.com\/site\/icaro-e-o-misterio-que-cerca-nosso-voo-interior\/#primaryimage\"},\"thumbnailUrl\":\"https:\/\/www.notibras.com\/site\/wp-content\/uploads\/2025\/10\/96d9ed9f-be52-4f6f-9dfe-64a0b8a15ddf.png\",\"articleSection\":[\"Or\u00e1culos\"],\"inLanguage\":\"pt-BR\"},{\"@type\":\"WebPage\",\"@id\":\"https:\/\/www.notibras.com\/site\/icaro-e-o-misterio-que-cerca-nosso-voo-interior\/\",\"url\":\"https:\/\/www.notibras.com\/site\/icaro-e-o-misterio-que-cerca-nosso-voo-interior\/\",\"name\":\"\u00cdcaro e o mist\u00e9rio que cerca nosso voo interior - Notibras\",\"isPartOf\":{\"@id\":\"https:\/\/www.notibras.com\/site\/#website\"},\"primaryImageOfPage\":{\"@id\":\"https:\/\/www.notibras.com\/site\/icaro-e-o-misterio-que-cerca-nosso-voo-interior\/#primaryimage\"},\"image\":{\"@id\":\"https:\/\/www.notibras.com\/site\/icaro-e-o-misterio-que-cerca-nosso-voo-interior\/#primaryimage\"},\"thumbnailUrl\":\"https:\/\/www.notibras.com\/site\/wp-content\/uploads\/2025\/10\/96d9ed9f-be52-4f6f-9dfe-64a0b8a15ddf.png\",\"datePublished\":\"2025-10-25T03:40:28+00:00\",\"breadcrumb\":{\"@id\":\"https:\/\/www.notibras.com\/site\/icaro-e-o-misterio-que-cerca-nosso-voo-interior\/#breadcrumb\"},\"inLanguage\":\"pt-BR\",\"potentialAction\":[{\"@type\":\"ReadAction\",\"target\":[\"https:\/\/www.notibras.com\/site\/icaro-e-o-misterio-que-cerca-nosso-voo-interior\/\"]}]},{\"@type\":\"ImageObject\",\"inLanguage\":\"pt-BR\",\"@id\":\"https:\/\/www.notibras.com\/site\/icaro-e-o-misterio-que-cerca-nosso-voo-interior\/#primaryimage\",\"url\":\"https:\/\/www.notibras.com\/site\/wp-content\/uploads\/2025\/10\/96d9ed9f-be52-4f6f-9dfe-64a0b8a15ddf.png\",\"contentUrl\":\"https:\/\/www.notibras.com\/site\/wp-content\/uploads\/2025\/10\/96d9ed9f-be52-4f6f-9dfe-64a0b8a15ddf.png\",\"width\":1024,\"height\":1536},{\"@type\":\"BreadcrumbList\",\"@id\":\"https:\/\/www.notibras.com\/site\/icaro-e-o-misterio-que-cerca-nosso-voo-interior\/#breadcrumb\",\"itemListElement\":[{\"@type\":\"ListItem\",\"position\":1,\"name\":\"In\u00edcio\",\"item\":\"https:\/\/www.notibras.com\/site\/\"},{\"@type\":\"ListItem\",\"position\":2,\"name\":\"\u00cdcaro e o mist\u00e9rio que cerca nosso voo interior\"}]},{\"@type\":\"WebSite\",\"@id\":\"https:\/\/www.notibras.com\/site\/#website\",\"url\":\"https:\/\/www.notibras.com\/site\/\",\"name\":\"Notibras\",\"description\":\"Not\u00edcias de Bras\u00edlia, do Brasil e do Mundo\",\"publisher\":{\"@id\":\"https:\/\/www.notibras.com\/site\/#organization\"},\"potentialAction\":[{\"@type\":\"SearchAction\",\"target\":{\"@type\":\"EntryPoint\",\"urlTemplate\":\"https:\/\/www.notibras.com\/site\/?s={search_term_string}\"},\"query-input\":{\"@type\":\"PropertyValueSpecification\",\"valueRequired\":true,\"valueName\":\"search_term_string\"}}],\"inLanguage\":\"pt-BR\"},{\"@type\":\"Organization\",\"@id\":\"https:\/\/www.notibras.com\/site\/#organization\",\"name\":\"Grupo Notibras de Comunica\u00e7\u00e3o\",\"url\":\"https:\/\/www.notibras.com\/site\/\",\"logo\":{\"@type\":\"ImageObject\",\"inLanguage\":\"pt-BR\",\"@id\":\"https:\/\/www.notibras.com\/site\/#\/schema\/logo\/image\/\",\"url\":\"https:\/\/www.notibras.com\/site\/wp-content\/uploads\/2023\/01\/notibras23.png\",\"contentUrl\":\"https:\/\/www.notibras.com\/site\/wp-content\/uploads\/2023\/01\/notibras23.png\",\"width\":350,\"height\":87,\"caption\":\"Grupo Notibras de Comunica\u00e7\u00e3o\"},\"image\":{\"@id\":\"https:\/\/www.notibras.com\/site\/#\/schema\/logo\/image\/\"},\"sameAs\":[\"https:\/\/www.facebook.com\/notibras\/\",\"https:\/\/x.com\/Notibras\",\"https:\/\/www.instagram.com\/notibras\/\"]},{\"@type\":\"Person\",\"@id\":\"https:\/\/www.notibras.com\/site\/#\/schema\/person\/36ab0979449956132d3e5b517ea76ac8\",\"name\":\"Reda\u00e7\u00e3o\",\"image\":{\"@type\":\"ImageObject\",\"inLanguage\":\"pt-BR\",\"@id\":\"https:\/\/secure.gravatar.com\/avatar\/e0a867bdedb85fd243eadf09663511f96fc81e0720a4a42581f334ad4303aa6b?s=96&d=mm&r=g\",\"url\":\"https:\/\/secure.gravatar.com\/avatar\/e0a867bdedb85fd243eadf09663511f96fc81e0720a4a42581f334ad4303aa6b?s=96&d=mm&r=g\",\"contentUrl\":\"https:\/\/secure.gravatar.com\/avatar\/e0a867bdedb85fd243eadf09663511f96fc81e0720a4a42581f334ad4303aa6b?s=96&d=mm&r=g\",\"caption\":\"Reda\u00e7\u00e3o\"}}]}<\/script>\n<!-- \/ Yoast SEO plugin. -->","yoast_head_json":{"title":"\u00cdcaro e o mist\u00e9rio que cerca nosso voo interior - Notibras","robots":{"index":"index","follow":"follow","max-snippet":"max-snippet:-1","max-image-preview":"max-image-preview:large","max-video-preview":"max-video-preview:-1"},"canonical":"https:\/\/www.notibras.com\/site\/icaro-e-o-misterio-que-cerca-nosso-voo-interior\/","og_locale":"pt_BR","og_type":"article","og_title":"\u00cdcaro e o mist\u00e9rio que cerca nosso voo interior - Notibras","og_description":"A lenda de \u00cdcaro, nascida do imagin\u00e1rio grego, atravessou os s\u00e9culos como um aviso e um enigma. Filho de D\u00e9dalo, o genial artes\u00e3o que criou o Labirinto de Creta, \u00cdcaro ganhou asas feitas de penas e cera para fugir do cativeiro. Antes do voo, o pai lhe advertiu: \u201cN\u00e3o voe alto demais, para que o [&hellip;]","og_url":"https:\/\/www.notibras.com\/site\/icaro-e-o-misterio-que-cerca-nosso-voo-interior\/","og_site_name":"Notibras","article_publisher":"https:\/\/www.facebook.com\/notibras\/","article_published_time":"2025-10-25T03:40:28+00:00","og_image":[{"width":683,"height":1024,"url":"https:\/\/www.notibras.com\/site\/wp-content\/uploads\/2025\/10\/96d9ed9f-be52-4f6f-9dfe-64a0b8a15ddf-683x1024.png","type":"image\/png"}],"author":"Reda\u00e7\u00e3o","twitter_card":"summary_large_image","twitter_creator":"@Notibras","twitter_site":"@Notibras","twitter_misc":{"Escrito por":"Reda\u00e7\u00e3o","Est. tempo de leitura":"3 minutos"},"schema":{"@context":"https:\/\/schema.org","@graph":[{"@type":"Article","@id":"https:\/\/www.notibras.com\/site\/icaro-e-o-misterio-que-cerca-nosso-voo-interior\/#article","isPartOf":{"@id":"https:\/\/www.notibras.com\/site\/icaro-e-o-misterio-que-cerca-nosso-voo-interior\/"},"author":{"name":"Reda\u00e7\u00e3o","@id":"https:\/\/www.notibras.com\/site\/#\/schema\/person\/36ab0979449956132d3e5b517ea76ac8"},"headline":"\u00cdcaro e o mist\u00e9rio que cerca nosso voo interior","datePublished":"2025-10-25T03:40:28+00:00","mainEntityOfPage":{"@id":"https:\/\/www.notibras.com\/site\/icaro-e-o-misterio-que-cerca-nosso-voo-interior\/"},"wordCount":448,"publisher":{"@id":"https:\/\/www.notibras.com\/site\/#organization"},"image":{"@id":"https:\/\/www.notibras.com\/site\/icaro-e-o-misterio-que-cerca-nosso-voo-interior\/#primaryimage"},"thumbnailUrl":"https:\/\/www.notibras.com\/site\/wp-content\/uploads\/2025\/10\/96d9ed9f-be52-4f6f-9dfe-64a0b8a15ddf.png","articleSection":["Or\u00e1culos"],"inLanguage":"pt-BR"},{"@type":"WebPage","@id":"https:\/\/www.notibras.com\/site\/icaro-e-o-misterio-que-cerca-nosso-voo-interior\/","url":"https:\/\/www.notibras.com\/site\/icaro-e-o-misterio-que-cerca-nosso-voo-interior\/","name":"\u00cdcaro e o mist\u00e9rio que cerca nosso voo interior - Notibras","isPartOf":{"@id":"https:\/\/www.notibras.com\/site\/#website"},"primaryImageOfPage":{"@id":"https:\/\/www.notibras.com\/site\/icaro-e-o-misterio-que-cerca-nosso-voo-interior\/#primaryimage"},"image":{"@id":"https:\/\/www.notibras.com\/site\/icaro-e-o-misterio-que-cerca-nosso-voo-interior\/#primaryimage"},"thumbnailUrl":"https:\/\/www.notibras.com\/site\/wp-content\/uploads\/2025\/10\/96d9ed9f-be52-4f6f-9dfe-64a0b8a15ddf.png","datePublished":"2025-10-25T03:40:28+00:00","breadcrumb":{"@id":"https:\/\/www.notibras.com\/site\/icaro-e-o-misterio-que-cerca-nosso-voo-interior\/#breadcrumb"},"inLanguage":"pt-BR","potentialAction":[{"@type":"ReadAction","target":["https:\/\/www.notibras.com\/site\/icaro-e-o-misterio-que-cerca-nosso-voo-interior\/"]}]},{"@type":"ImageObject","inLanguage":"pt-BR","@id":"https:\/\/www.notibras.com\/site\/icaro-e-o-misterio-que-cerca-nosso-voo-interior\/#primaryimage","url":"https:\/\/www.notibras.com\/site\/wp-content\/uploads\/2025\/10\/96d9ed9f-be52-4f6f-9dfe-64a0b8a15ddf.png","contentUrl":"https:\/\/www.notibras.com\/site\/wp-content\/uploads\/2025\/10\/96d9ed9f-be52-4f6f-9dfe-64a0b8a15ddf.png","width":1024,"height":1536},{"@type":"BreadcrumbList","@id":"https:\/\/www.notibras.com\/site\/icaro-e-o-misterio-que-cerca-nosso-voo-interior\/#breadcrumb","itemListElement":[{"@type":"ListItem","position":1,"name":"In\u00edcio","item":"https:\/\/www.notibras.com\/site\/"},{"@type":"ListItem","position":2,"name":"\u00cdcaro e o mist\u00e9rio que cerca nosso voo interior"}]},{"@type":"WebSite","@id":"https:\/\/www.notibras.com\/site\/#website","url":"https:\/\/www.notibras.com\/site\/","name":"Notibras","description":"Not\u00edcias de Bras\u00edlia, do Brasil e do Mundo","publisher":{"@id":"https:\/\/www.notibras.com\/site\/#organization"},"potentialAction":[{"@type":"SearchAction","target":{"@type":"EntryPoint","urlTemplate":"https:\/\/www.notibras.com\/site\/?s={search_term_string}"},"query-input":{"@type":"PropertyValueSpecification","valueRequired":true,"valueName":"search_term_string"}}],"inLanguage":"pt-BR"},{"@type":"Organization","@id":"https:\/\/www.notibras.com\/site\/#organization","name":"Grupo Notibras de Comunica\u00e7\u00e3o","url":"https:\/\/www.notibras.com\/site\/","logo":{"@type":"ImageObject","inLanguage":"pt-BR","@id":"https:\/\/www.notibras.com\/site\/#\/schema\/logo\/image\/","url":"https:\/\/www.notibras.com\/site\/wp-content\/uploads\/2023\/01\/notibras23.png","contentUrl":"https:\/\/www.notibras.com\/site\/wp-content\/uploads\/2023\/01\/notibras23.png","width":350,"height":87,"caption":"Grupo Notibras de Comunica\u00e7\u00e3o"},"image":{"@id":"https:\/\/www.notibras.com\/site\/#\/schema\/logo\/image\/"},"sameAs":["https:\/\/www.facebook.com\/notibras\/","https:\/\/x.com\/Notibras","https:\/\/www.instagram.com\/notibras\/"]},{"@type":"Person","@id":"https:\/\/www.notibras.com\/site\/#\/schema\/person\/36ab0979449956132d3e5b517ea76ac8","name":"Reda\u00e7\u00e3o","image":{"@type":"ImageObject","inLanguage":"pt-BR","@id":"https:\/\/secure.gravatar.com\/avatar\/e0a867bdedb85fd243eadf09663511f96fc81e0720a4a42581f334ad4303aa6b?s=96&d=mm&r=g","url":"https:\/\/secure.gravatar.com\/avatar\/e0a867bdedb85fd243eadf09663511f96fc81e0720a4a42581f334ad4303aa6b?s=96&d=mm&r=g","contentUrl":"https:\/\/secure.gravatar.com\/avatar\/e0a867bdedb85fd243eadf09663511f96fc81e0720a4a42581f334ad4303aa6b?s=96&d=mm&r=g","caption":"Reda\u00e7\u00e3o"}}]}},"amp_enabled":true,"_links":{"self":[{"href":"https:\/\/www.notibras.com\/site\/wp-json\/wp\/v2\/posts\/368396","targetHints":{"allow":["GET"]}}],"collection":[{"href":"https:\/\/www.notibras.com\/site\/wp-json\/wp\/v2\/posts"}],"about":[{"href":"https:\/\/www.notibras.com\/site\/wp-json\/wp\/v2\/types\/post"}],"author":[{"embeddable":true,"href":"https:\/\/www.notibras.com\/site\/wp-json\/wp\/v2\/users\/2"}],"replies":[{"embeddable":true,"href":"https:\/\/www.notibras.com\/site\/wp-json\/wp\/v2\/comments?post=368396"}],"version-history":[{"count":1,"href":"https:\/\/www.notibras.com\/site\/wp-json\/wp\/v2\/posts\/368396\/revisions"}],"predecessor-version":[{"id":368398,"href":"https:\/\/www.notibras.com\/site\/wp-json\/wp\/v2\/posts\/368396\/revisions\/368398"}],"wp:featuredmedia":[{"embeddable":true,"href":"https:\/\/www.notibras.com\/site\/wp-json\/wp\/v2\/media\/368397"}],"wp:attachment":[{"href":"https:\/\/www.notibras.com\/site\/wp-json\/wp\/v2\/media?parent=368396"}],"wp:term":[{"taxonomy":"category","embeddable":true,"href":"https:\/\/www.notibras.com\/site\/wp-json\/wp\/v2\/categories?post=368396"},{"taxonomy":"post_tag","embeddable":true,"href":"https:\/\/www.notibras.com\/site\/wp-json\/wp\/v2\/tags?post=368396"}],"curies":[{"name":"wp","href":"https:\/\/api.w.org\/{rel}","templated":true}]}}