{"id":368399,"date":"2025-10-25T00:46:07","date_gmt":"2025-10-25T03:46:07","guid":{"rendered":"https:\/\/www.notibras.com\/site\/?p=368399"},"modified":"2025-10-25T00:47:49","modified_gmt":"2025-10-25T03:47:49","slug":"trump-usa-o-vale-tudo-para-derrubar-maduro","status":"publish","type":"post","link":"https:\/\/www.notibras.com\/site\/trump-usa-o-vale-tudo-para-derrubar-maduro\/","title":{"rendered":"Trump usa o &#8216;vale tudo&#8217; para derrubar Maduro"},"content":{"rendered":"<p><!--StartFragment --><\/p>\n<p><span class=\"cf0\">Os Estados Unidos enviaram o Grupo de Ataque de Porta-Avi\u00f5es Gerald R. Ford para a regi\u00e3o do Comando Sul (SOUTHCOM) para combater o tr\u00e1fico de drogas no Hemisf\u00e9rio Ocidental, coincidindo com a escalada das tens\u00f5es com a Venezuela, anunciou o porta-voz do Pent\u00e1gono, Sean <\/span><span class=\"cf0\">Parnell<\/span><span class=\"cf0\">, na sexta-feira.<\/span><\/p>\n<p><span class=\"cf0\">&#8220;Em apoio \u00e0 diretriz do presidente [Trump] de desmantelar as Organiza\u00e7\u00f5es Criminosas Transnacionais (<\/span><span class=\"cf0\">TCOs<\/span><span class=\"cf0\">) e combater o <\/span><span class=\"cf0\">narcoterrorismo<\/span><span class=\"cf0\"> em defesa da P\u00e1tria, o Secret\u00e1rio da Guerra [Pete <\/span><span class=\"cf0\">Hegseth<\/span><span class=\"cf0\">] comandou o Grupo de Ataque de Porta-Avi\u00f5es Gerald R. Ford e embarcou a ala a\u00e9rea do porta-avi\u00f5es para a \u00e1rea de responsabilidade do Comando Sul dos EUA &#8220;, disse <\/span><span class=\"cf0\">Parnell<\/span><span class=\"cf0\"> em um comunicado.<\/span><\/p>\n<p><span class=\"cf0\">De acordo com <\/span><span class=\"cf0\">Parnell<\/span><span class=\"cf0\">, o grupo de ataque &#8220;refor\u00e7ar\u00e1 a capacidade dos EUA de detectar, monitorar e interromper atividades e atores il\u00edcitos que comprometam a seguran\u00e7a e a prosperidade do territ\u00f3rio nacional dos Estados Unidos&#8221;.<\/span><\/p>\n<p><span class=\"cf0\">O an\u00fancio ocorre apenas um dia ap\u00f3s o presidente dos EUA, Donald Trump, dizer que os Estados Unidos est\u00e3o se preparando para uma opera\u00e7\u00e3o terrestre contra cart\u00e9is de drogas na Venezuela.<\/span><\/p>\n<p><!--EndFragment --><\/p>\n","protected":false},"excerpt":{"rendered":"<p>Os Estados Unidos enviaram o Grupo de Ataque de Porta-Avi\u00f5es Gerald R. Ford para a regi\u00e3o do Comando Sul (SOUTHCOM) para combater o tr\u00e1fico de drogas no Hemisf\u00e9rio Ocidental, coincidindo com a escalada das tens\u00f5es com a Venezuela, anunciou o porta-voz do Pent\u00e1gono, Sean Parnell, na sexta-feira. &#8220;Em apoio \u00e0 diretriz do presidente [Trump] de [&hellip;]<\/p>\n","protected":false},"author":2,"featured_media":368400,"comment_status":"closed","ping_status":"closed","sticky":false,"template":"","format":"standard","meta":{"_acf_changed":false,"footnotes":""},"categories":[159],"tags":[95],"class_list":["post-368399","post","type-post","status-publish","format-standard","has-post-thumbnail","hentry","category-apocalipse","tag-capa"],"acf":[],"yoast_head":"<!-- This site is optimized with the Yoast SEO plugin v27.2 - https:\/\/yoast.com\/product\/yoast-seo-wordpress\/ -->\n<title>Trump usa o &#039;vale tudo&#039; para derrubar Maduro - Notibras<\/title>\n<meta name=\"robots\" content=\"index, follow, max-snippet:-1, max-image-preview:large, max-video-preview:-1\" \/>\n<link rel=\"canonical\" href=\"https:\/\/www.notibras.com\/site\/trump-usa-o-vale-tudo-para-derrubar-maduro\/\" \/>\n<meta property=\"og:locale\" content=\"pt_BR\" \/>\n<meta property=\"og:type\" content=\"article\" \/>\n<meta property=\"og:title\" content=\"Trump usa o &#039;vale tudo&#039; para derrubar Maduro - Notibras\" \/>\n<meta property=\"og:description\" content=\"Os Estados Unidos enviaram o Grupo de Ataque de Porta-Avi\u00f5es Gerald R. Ford para a regi\u00e3o do Comando Sul (SOUTHCOM) para combater o tr\u00e1fico de drogas no Hemisf\u00e9rio Ocidental, coincidindo com a escalada das tens\u00f5es com a Venezuela, anunciou o porta-voz do Pent\u00e1gono, Sean Parnell, na sexta-feira. &#8220;Em apoio \u00e0 diretriz do presidente [Trump] de [&hellip;]\" \/>\n<meta property=\"og:url\" content=\"https:\/\/www.notibras.com\/site\/trump-usa-o-vale-tudo-para-derrubar-maduro\/\" \/>\n<meta property=\"og:site_name\" content=\"Notibras\" \/>\n<meta property=\"article:publisher\" content=\"https:\/\/www.facebook.com\/notibras\/\" \/>\n<meta property=\"article:published_time\" content=\"2025-10-25T03:46:07+00:00\" \/>\n<meta property=\"article:modified_time\" content=\"2025-10-25T03:47:49+00:00\" \/>\n<meta property=\"og:image\" content=\"https:\/\/www.notibras.com\/site\/wp-content\/uploads\/2025\/10\/1114239905_0_0_2425_1617_1440x900_80_0_1_4601d334bdaecb6739b3654b3b6f9ec3.jpg.webp\" \/>\n\t<meta property=\"og:image:width\" content=\"1350\" \/>\n\t<meta property=\"og:image:height\" content=\"900\" \/>\n\t<meta property=\"og:image:type\" content=\"image\/webp\" \/>\n<meta name=\"author\" content=\"Reda\u00e7\u00e3o\" \/>\n<meta name=\"twitter:card\" content=\"summary_large_image\" \/>\n<meta name=\"twitter:creator\" content=\"@Notibras\" \/>\n<meta name=\"twitter:site\" content=\"@Notibras\" \/>\n<meta name=\"twitter:label1\" content=\"Escrito por\" \/>\n\t<meta name=\"twitter:data1\" content=\"Reda\u00e7\u00e3o\" \/>\n\t<meta name=\"twitter:label2\" content=\"Est. tempo de leitura\" \/>\n\t<meta name=\"twitter:data2\" content=\"2 minutos\" \/>\n<script type=\"application\/ld+json\" class=\"yoast-schema-graph\">{\"@context\":\"https:\/\/schema.org\",\"@graph\":[{\"@type\":\"Article\",\"@id\":\"https:\/\/www.notibras.com\/site\/trump-usa-o-vale-tudo-para-derrubar-maduro\/#article\",\"isPartOf\":{\"@id\":\"https:\/\/www.notibras.com\/site\/trump-usa-o-vale-tudo-para-derrubar-maduro\/\"},\"author\":{\"name\":\"Reda\u00e7\u00e3o\",\"@id\":\"https:\/\/www.notibras.com\/site\/#\/schema\/person\/36ab0979449956132d3e5b517ea76ac8\"},\"headline\":\"Trump usa o &#8216;vale tudo&#8217; para derrubar Maduro\",\"datePublished\":\"2025-10-25T03:46:07+00:00\",\"dateModified\":\"2025-10-25T03:47:49+00:00\",\"mainEntityOfPage\":{\"@id\":\"https:\/\/www.notibras.com\/site\/trump-usa-o-vale-tudo-para-derrubar-maduro\/\"},\"wordCount\":201,\"publisher\":{\"@id\":\"https:\/\/www.notibras.com\/site\/#organization\"},\"image\":{\"@id\":\"https:\/\/www.notibras.com\/site\/trump-usa-o-vale-tudo-para-derrubar-maduro\/#primaryimage\"},\"thumbnailUrl\":\"https:\/\/www.notibras.com\/site\/wp-content\/uploads\/2025\/10\/1114239905_0_0_2425_1617_1440x900_80_0_1_4601d334bdaecb6739b3654b3b6f9ec3.jpg.webp\",\"keywords\":[\"capa\"],\"articleSection\":[\"Apocalipse\"],\"inLanguage\":\"pt-BR\"},{\"@type\":\"WebPage\",\"@id\":\"https:\/\/www.notibras.com\/site\/trump-usa-o-vale-tudo-para-derrubar-maduro\/\",\"url\":\"https:\/\/www.notibras.com\/site\/trump-usa-o-vale-tudo-para-derrubar-maduro\/\",\"name\":\"Trump usa o 'vale tudo' para derrubar Maduro - Notibras\",\"isPartOf\":{\"@id\":\"https:\/\/www.notibras.com\/site\/#website\"},\"primaryImageOfPage\":{\"@id\":\"https:\/\/www.notibras.com\/site\/trump-usa-o-vale-tudo-para-derrubar-maduro\/#primaryimage\"},\"image\":{\"@id\":\"https:\/\/www.notibras.com\/site\/trump-usa-o-vale-tudo-para-derrubar-maduro\/#primaryimage\"},\"thumbnailUrl\":\"https:\/\/www.notibras.com\/site\/wp-content\/uploads\/2025\/10\/1114239905_0_0_2425_1617_1440x900_80_0_1_4601d334bdaecb6739b3654b3b6f9ec3.jpg.webp\",\"datePublished\":\"2025-10-25T03:46:07+00:00\",\"dateModified\":\"2025-10-25T03:47:49+00:00\",\"breadcrumb\":{\"@id\":\"https:\/\/www.notibras.com\/site\/trump-usa-o-vale-tudo-para-derrubar-maduro\/#breadcrumb\"},\"inLanguage\":\"pt-BR\",\"potentialAction\":[{\"@type\":\"ReadAction\",\"target\":[\"https:\/\/www.notibras.com\/site\/trump-usa-o-vale-tudo-para-derrubar-maduro\/\"]}]},{\"@type\":\"ImageObject\",\"inLanguage\":\"pt-BR\",\"@id\":\"https:\/\/www.notibras.com\/site\/trump-usa-o-vale-tudo-para-derrubar-maduro\/#primaryimage\",\"url\":\"https:\/\/www.notibras.com\/site\/wp-content\/uploads\/2025\/10\/1114239905_0_0_2425_1617_1440x900_80_0_1_4601d334bdaecb6739b3654b3b6f9ec3.jpg.webp\",\"contentUrl\":\"https:\/\/www.notibras.com\/site\/wp-content\/uploads\/2025\/10\/1114239905_0_0_2425_1617_1440x900_80_0_1_4601d334bdaecb6739b3654b3b6f9ec3.jpg.webp\",\"width\":1350,\"height\":900},{\"@type\":\"BreadcrumbList\",\"@id\":\"https:\/\/www.notibras.com\/site\/trump-usa-o-vale-tudo-para-derrubar-maduro\/#breadcrumb\",\"itemListElement\":[{\"@type\":\"ListItem\",\"position\":1,\"name\":\"In\u00edcio\",\"item\":\"https:\/\/www.notibras.com\/site\/\"},{\"@type\":\"ListItem\",\"position\":2,\"name\":\"Trump usa o &#8216;vale tudo&#8217; para derrubar Maduro\"}]},{\"@type\":\"WebSite\",\"@id\":\"https:\/\/www.notibras.com\/site\/#website\",\"url\":\"https:\/\/www.notibras.com\/site\/\",\"name\":\"Notibras\",\"description\":\"Not\u00edcias de Bras\u00edlia, do Brasil e do Mundo\",\"publisher\":{\"@id\":\"https:\/\/www.notibras.com\/site\/#organization\"},\"potentialAction\":[{\"@type\":\"SearchAction\",\"target\":{\"@type\":\"EntryPoint\",\"urlTemplate\":\"https:\/\/www.notibras.com\/site\/?s={search_term_string}\"},\"query-input\":{\"@type\":\"PropertyValueSpecification\",\"valueRequired\":true,\"valueName\":\"search_term_string\"}}],\"inLanguage\":\"pt-BR\"},{\"@type\":\"Organization\",\"@id\":\"https:\/\/www.notibras.com\/site\/#organization\",\"name\":\"Grupo Notibras de Comunica\u00e7\u00e3o\",\"url\":\"https:\/\/www.notibras.com\/site\/\",\"logo\":{\"@type\":\"ImageObject\",\"inLanguage\":\"pt-BR\",\"@id\":\"https:\/\/www.notibras.com\/site\/#\/schema\/logo\/image\/\",\"url\":\"https:\/\/www.notibras.com\/site\/wp-content\/uploads\/2023\/01\/notibras23.png\",\"contentUrl\":\"https:\/\/www.notibras.com\/site\/wp-content\/uploads\/2023\/01\/notibras23.png\",\"width\":350,\"height\":87,\"caption\":\"Grupo Notibras de Comunica\u00e7\u00e3o\"},\"image\":{\"@id\":\"https:\/\/www.notibras.com\/site\/#\/schema\/logo\/image\/\"},\"sameAs\":[\"https:\/\/www.facebook.com\/notibras\/\",\"https:\/\/x.com\/Notibras\",\"https:\/\/www.instagram.com\/notibras\/\"]},{\"@type\":\"Person\",\"@id\":\"https:\/\/www.notibras.com\/site\/#\/schema\/person\/36ab0979449956132d3e5b517ea76ac8\",\"name\":\"Reda\u00e7\u00e3o\",\"image\":{\"@type\":\"ImageObject\",\"inLanguage\":\"pt-BR\",\"@id\":\"https:\/\/secure.gravatar.com\/avatar\/e0a867bdedb85fd243eadf09663511f96fc81e0720a4a42581f334ad4303aa6b?s=96&d=mm&r=g\",\"url\":\"https:\/\/secure.gravatar.com\/avatar\/e0a867bdedb85fd243eadf09663511f96fc81e0720a4a42581f334ad4303aa6b?s=96&d=mm&r=g\",\"contentUrl\":\"https:\/\/secure.gravatar.com\/avatar\/e0a867bdedb85fd243eadf09663511f96fc81e0720a4a42581f334ad4303aa6b?s=96&d=mm&r=g\",\"caption\":\"Reda\u00e7\u00e3o\"}}]}<\/script>\n<!-- \/ Yoast SEO plugin. -->","yoast_head_json":{"title":"Trump usa o 'vale tudo' para derrubar Maduro - Notibras","robots":{"index":"index","follow":"follow","max-snippet":"max-snippet:-1","max-image-preview":"max-image-preview:large","max-video-preview":"max-video-preview:-1"},"canonical":"https:\/\/www.notibras.com\/site\/trump-usa-o-vale-tudo-para-derrubar-maduro\/","og_locale":"pt_BR","og_type":"article","og_title":"Trump usa o 'vale tudo' para derrubar Maduro - Notibras","og_description":"Os Estados Unidos enviaram o Grupo de Ataque de Porta-Avi\u00f5es Gerald R. Ford para a regi\u00e3o do Comando Sul (SOUTHCOM) para combater o tr\u00e1fico de drogas no Hemisf\u00e9rio Ocidental, coincidindo com a escalada das tens\u00f5es com a Venezuela, anunciou o porta-voz do Pent\u00e1gono, Sean Parnell, na sexta-feira. &#8220;Em apoio \u00e0 diretriz do presidente [Trump] de [&hellip;]","og_url":"https:\/\/www.notibras.com\/site\/trump-usa-o-vale-tudo-para-derrubar-maduro\/","og_site_name":"Notibras","article_publisher":"https:\/\/www.facebook.com\/notibras\/","article_published_time":"2025-10-25T03:46:07+00:00","article_modified_time":"2025-10-25T03:47:49+00:00","og_image":[{"width":1350,"height":900,"url":"https:\/\/www.notibras.com\/site\/wp-content\/uploads\/2025\/10\/1114239905_0_0_2425_1617_1440x900_80_0_1_4601d334bdaecb6739b3654b3b6f9ec3.jpg.webp","type":"image\/webp"}],"author":"Reda\u00e7\u00e3o","twitter_card":"summary_large_image","twitter_creator":"@Notibras","twitter_site":"@Notibras","twitter_misc":{"Escrito por":"Reda\u00e7\u00e3o","Est. tempo de leitura":"2 minutos"},"schema":{"@context":"https:\/\/schema.org","@graph":[{"@type":"Article","@id":"https:\/\/www.notibras.com\/site\/trump-usa-o-vale-tudo-para-derrubar-maduro\/#article","isPartOf":{"@id":"https:\/\/www.notibras.com\/site\/trump-usa-o-vale-tudo-para-derrubar-maduro\/"},"author":{"name":"Reda\u00e7\u00e3o","@id":"https:\/\/www.notibras.com\/site\/#\/schema\/person\/36ab0979449956132d3e5b517ea76ac8"},"headline":"Trump usa o &#8216;vale tudo&#8217; para derrubar Maduro","datePublished":"2025-10-25T03:46:07+00:00","dateModified":"2025-10-25T03:47:49+00:00","mainEntityOfPage":{"@id":"https:\/\/www.notibras.com\/site\/trump-usa-o-vale-tudo-para-derrubar-maduro\/"},"wordCount":201,"publisher":{"@id":"https:\/\/www.notibras.com\/site\/#organization"},"image":{"@id":"https:\/\/www.notibras.com\/site\/trump-usa-o-vale-tudo-para-derrubar-maduro\/#primaryimage"},"thumbnailUrl":"https:\/\/www.notibras.com\/site\/wp-content\/uploads\/2025\/10\/1114239905_0_0_2425_1617_1440x900_80_0_1_4601d334bdaecb6739b3654b3b6f9ec3.jpg.webp","keywords":["capa"],"articleSection":["Apocalipse"],"inLanguage":"pt-BR"},{"@type":"WebPage","@id":"https:\/\/www.notibras.com\/site\/trump-usa-o-vale-tudo-para-derrubar-maduro\/","url":"https:\/\/www.notibras.com\/site\/trump-usa-o-vale-tudo-para-derrubar-maduro\/","name":"Trump usa o 'vale tudo' para derrubar Maduro - Notibras","isPartOf":{"@id":"https:\/\/www.notibras.com\/site\/#website"},"primaryImageOfPage":{"@id":"https:\/\/www.notibras.com\/site\/trump-usa-o-vale-tudo-para-derrubar-maduro\/#primaryimage"},"image":{"@id":"https:\/\/www.notibras.com\/site\/trump-usa-o-vale-tudo-para-derrubar-maduro\/#primaryimage"},"thumbnailUrl":"https:\/\/www.notibras.com\/site\/wp-content\/uploads\/2025\/10\/1114239905_0_0_2425_1617_1440x900_80_0_1_4601d334bdaecb6739b3654b3b6f9ec3.jpg.webp","datePublished":"2025-10-25T03:46:07+00:00","dateModified":"2025-10-25T03:47:49+00:00","breadcrumb":{"@id":"https:\/\/www.notibras.com\/site\/trump-usa-o-vale-tudo-para-derrubar-maduro\/#breadcrumb"},"inLanguage":"pt-BR","potentialAction":[{"@type":"ReadAction","target":["https:\/\/www.notibras.com\/site\/trump-usa-o-vale-tudo-para-derrubar-maduro\/"]}]},{"@type":"ImageObject","inLanguage":"pt-BR","@id":"https:\/\/www.notibras.com\/site\/trump-usa-o-vale-tudo-para-derrubar-maduro\/#primaryimage","url":"https:\/\/www.notibras.com\/site\/wp-content\/uploads\/2025\/10\/1114239905_0_0_2425_1617_1440x900_80_0_1_4601d334bdaecb6739b3654b3b6f9ec3.jpg.webp","contentUrl":"https:\/\/www.notibras.com\/site\/wp-content\/uploads\/2025\/10\/1114239905_0_0_2425_1617_1440x900_80_0_1_4601d334bdaecb6739b3654b3b6f9ec3.jpg.webp","width":1350,"height":900},{"@type":"BreadcrumbList","@id":"https:\/\/www.notibras.com\/site\/trump-usa-o-vale-tudo-para-derrubar-maduro\/#breadcrumb","itemListElement":[{"@type":"ListItem","position":1,"name":"In\u00edcio","item":"https:\/\/www.notibras.com\/site\/"},{"@type":"ListItem","position":2,"name":"Trump usa o &#8216;vale tudo&#8217; para derrubar Maduro"}]},{"@type":"WebSite","@id":"https:\/\/www.notibras.com\/site\/#website","url":"https:\/\/www.notibras.com\/site\/","name":"Notibras","description":"Not\u00edcias de Bras\u00edlia, do Brasil e do Mundo","publisher":{"@id":"https:\/\/www.notibras.com\/site\/#organization"},"potentialAction":[{"@type":"SearchAction","target":{"@type":"EntryPoint","urlTemplate":"https:\/\/www.notibras.com\/site\/?s={search_term_string}"},"query-input":{"@type":"PropertyValueSpecification","valueRequired":true,"valueName":"search_term_string"}}],"inLanguage":"pt-BR"},{"@type":"Organization","@id":"https:\/\/www.notibras.com\/site\/#organization","name":"Grupo Notibras de Comunica\u00e7\u00e3o","url":"https:\/\/www.notibras.com\/site\/","logo":{"@type":"ImageObject","inLanguage":"pt-BR","@id":"https:\/\/www.notibras.com\/site\/#\/schema\/logo\/image\/","url":"https:\/\/www.notibras.com\/site\/wp-content\/uploads\/2023\/01\/notibras23.png","contentUrl":"https:\/\/www.notibras.com\/site\/wp-content\/uploads\/2023\/01\/notibras23.png","width":350,"height":87,"caption":"Grupo Notibras de Comunica\u00e7\u00e3o"},"image":{"@id":"https:\/\/www.notibras.com\/site\/#\/schema\/logo\/image\/"},"sameAs":["https:\/\/www.facebook.com\/notibras\/","https:\/\/x.com\/Notibras","https:\/\/www.instagram.com\/notibras\/"]},{"@type":"Person","@id":"https:\/\/www.notibras.com\/site\/#\/schema\/person\/36ab0979449956132d3e5b517ea76ac8","name":"Reda\u00e7\u00e3o","image":{"@type":"ImageObject","inLanguage":"pt-BR","@id":"https:\/\/secure.gravatar.com\/avatar\/e0a867bdedb85fd243eadf09663511f96fc81e0720a4a42581f334ad4303aa6b?s=96&d=mm&r=g","url":"https:\/\/secure.gravatar.com\/avatar\/e0a867bdedb85fd243eadf09663511f96fc81e0720a4a42581f334ad4303aa6b?s=96&d=mm&r=g","contentUrl":"https:\/\/secure.gravatar.com\/avatar\/e0a867bdedb85fd243eadf09663511f96fc81e0720a4a42581f334ad4303aa6b?s=96&d=mm&r=g","caption":"Reda\u00e7\u00e3o"}}]}},"amp_enabled":true,"_links":{"self":[{"href":"https:\/\/www.notibras.com\/site\/wp-json\/wp\/v2\/posts\/368399","targetHints":{"allow":["GET"]}}],"collection":[{"href":"https:\/\/www.notibras.com\/site\/wp-json\/wp\/v2\/posts"}],"about":[{"href":"https:\/\/www.notibras.com\/site\/wp-json\/wp\/v2\/types\/post"}],"author":[{"embeddable":true,"href":"https:\/\/www.notibras.com\/site\/wp-json\/wp\/v2\/users\/2"}],"replies":[{"embeddable":true,"href":"https:\/\/www.notibras.com\/site\/wp-json\/wp\/v2\/comments?post=368399"}],"version-history":[{"count":2,"href":"https:\/\/www.notibras.com\/site\/wp-json\/wp\/v2\/posts\/368399\/revisions"}],"predecessor-version":[{"id":368402,"href":"https:\/\/www.notibras.com\/site\/wp-json\/wp\/v2\/posts\/368399\/revisions\/368402"}],"wp:featuredmedia":[{"embeddable":true,"href":"https:\/\/www.notibras.com\/site\/wp-json\/wp\/v2\/media\/368400"}],"wp:attachment":[{"href":"https:\/\/www.notibras.com\/site\/wp-json\/wp\/v2\/media?parent=368399"}],"wp:term":[{"taxonomy":"category","embeddable":true,"href":"https:\/\/www.notibras.com\/site\/wp-json\/wp\/v2\/categories?post=368399"},{"taxonomy":"post_tag","embeddable":true,"href":"https:\/\/www.notibras.com\/site\/wp-json\/wp\/v2\/tags?post=368399"}],"curies":[{"name":"wp","href":"https:\/\/api.w.org\/{rel}","templated":true}]}}