{"id":368407,"date":"2025-10-25T09:17:13","date_gmt":"2025-10-25T12:17:13","guid":{"rendered":"https:\/\/www.notibras.com\/site\/?p=368407"},"modified":"2025-10-25T09:20:10","modified_gmt":"2025-10-25T12:20:10","slug":"no-coracao-quente-do-nordeste-homens-abusam-ao-esquentar-corpo-da-mulher","status":"publish","type":"post","link":"https:\/\/www.notibras.com\/site\/no-coracao-quente-do-nordeste-homens-abusam-ao-esquentar-corpo-da-mulher\/","title":{"rendered":"Homens abusam de viol\u00eancia ao aquecer corpo da mulher nordestina"},"content":{"rendered":"<p>No cora\u00e7\u00e3o quente do Nordeste, onde o sol parece nunca se cansar e o vento traz lembran\u00e7as antigas, ecoam vozes que por muito tempo foram silenciadas. S\u00e3o vozes de mulheres que aprenderam a falar mesmo quando o mundo dizia que o sil\u00eancio era virtude.<\/p>\n<p>Nas feiras, nas ruas de barro, nas cozinhas e nos sindicatos, elas contam hist\u00f3rias de um tempo em que ser mulher era viver em alerta. \u201cHomem que \u00e9 homem manda\u201d, diziam os mais velhos, repetindo a velha heran\u00e7a do machismo que se disfar\u00e7a de tradi\u00e7\u00e3o. Mas hoje, essa cren\u00e7a come\u00e7a a rachar como o ch\u00e3o seco depois da chuva.<\/p>\n<p>Maria, lavadeira de m\u00e3os calejadas, aprendeu que amor n\u00e3o deve doer. Severina, professora, descobriu que ensinar meninas a sonhar \u00e9 um ato de rebeldia. E Joana, que apanhou calada por anos, hoje ergue a voz nas pra\u00e7as, lembrando que coragem tamb\u00e9m tem rosto feminino.<\/p>\n<p>O Nordeste, terra de cantos e resist\u00eancias, testemunha uma mudan\u00e7a lenta, por\u00e9m firme. As vozes femininas se entrela\u00e7am, formando um coro de den\u00fancia e esperan\u00e7a. Falam contra o machismo que mata, mas tamb\u00e9m anunciam um novo tempo \u2014 onde o respeito \u00e9 semente e a igualdade \u00e9 colheita.<\/p>\n<p>Ainda h\u00e1 quem feche os ouvidos, quem diga que \u201cas coisas sempre foram assim\u201d. Mas o eco dessas vozes n\u00e3o se cala mais. Ele atravessa as serras, cruza os sert\u00f5es e chega \u00e0s cidades, lembrando a todos que o Nordeste tamb\u00e9m \u00e9 feito de mulheres que ousaram dizer: \u201cBasta.\u201d<\/p>\n<p>Porque o machismo pode at\u00e9 ter ra\u00edzes fundas, mas o vento da mudan\u00e7a vem soprando forte \u2014 e nele, o som das vozes do Nordeste se torna cada vez mais imposs\u00edvel de ignorar.<\/p>\n","protected":false},"excerpt":{"rendered":"<p>No cora\u00e7\u00e3o quente do Nordeste, onde o sol parece nunca se cansar e o vento traz lembran\u00e7as antigas, ecoam vozes que por muito tempo foram silenciadas. S\u00e3o vozes de mulheres que aprenderam a falar mesmo quando o mundo dizia que o sil\u00eancio era virtude. Nas feiras, nas ruas de barro, nas cozinhas e nos sindicatos, [&hellip;]<\/p>\n","protected":false},"author":2,"featured_media":368408,"comment_status":"closed","ping_status":"closed","sticky":false,"template":"","format":"standard","meta":{"_acf_changed":false,"footnotes":""},"categories":[165],"tags":[],"class_list":["post-368407","post","type-post","status-publish","format-standard","has-post-thumbnail","hentry","category-nordeste"],"acf":[],"_links":{"self":[{"href":"https:\/\/www.notibras.com\/site\/wp-json\/wp\/v2\/posts\/368407","targetHints":{"allow":["GET"]}}],"collection":[{"href":"https:\/\/www.notibras.com\/site\/wp-json\/wp\/v2\/posts"}],"about":[{"href":"https:\/\/www.notibras.com\/site\/wp-json\/wp\/v2\/types\/post"}],"author":[{"embeddable":true,"href":"https:\/\/www.notibras.com\/site\/wp-json\/wp\/v2\/users\/2"}],"replies":[{"embeddable":true,"href":"https:\/\/www.notibras.com\/site\/wp-json\/wp\/v2\/comments?post=368407"}],"version-history":[{"count":4,"href":"https:\/\/www.notibras.com\/site\/wp-json\/wp\/v2\/posts\/368407\/revisions"}],"predecessor-version":[{"id":368412,"href":"https:\/\/www.notibras.com\/site\/wp-json\/wp\/v2\/posts\/368407\/revisions\/368412"}],"wp:featuredmedia":[{"embeddable":true,"href":"https:\/\/www.notibras.com\/site\/wp-json\/wp\/v2\/media\/368408"}],"wp:attachment":[{"href":"https:\/\/www.notibras.com\/site\/wp-json\/wp\/v2\/media?parent=368407"}],"wp:term":[{"taxonomy":"category","embeddable":true,"href":"https:\/\/www.notibras.com\/site\/wp-json\/wp\/v2\/categories?post=368407"},{"taxonomy":"post_tag","embeddable":true,"href":"https:\/\/www.notibras.com\/site\/wp-json\/wp\/v2\/tags?post=368407"}],"curies":[{"name":"wp","href":"https:\/\/api.w.org\/{rel}","templated":true}]}}