{"id":36845,"date":"2015-02-12T08:34:35","date_gmt":"2015-02-12T11:34:35","guid":{"rendered":"http:\/\/www.notibras.com\/site\/?p=36845"},"modified":"2015-02-12T11:31:49","modified_gmt":"2015-02-12T14:31:49","slug":"italia-vai-devolver-pizzolato-ao-brasil-o-mensaleiro-do-marketing-do-bb","status":"publish","type":"post","link":"https:\/\/www.notibras.com\/site\/italia-vai-devolver-pizzolato-ao-brasil-o-mensaleiro-do-marketing-do-bb\/","title":{"rendered":"Pizzolato, mensaleiro preso na It\u00e1lia, ser\u00e1 devolvido ao Brasil"},"content":{"rendered":"<p>A Corte de Cassa\u00e7\u00e3o de Roma autorizou nesta\u00a0quinta-feira\u00a0a extradi\u00e7\u00e3o do ex-diretor de marketing do Banco do Brasil Henrique Pizzolato. Condenado a 12 anos e sete meses de pris\u00e3o no processo do Mensal\u00e3o, o brasileiro fugiu para a It\u00e1lia h\u00e1 um ano e cinco meses com um passaporte falso. Agora, cabe ao ministro da Justi\u00e7a, Andrea Orlando, decidir se acata ou n\u00e3o a decis\u00e3o judicial. Assim que o Minist\u00e9rio for notificado oficialmente, o pa\u00eds ter\u00e1 20 dias para tomar a decis\u00e3o.<\/p>\n<p class=\"text\">Segundo os ju\u00edzes que analisaram o caso, existem\u00a0no Brasil todas as condi\u00e7\u00f5es para garantir a seguran\u00e7a de Pizzolato em um pres\u00eddio. O argumento da falta de respeito aos direitos humanos nas pris\u00f5es brasileiras foi o utilizado pela defesa para pedir que o ex-diretor continuasse a morar na It\u00e1lia.<\/p>\n<blockquote>\n<p class=\"text\">A revers\u00e3o da decis\u00e3o do Tribunal de Bolonha foi uma vit\u00f3ria do governo brasileiro. Em setembro de 2013, os magistrados haviam negado a extradi\u00e7\u00e3o por concordarem com a defesa &#8211; de que o Pa\u00eds n\u00e3o teria como garantir a integridade f\u00edsica do condenado.<\/p>\n<\/blockquote>\n<p class=\"text\">Agora, a Interpol j\u00e1 foi acionada e est\u00e1 em uma opera\u00e7\u00e3o para prender Pizzolato que est\u00e1, oficialmente, na cidade de Formiginia.<\/p>\n<p class=\"text\">De acordo com a senten\u00e7a do Mensal\u00e3o, Pizzolato autorizou a transfer\u00eancia de R$ 73 milh\u00f5es do fundo Visanet (administrado pelo Banco do Brasil) para as ag\u00eancias de publicidade de Marcos Val\u00e9rio, operador do esquema de pagamentos ilegais a parlamentares da base aliada do ex-presidente Luiz In\u00e1cio Lula da Silva, do PT.<\/p>\n<p class=\"text\">Condenado, ele fugiu do Pa\u00eds usando a identidade de um irm\u00e3o morto para chegar \u00e0 It\u00e1lia, fazendo uso da dupla cidadania.<\/p>\n<p class=\"text\">Pizzolato alegava que gostaria de passar por um novo julgamento &#8220;que n\u00e3o fosse pol\u00edtico&#8221; no Pa\u00eds. &#8220;Por n\u00e3o vislumbrar a m\u00ednima chance de ter um julgamento afastado de motiva\u00e7\u00f5es pol\u00edtico eleitorais, com n\u00edtido car\u00e1ter de exce\u00e7\u00e3o, decidi consciente e voluntariamente fazer valer meu leg\u00edtimo direito de liberdade para ter um novo julgamento, na It\u00e1lia, em um Tribunal que n\u00e3o se submete \u00e0s imposi\u00e7\u00f5es da m\u00eddia empresarial, como est\u00e1 consagrado no Tratado de extradi\u00e7\u00e3o Brasil e It\u00e1lia&#8221;, disse, em carta divulgada na ocasi\u00e3o.<\/p>\n<p class=\"text\">Foragido da Justi\u00e7a, ele teve seu nome inclu\u00eddo na lista de pessoas procuradas pela Pol\u00edcia Internacional (Interpol). Em fevereiro de 2014, ele foi preso em Maranello, onde estava escondido na casa de um sobrinho, sob acusa\u00e7\u00f5es de falsidade ideol\u00f3gica.<\/p>\n<p>&nbsp;<\/p>\n","protected":false},"excerpt":{"rendered":"<p>A Corte de Cassa\u00e7\u00e3o de Roma autorizou nesta\u00a0quinta-feira\u00a0a extradi\u00e7\u00e3o do ex-diretor de marketing do Banco do Brasil Henrique Pizzolato. Condenado a 12 anos e sete meses de pris\u00e3o no processo do Mensal\u00e3o, o brasileiro fugiu para a It\u00e1lia h\u00e1 um ano e cinco meses com um passaporte falso. Agora, cabe ao ministro da Justi\u00e7a, Andrea [&hellip;]<\/p>\n","protected":false},"author":2,"featured_media":36846,"comment_status":"open","ping_status":"closed","sticky":false,"template":"","format":"standard","meta":{"_acf_changed":false,"footnotes":""},"categories":[16],"tags":[],"class_list":["post-36845","post","type-post","status-publish","format-standard","has-post-thumbnail","hentry","category-brasil"],"acf":[],"yoast_head":"<!-- This site is optimized with the Yoast SEO plugin v27.2 - https:\/\/yoast.com\/product\/yoast-seo-wordpress\/ -->\n<title>Pizzolato, mensaleiro preso na It\u00e1lia, ser\u00e1 devolvido ao Brasil - Notibras<\/title>\n<meta name=\"robots\" content=\"index, follow, max-snippet:-1, max-image-preview:large, max-video-preview:-1\" \/>\n<link rel=\"canonical\" href=\"https:\/\/www.notibras.com\/site\/italia-vai-devolver-pizzolato-ao-brasil-o-mensaleiro-do-marketing-do-bb\/\" \/>\n<meta property=\"og:locale\" content=\"pt_BR\" \/>\n<meta property=\"og:type\" content=\"article\" \/>\n<meta property=\"og:title\" content=\"Pizzolato, mensaleiro preso na It\u00e1lia, ser\u00e1 devolvido ao Brasil - Notibras\" \/>\n<meta property=\"og:description\" content=\"A Corte de Cassa\u00e7\u00e3o de Roma autorizou nesta\u00a0quinta-feira\u00a0a extradi\u00e7\u00e3o do ex-diretor de marketing do Banco do Brasil Henrique Pizzolato. Condenado a 12 anos e sete meses de pris\u00e3o no processo do Mensal\u00e3o, o brasileiro fugiu para a It\u00e1lia h\u00e1 um ano e cinco meses com um passaporte falso. Agora, cabe ao ministro da Justi\u00e7a, Andrea [&hellip;]\" \/>\n<meta property=\"og:url\" content=\"https:\/\/www.notibras.com\/site\/italia-vai-devolver-pizzolato-ao-brasil-o-mensaleiro-do-marketing-do-bb\/\" \/>\n<meta property=\"og:site_name\" content=\"Notibras\" \/>\n<meta property=\"article:publisher\" content=\"https:\/\/www.facebook.com\/notibras\/\" \/>\n<meta property=\"article:published_time\" content=\"2015-02-12T11:34:35+00:00\" \/>\n<meta property=\"article:modified_time\" content=\"2015-02-12T14:31:49+00:00\" \/>\n<meta property=\"og:image\" content=\"https:\/\/www.notibras.com\/site\/wp-content\/uploads\/2015\/02\/mi16075873005658574.jpg\" \/>\n\t<meta property=\"og:image:width\" content=\"460\" \/>\n\t<meta property=\"og:image:height\" content=\"289\" \/>\n\t<meta property=\"og:image:type\" content=\"image\/jpeg\" \/>\n<meta name=\"author\" content=\"Reda\u00e7\u00e3o\" \/>\n<meta name=\"twitter:card\" content=\"summary_large_image\" \/>\n<meta name=\"twitter:creator\" content=\"@Notibras\" \/>\n<meta name=\"twitter:site\" content=\"@Notibras\" \/>\n<meta name=\"twitter:label1\" content=\"Escrito por\" \/>\n\t<meta name=\"twitter:data1\" content=\"Reda\u00e7\u00e3o\" \/>\n\t<meta name=\"twitter:label2\" content=\"Est. tempo de leitura\" \/>\n\t<meta name=\"twitter:data2\" content=\"2 minutos\" \/>\n<script type=\"application\/ld+json\" class=\"yoast-schema-graph\">{\"@context\":\"https:\/\/schema.org\",\"@graph\":[{\"@type\":\"Article\",\"@id\":\"https:\/\/www.notibras.com\/site\/italia-vai-devolver-pizzolato-ao-brasil-o-mensaleiro-do-marketing-do-bb\/#article\",\"isPartOf\":{\"@id\":\"https:\/\/www.notibras.com\/site\/italia-vai-devolver-pizzolato-ao-brasil-o-mensaleiro-do-marketing-do-bb\/\"},\"author\":{\"name\":\"Reda\u00e7\u00e3o\",\"@id\":\"https:\/\/www.notibras.com\/site\/#\/schema\/person\/36ab0979449956132d3e5b517ea76ac8\"},\"headline\":\"Pizzolato, mensaleiro preso na It\u00e1lia, ser\u00e1 devolvido ao Brasil\",\"datePublished\":\"2015-02-12T11:34:35+00:00\",\"dateModified\":\"2015-02-12T14:31:49+00:00\",\"mainEntityOfPage\":{\"@id\":\"https:\/\/www.notibras.com\/site\/italia-vai-devolver-pizzolato-ao-brasil-o-mensaleiro-do-marketing-do-bb\/\"},\"wordCount\":451,\"commentCount\":0,\"publisher\":{\"@id\":\"https:\/\/www.notibras.com\/site\/#organization\"},\"image\":{\"@id\":\"https:\/\/www.notibras.com\/site\/italia-vai-devolver-pizzolato-ao-brasil-o-mensaleiro-do-marketing-do-bb\/#primaryimage\"},\"thumbnailUrl\":\"https:\/\/www.notibras.com\/site\/wp-content\/uploads\/2015\/02\/mi16075873005658574.jpg\",\"articleSection\":[\"Brasil\"],\"inLanguage\":\"pt-BR\",\"potentialAction\":[{\"@type\":\"CommentAction\",\"name\":\"Comment\",\"target\":[\"https:\/\/www.notibras.com\/site\/italia-vai-devolver-pizzolato-ao-brasil-o-mensaleiro-do-marketing-do-bb\/#respond\"]}]},{\"@type\":\"WebPage\",\"@id\":\"https:\/\/www.notibras.com\/site\/italia-vai-devolver-pizzolato-ao-brasil-o-mensaleiro-do-marketing-do-bb\/\",\"url\":\"https:\/\/www.notibras.com\/site\/italia-vai-devolver-pizzolato-ao-brasil-o-mensaleiro-do-marketing-do-bb\/\",\"name\":\"Pizzolato, mensaleiro preso na It\u00e1lia, ser\u00e1 devolvido ao Brasil - Notibras\",\"isPartOf\":{\"@id\":\"https:\/\/www.notibras.com\/site\/#website\"},\"primaryImageOfPage\":{\"@id\":\"https:\/\/www.notibras.com\/site\/italia-vai-devolver-pizzolato-ao-brasil-o-mensaleiro-do-marketing-do-bb\/#primaryimage\"},\"image\":{\"@id\":\"https:\/\/www.notibras.com\/site\/italia-vai-devolver-pizzolato-ao-brasil-o-mensaleiro-do-marketing-do-bb\/#primaryimage\"},\"thumbnailUrl\":\"https:\/\/www.notibras.com\/site\/wp-content\/uploads\/2015\/02\/mi16075873005658574.jpg\",\"datePublished\":\"2015-02-12T11:34:35+00:00\",\"dateModified\":\"2015-02-12T14:31:49+00:00\",\"breadcrumb\":{\"@id\":\"https:\/\/www.notibras.com\/site\/italia-vai-devolver-pizzolato-ao-brasil-o-mensaleiro-do-marketing-do-bb\/#breadcrumb\"},\"inLanguage\":\"pt-BR\",\"potentialAction\":[{\"@type\":\"ReadAction\",\"target\":[\"https:\/\/www.notibras.com\/site\/italia-vai-devolver-pizzolato-ao-brasil-o-mensaleiro-do-marketing-do-bb\/\"]}]},{\"@type\":\"ImageObject\",\"inLanguage\":\"pt-BR\",\"@id\":\"https:\/\/www.notibras.com\/site\/italia-vai-devolver-pizzolato-ao-brasil-o-mensaleiro-do-marketing-do-bb\/#primaryimage\",\"url\":\"https:\/\/www.notibras.com\/site\/wp-content\/uploads\/2015\/02\/mi16075873005658574.jpg\",\"contentUrl\":\"https:\/\/www.notibras.com\/site\/wp-content\/uploads\/2015\/02\/mi16075873005658574.jpg\",\"width\":460,\"height\":289},{\"@type\":\"BreadcrumbList\",\"@id\":\"https:\/\/www.notibras.com\/site\/italia-vai-devolver-pizzolato-ao-brasil-o-mensaleiro-do-marketing-do-bb\/#breadcrumb\",\"itemListElement\":[{\"@type\":\"ListItem\",\"position\":1,\"name\":\"In\u00edcio\",\"item\":\"https:\/\/www.notibras.com\/site\/\"},{\"@type\":\"ListItem\",\"position\":2,\"name\":\"Pizzolato, mensaleiro preso na It\u00e1lia, ser\u00e1 devolvido ao Brasil\"}]},{\"@type\":\"WebSite\",\"@id\":\"https:\/\/www.notibras.com\/site\/#website\",\"url\":\"https:\/\/www.notibras.com\/site\/\",\"name\":\"Notibras\",\"description\":\"Not\u00edcias de Bras\u00edlia, do Brasil e do Mundo\",\"publisher\":{\"@id\":\"https:\/\/www.notibras.com\/site\/#organization\"},\"potentialAction\":[{\"@type\":\"SearchAction\",\"target\":{\"@type\":\"EntryPoint\",\"urlTemplate\":\"https:\/\/www.notibras.com\/site\/?s={search_term_string}\"},\"query-input\":{\"@type\":\"PropertyValueSpecification\",\"valueRequired\":true,\"valueName\":\"search_term_string\"}}],\"inLanguage\":\"pt-BR\"},{\"@type\":\"Organization\",\"@id\":\"https:\/\/www.notibras.com\/site\/#organization\",\"name\":\"Grupo Notibras de Comunica\u00e7\u00e3o\",\"url\":\"https:\/\/www.notibras.com\/site\/\",\"logo\":{\"@type\":\"ImageObject\",\"inLanguage\":\"pt-BR\",\"@id\":\"https:\/\/www.notibras.com\/site\/#\/schema\/logo\/image\/\",\"url\":\"https:\/\/www.notibras.com\/site\/wp-content\/uploads\/2023\/01\/notibras23.png\",\"contentUrl\":\"https:\/\/www.notibras.com\/site\/wp-content\/uploads\/2023\/01\/notibras23.png\",\"width\":350,\"height\":87,\"caption\":\"Grupo Notibras de Comunica\u00e7\u00e3o\"},\"image\":{\"@id\":\"https:\/\/www.notibras.com\/site\/#\/schema\/logo\/image\/\"},\"sameAs\":[\"https:\/\/www.facebook.com\/notibras\/\",\"https:\/\/x.com\/Notibras\",\"https:\/\/www.instagram.com\/notibras\/\"]},{\"@type\":\"Person\",\"@id\":\"https:\/\/www.notibras.com\/site\/#\/schema\/person\/36ab0979449956132d3e5b517ea76ac8\",\"name\":\"Reda\u00e7\u00e3o\",\"image\":{\"@type\":\"ImageObject\",\"inLanguage\":\"pt-BR\",\"@id\":\"https:\/\/secure.gravatar.com\/avatar\/e0a867bdedb85fd243eadf09663511f96fc81e0720a4a42581f334ad4303aa6b?s=96&d=mm&r=g\",\"url\":\"https:\/\/secure.gravatar.com\/avatar\/e0a867bdedb85fd243eadf09663511f96fc81e0720a4a42581f334ad4303aa6b?s=96&d=mm&r=g\",\"contentUrl\":\"https:\/\/secure.gravatar.com\/avatar\/e0a867bdedb85fd243eadf09663511f96fc81e0720a4a42581f334ad4303aa6b?s=96&d=mm&r=g\",\"caption\":\"Reda\u00e7\u00e3o\"}}]}<\/script>\n<!-- \/ Yoast SEO plugin. -->","yoast_head_json":{"title":"Pizzolato, mensaleiro preso na It\u00e1lia, ser\u00e1 devolvido ao Brasil - Notibras","robots":{"index":"index","follow":"follow","max-snippet":"max-snippet:-1","max-image-preview":"max-image-preview:large","max-video-preview":"max-video-preview:-1"},"canonical":"https:\/\/www.notibras.com\/site\/italia-vai-devolver-pizzolato-ao-brasil-o-mensaleiro-do-marketing-do-bb\/","og_locale":"pt_BR","og_type":"article","og_title":"Pizzolato, mensaleiro preso na It\u00e1lia, ser\u00e1 devolvido ao Brasil - Notibras","og_description":"A Corte de Cassa\u00e7\u00e3o de Roma autorizou nesta\u00a0quinta-feira\u00a0a extradi\u00e7\u00e3o do ex-diretor de marketing do Banco do Brasil Henrique Pizzolato. Condenado a 12 anos e sete meses de pris\u00e3o no processo do Mensal\u00e3o, o brasileiro fugiu para a It\u00e1lia h\u00e1 um ano e cinco meses com um passaporte falso. Agora, cabe ao ministro da Justi\u00e7a, Andrea [&hellip;]","og_url":"https:\/\/www.notibras.com\/site\/italia-vai-devolver-pizzolato-ao-brasil-o-mensaleiro-do-marketing-do-bb\/","og_site_name":"Notibras","article_publisher":"https:\/\/www.facebook.com\/notibras\/","article_published_time":"2015-02-12T11:34:35+00:00","article_modified_time":"2015-02-12T14:31:49+00:00","og_image":[{"width":460,"height":289,"url":"https:\/\/www.notibras.com\/site\/wp-content\/uploads\/2015\/02\/mi16075873005658574.jpg","type":"image\/jpeg"}],"author":"Reda\u00e7\u00e3o","twitter_card":"summary_large_image","twitter_creator":"@Notibras","twitter_site":"@Notibras","twitter_misc":{"Escrito por":"Reda\u00e7\u00e3o","Est. tempo de leitura":"2 minutos"},"schema":{"@context":"https:\/\/schema.org","@graph":[{"@type":"Article","@id":"https:\/\/www.notibras.com\/site\/italia-vai-devolver-pizzolato-ao-brasil-o-mensaleiro-do-marketing-do-bb\/#article","isPartOf":{"@id":"https:\/\/www.notibras.com\/site\/italia-vai-devolver-pizzolato-ao-brasil-o-mensaleiro-do-marketing-do-bb\/"},"author":{"name":"Reda\u00e7\u00e3o","@id":"https:\/\/www.notibras.com\/site\/#\/schema\/person\/36ab0979449956132d3e5b517ea76ac8"},"headline":"Pizzolato, mensaleiro preso na It\u00e1lia, ser\u00e1 devolvido ao Brasil","datePublished":"2015-02-12T11:34:35+00:00","dateModified":"2015-02-12T14:31:49+00:00","mainEntityOfPage":{"@id":"https:\/\/www.notibras.com\/site\/italia-vai-devolver-pizzolato-ao-brasil-o-mensaleiro-do-marketing-do-bb\/"},"wordCount":451,"commentCount":0,"publisher":{"@id":"https:\/\/www.notibras.com\/site\/#organization"},"image":{"@id":"https:\/\/www.notibras.com\/site\/italia-vai-devolver-pizzolato-ao-brasil-o-mensaleiro-do-marketing-do-bb\/#primaryimage"},"thumbnailUrl":"https:\/\/www.notibras.com\/site\/wp-content\/uploads\/2015\/02\/mi16075873005658574.jpg","articleSection":["Brasil"],"inLanguage":"pt-BR","potentialAction":[{"@type":"CommentAction","name":"Comment","target":["https:\/\/www.notibras.com\/site\/italia-vai-devolver-pizzolato-ao-brasil-o-mensaleiro-do-marketing-do-bb\/#respond"]}]},{"@type":"WebPage","@id":"https:\/\/www.notibras.com\/site\/italia-vai-devolver-pizzolato-ao-brasil-o-mensaleiro-do-marketing-do-bb\/","url":"https:\/\/www.notibras.com\/site\/italia-vai-devolver-pizzolato-ao-brasil-o-mensaleiro-do-marketing-do-bb\/","name":"Pizzolato, mensaleiro preso na It\u00e1lia, ser\u00e1 devolvido ao Brasil - Notibras","isPartOf":{"@id":"https:\/\/www.notibras.com\/site\/#website"},"primaryImageOfPage":{"@id":"https:\/\/www.notibras.com\/site\/italia-vai-devolver-pizzolato-ao-brasil-o-mensaleiro-do-marketing-do-bb\/#primaryimage"},"image":{"@id":"https:\/\/www.notibras.com\/site\/italia-vai-devolver-pizzolato-ao-brasil-o-mensaleiro-do-marketing-do-bb\/#primaryimage"},"thumbnailUrl":"https:\/\/www.notibras.com\/site\/wp-content\/uploads\/2015\/02\/mi16075873005658574.jpg","datePublished":"2015-02-12T11:34:35+00:00","dateModified":"2015-02-12T14:31:49+00:00","breadcrumb":{"@id":"https:\/\/www.notibras.com\/site\/italia-vai-devolver-pizzolato-ao-brasil-o-mensaleiro-do-marketing-do-bb\/#breadcrumb"},"inLanguage":"pt-BR","potentialAction":[{"@type":"ReadAction","target":["https:\/\/www.notibras.com\/site\/italia-vai-devolver-pizzolato-ao-brasil-o-mensaleiro-do-marketing-do-bb\/"]}]},{"@type":"ImageObject","inLanguage":"pt-BR","@id":"https:\/\/www.notibras.com\/site\/italia-vai-devolver-pizzolato-ao-brasil-o-mensaleiro-do-marketing-do-bb\/#primaryimage","url":"https:\/\/www.notibras.com\/site\/wp-content\/uploads\/2015\/02\/mi16075873005658574.jpg","contentUrl":"https:\/\/www.notibras.com\/site\/wp-content\/uploads\/2015\/02\/mi16075873005658574.jpg","width":460,"height":289},{"@type":"BreadcrumbList","@id":"https:\/\/www.notibras.com\/site\/italia-vai-devolver-pizzolato-ao-brasil-o-mensaleiro-do-marketing-do-bb\/#breadcrumb","itemListElement":[{"@type":"ListItem","position":1,"name":"In\u00edcio","item":"https:\/\/www.notibras.com\/site\/"},{"@type":"ListItem","position":2,"name":"Pizzolato, mensaleiro preso na It\u00e1lia, ser\u00e1 devolvido ao Brasil"}]},{"@type":"WebSite","@id":"https:\/\/www.notibras.com\/site\/#website","url":"https:\/\/www.notibras.com\/site\/","name":"Notibras","description":"Not\u00edcias de Bras\u00edlia, do Brasil e do Mundo","publisher":{"@id":"https:\/\/www.notibras.com\/site\/#organization"},"potentialAction":[{"@type":"SearchAction","target":{"@type":"EntryPoint","urlTemplate":"https:\/\/www.notibras.com\/site\/?s={search_term_string}"},"query-input":{"@type":"PropertyValueSpecification","valueRequired":true,"valueName":"search_term_string"}}],"inLanguage":"pt-BR"},{"@type":"Organization","@id":"https:\/\/www.notibras.com\/site\/#organization","name":"Grupo Notibras de Comunica\u00e7\u00e3o","url":"https:\/\/www.notibras.com\/site\/","logo":{"@type":"ImageObject","inLanguage":"pt-BR","@id":"https:\/\/www.notibras.com\/site\/#\/schema\/logo\/image\/","url":"https:\/\/www.notibras.com\/site\/wp-content\/uploads\/2023\/01\/notibras23.png","contentUrl":"https:\/\/www.notibras.com\/site\/wp-content\/uploads\/2023\/01\/notibras23.png","width":350,"height":87,"caption":"Grupo Notibras de Comunica\u00e7\u00e3o"},"image":{"@id":"https:\/\/www.notibras.com\/site\/#\/schema\/logo\/image\/"},"sameAs":["https:\/\/www.facebook.com\/notibras\/","https:\/\/x.com\/Notibras","https:\/\/www.instagram.com\/notibras\/"]},{"@type":"Person","@id":"https:\/\/www.notibras.com\/site\/#\/schema\/person\/36ab0979449956132d3e5b517ea76ac8","name":"Reda\u00e7\u00e3o","image":{"@type":"ImageObject","inLanguage":"pt-BR","@id":"https:\/\/secure.gravatar.com\/avatar\/e0a867bdedb85fd243eadf09663511f96fc81e0720a4a42581f334ad4303aa6b?s=96&d=mm&r=g","url":"https:\/\/secure.gravatar.com\/avatar\/e0a867bdedb85fd243eadf09663511f96fc81e0720a4a42581f334ad4303aa6b?s=96&d=mm&r=g","contentUrl":"https:\/\/secure.gravatar.com\/avatar\/e0a867bdedb85fd243eadf09663511f96fc81e0720a4a42581f334ad4303aa6b?s=96&d=mm&r=g","caption":"Reda\u00e7\u00e3o"}}]}},"amp_enabled":true,"_links":{"self":[{"href":"https:\/\/www.notibras.com\/site\/wp-json\/wp\/v2\/posts\/36845","targetHints":{"allow":["GET"]}}],"collection":[{"href":"https:\/\/www.notibras.com\/site\/wp-json\/wp\/v2\/posts"}],"about":[{"href":"https:\/\/www.notibras.com\/site\/wp-json\/wp\/v2\/types\/post"}],"author":[{"embeddable":true,"href":"https:\/\/www.notibras.com\/site\/wp-json\/wp\/v2\/users\/2"}],"replies":[{"embeddable":true,"href":"https:\/\/www.notibras.com\/site\/wp-json\/wp\/v2\/comments?post=36845"}],"version-history":[{"count":0,"href":"https:\/\/www.notibras.com\/site\/wp-json\/wp\/v2\/posts\/36845\/revisions"}],"wp:featuredmedia":[{"embeddable":true,"href":"https:\/\/www.notibras.com\/site\/wp-json\/wp\/v2\/media\/36846"}],"wp:attachment":[{"href":"https:\/\/www.notibras.com\/site\/wp-json\/wp\/v2\/media?parent=36845"}],"wp:term":[{"taxonomy":"category","embeddable":true,"href":"https:\/\/www.notibras.com\/site\/wp-json\/wp\/v2\/categories?post=36845"},{"taxonomy":"post_tag","embeddable":true,"href":"https:\/\/www.notibras.com\/site\/wp-json\/wp\/v2\/tags?post=36845"}],"curies":[{"name":"wp","href":"https:\/\/api.w.org\/{rel}","templated":true}]}}