{"id":368462,"date":"2025-10-26T07:04:11","date_gmt":"2025-10-26T10:04:11","guid":{"rendered":"https:\/\/www.notibras.com\/site\/?p=368462"},"modified":"2025-10-26T07:04:11","modified_gmt":"2025-10-26T10:04:11","slug":"carreta-da-saude-faz-exames-contra-o-cancer-de-mama-e-o-colo-do-utero","status":"publish","type":"post","link":"https:\/\/www.notibras.com\/site\/carreta-da-saude-faz-exames-contra-o-cancer-de-mama-e-o-colo-do-utero\/","title":{"rendered":"Carreta da Sa\u00fade faz exames contra o c\u00e2ncer de mama e o colo do \u00fatero"},"content":{"rendered":"<p>A popula\u00e7\u00e3o feminina da cidade alagoana de Arapiraca est\u00e1 recebendo um importante refor\u00e7o na preven\u00e7\u00e3o ao c\u00e2ncer de mama e ao c\u00e2ncer do colo do \u00fatero. A Carreta da Sa\u00fade, unidade m\u00f3vel equipada para atendimentos especializados, est\u00e1 realizando gratuitamente exames de mamografia e Papanicolau em diversos bairros do munic\u00edpio.<\/p>\n<p>A a\u00e7\u00e3o \u00e9 promovida pela Secretaria Municipal de Sa\u00fade (SMS), em parceria com o Governo de Alagoas e o Minist\u00e9rio da Sa\u00fade, com o objetivo de ampliar o acesso das mulheres aos exames preventivos e incentivar o diagn\u00f3stico precoce \u2014 fundamental para o sucesso do tratamento.<\/p>\n<p>Segundo a secret\u00e1ria municipal de Sa\u00fade, a iniciativa tem alcan\u00e7ado um grande n\u00famero de mulheres.<\/p>\n<p>\u201cA preven\u00e7\u00e3o salva vidas. Estamos levando os servi\u00e7os para mais perto da comunidade, facilitando o acesso e estimulando o autocuidado feminino\u201d, destacou.<\/p>\n<p>Os atendimentos acontecem das 8h \u00e0s 16h, e as mulheres interessadas devem apresentar documento de identidade, Cart\u00e3o do SUS e comprovante de resid\u00eancia. A Carreta permanecer\u00e1 em cada local por alguns dias antes de seguir para outro bairro, conforme o cronograma da Secretaria.<\/p>\n<p>Durante o m\u00eas de outubro \u2014 per\u00edodo marcado pela campanha Outubro Rosa \u2014, a mobiliza\u00e7\u00e3o ganha ainda mais for\u00e7a. Al\u00e9m dos exames, profissionais de sa\u00fade est\u00e3o oferecendo orienta\u00e7\u00f5es sobre preven\u00e7\u00e3o, autoexame e h\u00e1bitos saud\u00e1veis que reduzem o risco de c\u00e2ncer.<\/p>\n<p>Moradora do bairro Cacimbas, a dona de casa Maria do Carmo elogiou a iniciativa:<\/p>\n<p>\u201cNem sempre a gente consegue ir at\u00e9 o posto ou marcar uma consulta r\u00e1pido. Com a carreta aqui perto de casa, ficou bem mais f\u00e1cil cuidar da sa\u00fade\u201d, contou.<\/p>\n<p>A Prefeitura de Arapiraca refor\u00e7a que todas as mulheres com idade entre 25 e 64 anos devem realizar o exame preventivo do colo do \u00fatero regularmente, e as de 50 a 69 anos devem fazer a mamografia a cada dois anos \u2014 conforme orienta\u00e7\u00e3o do Minist\u00e9rio da Sa\u00fade.<\/p>\n<p>Para mais informa\u00e7\u00f5es sobre os locais e datas de atendimento da Carreta da Sa\u00fade, basta acessar o site oficial da Prefeitura ou acompanhar as redes sociais da Secretaria Municipal de Sa\u00fade.<\/p>\n","protected":false},"excerpt":{"rendered":"<p>A popula\u00e7\u00e3o feminina da cidade alagoana de Arapiraca est\u00e1 recebendo um importante refor\u00e7o na preven\u00e7\u00e3o ao c\u00e2ncer de mama e ao c\u00e2ncer do colo do \u00fatero. A Carreta da Sa\u00fade, unidade m\u00f3vel equipada para atendimentos especializados, est\u00e1 realizando gratuitamente exames de mamografia e Papanicolau em diversos bairros do munic\u00edpio. A a\u00e7\u00e3o \u00e9 promovida pela Secretaria [&hellip;]<\/p>\n","protected":false},"author":2,"featured_media":368463,"comment_status":"closed","ping_status":"closed","sticky":false,"template":"","format":"standard","meta":{"_acf_changed":false,"footnotes":""},"categories":[165],"tags":[],"class_list":["post-368462","post","type-post","status-publish","format-standard","has-post-thumbnail","hentry","category-nordeste"],"acf":[],"_links":{"self":[{"href":"https:\/\/www.notibras.com\/site\/wp-json\/wp\/v2\/posts\/368462","targetHints":{"allow":["GET"]}}],"collection":[{"href":"https:\/\/www.notibras.com\/site\/wp-json\/wp\/v2\/posts"}],"about":[{"href":"https:\/\/www.notibras.com\/site\/wp-json\/wp\/v2\/types\/post"}],"author":[{"embeddable":true,"href":"https:\/\/www.notibras.com\/site\/wp-json\/wp\/v2\/users\/2"}],"replies":[{"embeddable":true,"href":"https:\/\/www.notibras.com\/site\/wp-json\/wp\/v2\/comments?post=368462"}],"version-history":[{"count":1,"href":"https:\/\/www.notibras.com\/site\/wp-json\/wp\/v2\/posts\/368462\/revisions"}],"predecessor-version":[{"id":368464,"href":"https:\/\/www.notibras.com\/site\/wp-json\/wp\/v2\/posts\/368462\/revisions\/368464"}],"wp:featuredmedia":[{"embeddable":true,"href":"https:\/\/www.notibras.com\/site\/wp-json\/wp\/v2\/media\/368463"}],"wp:attachment":[{"href":"https:\/\/www.notibras.com\/site\/wp-json\/wp\/v2\/media?parent=368462"}],"wp:term":[{"taxonomy":"category","embeddable":true,"href":"https:\/\/www.notibras.com\/site\/wp-json\/wp\/v2\/categories?post=368462"},{"taxonomy":"post_tag","embeddable":true,"href":"https:\/\/www.notibras.com\/site\/wp-json\/wp\/v2\/tags?post=368462"}],"curies":[{"name":"wp","href":"https:\/\/api.w.org\/{rel}","templated":true}]}}