{"id":368468,"date":"2025-10-26T00:00:18","date_gmt":"2025-10-26T03:00:18","guid":{"rendered":"https:\/\/www.notibras.com\/site\/?p=368468"},"modified":"2025-10-26T07:14:35","modified_gmt":"2025-10-26T10:14:35","slug":"transito-em-aracaju-sera-alterado-por-conta-de-eventos-e-obras","status":"publish","type":"post","link":"https:\/\/www.notibras.com\/site\/transito-em-aracaju-sera-alterado-por-conta-de-eventos-e-obras\/","title":{"rendered":"Tr\u00e2nsito em Aracaju ser\u00e1 alterado por conta de eventos e obras"},"content":{"rendered":"<p>O tr\u00e2nsito de Aracaju passar\u00e1 por diversas altera\u00e7\u00f5es neste domingo, 26, devido \u00e0 realiza\u00e7\u00e3o de eventos esportivos e interven\u00e7\u00f5es estruturais na cidade. A Superintend\u00eancia Municipal de Transportes e Tr\u00e2nsito (SMTT) e o Departamento Nacional de Infraestrutura de Transportes (DNIT) informaram que as mudan\u00e7as t\u00eam como objetivo garantir a seguran\u00e7a de motoristas, pedestres e participantes das atividades.<\/p>\n<p>A principal modifica\u00e7\u00e3o ocorrer\u00e1 por causa da Maratona de Aracaju 2025, que tomar\u00e1 conta das ruas logo nas primeiras horas do dia. A prova ter\u00e1 in\u00edcio \u00e0s 5h, mas os bloqueios come\u00e7am a partir das 2h da madrugada e seguem at\u00e9 cerca das 10h da manh\u00e3. As interdi\u00e7\u00f5es abrangem trechos da Orla da Atalaia, Avenida Beira Mar, Avenida Hermes Fontes, Rua Jos\u00e9 Conrado de Ara\u00fajo e Centro da cidade.<\/p>\n<p>Agentes da SMTT estar\u00e3o posicionados em pontos estrat\u00e9gicos para orientar o tr\u00e1fego e indicar rotas alternativas.<\/p>\n<p>Al\u00e9m disso, o DNIT realizar\u00e1 uma opera\u00e7\u00e3o de desmontagem de uma passarela na BR-235, nas proximidades do bairro Capucho. Para viabilizar o trabalho, o tr\u00e2nsito ser\u00e1 bloqueado entre 20h de domingo e 5h da manh\u00e3 de segunda-feira (27). Durante esse per\u00edodo, o tr\u00e1fego de ve\u00edculos ser\u00e1 desviado para vias locais sinalizadas.<\/p>\n<p>A SMTT recomenda que os condutores evitem circular pelas \u00e1reas afetadas, planejem rotas alternativas e utilizem aplicativos de tr\u00e2nsito para acompanhar as condi\u00e7\u00f5es em tempo real. O transporte coletivo tamb\u00e9m passar\u00e1 por mudan\u00e7as tempor\u00e1rias nos itiner\u00e1rios, que ser\u00e3o divulgadas nos canais oficiais da prefeitura.<\/p>\n<p>Com as altera\u00e7\u00f5es, o objetivo das autoridades \u00e9 minimizar transtornos e garantir a fluidez no tr\u00e2nsito, sobretudo em pontos tur\u00edsticos e de grande fluxo, como a Orla e o Centro. A orienta\u00e7\u00e3o \u00e9 que os motoristas redobrem a aten\u00e7\u00e3o e respeitem as sinaliza\u00e7\u00f5es tempor\u00e1rias.<\/p>\n<p>\u201cA colabora\u00e7\u00e3o dos condutores \u00e9 fundamental para que possamos garantir a seguran\u00e7a de todos durante o evento\u201d, destacou a SMTT em nota.<\/p>\n","protected":false},"excerpt":{"rendered":"<p>O tr\u00e2nsito de Aracaju passar\u00e1 por diversas altera\u00e7\u00f5es neste domingo, 26, devido \u00e0 realiza\u00e7\u00e3o de eventos esportivos e interven\u00e7\u00f5es estruturais na cidade. A Superintend\u00eancia Municipal de Transportes e Tr\u00e2nsito (SMTT) e o Departamento Nacional de Infraestrutura de Transportes (DNIT) informaram que as mudan\u00e7as t\u00eam como objetivo garantir a seguran\u00e7a de motoristas, pedestres e participantes das [&hellip;]<\/p>\n","protected":false},"author":2,"featured_media":368469,"comment_status":"closed","ping_status":"closed","sticky":false,"template":"","format":"standard","meta":{"_acf_changed":false,"footnotes":""},"categories":[165],"tags":[],"class_list":["post-368468","post","type-post","status-publish","format-standard","has-post-thumbnail","hentry","category-nordeste"],"acf":[],"_links":{"self":[{"href":"https:\/\/www.notibras.com\/site\/wp-json\/wp\/v2\/posts\/368468","targetHints":{"allow":["GET"]}}],"collection":[{"href":"https:\/\/www.notibras.com\/site\/wp-json\/wp\/v2\/posts"}],"about":[{"href":"https:\/\/www.notibras.com\/site\/wp-json\/wp\/v2\/types\/post"}],"author":[{"embeddable":true,"href":"https:\/\/www.notibras.com\/site\/wp-json\/wp\/v2\/users\/2"}],"replies":[{"embeddable":true,"href":"https:\/\/www.notibras.com\/site\/wp-json\/wp\/v2\/comments?post=368468"}],"version-history":[{"count":1,"href":"https:\/\/www.notibras.com\/site\/wp-json\/wp\/v2\/posts\/368468\/revisions"}],"predecessor-version":[{"id":368470,"href":"https:\/\/www.notibras.com\/site\/wp-json\/wp\/v2\/posts\/368468\/revisions\/368470"}],"wp:featuredmedia":[{"embeddable":true,"href":"https:\/\/www.notibras.com\/site\/wp-json\/wp\/v2\/media\/368469"}],"wp:attachment":[{"href":"https:\/\/www.notibras.com\/site\/wp-json\/wp\/v2\/media?parent=368468"}],"wp:term":[{"taxonomy":"category","embeddable":true,"href":"https:\/\/www.notibras.com\/site\/wp-json\/wp\/v2\/categories?post=368468"},{"taxonomy":"post_tag","embeddable":true,"href":"https:\/\/www.notibras.com\/site\/wp-json\/wp\/v2\/tags?post=368468"}],"curies":[{"name":"wp","href":"https:\/\/api.w.org\/{rel}","templated":true}]}}