{"id":368471,"date":"2025-10-26T07:00:21","date_gmt":"2025-10-26T10:00:21","guid":{"rendered":"https:\/\/www.notibras.com\/site\/?p=368471"},"modified":"2025-10-26T07:19:38","modified_gmt":"2025-10-26T10:19:38","slug":"a-luta-diaria-contra-a-violencia-que-afeta-os-nordestinos","status":"publish","type":"post","link":"https:\/\/www.notibras.com\/site\/a-luta-diaria-contra-a-violencia-que-afeta-os-nordestinos\/","title":{"rendered":"A luta di\u00e1ria contra a viol\u00eancia que afeta os nordestinos"},"content":{"rendered":"<p>No Nordeste, o sol nasce cedo, dourando as ruas de barro e as casas simples onde a vida insiste em florescer, mesmo entre as pedras. Por tr\u00e1s das janelas abertas, h\u00e1 vozes que contam hist\u00f3rias de sobreviv\u00eancia \u2014 de mulheres, jovens, idosos \u2014 que enfrentam todos os dias a sombra pesada da viol\u00eancia.<\/p>\n<p>Maria, por exemplo, acorda antes do sol. O barulho da panela no fogo se mistura com o som distante de uma sirene. Vive entre o medo e a coragem, entre o sil\u00eancio imposto e a vontade de gritar. Como ela, tantas outras mulheres transformam o cotidiano em resist\u00eancia: caminham de cabe\u00e7a erguida, mesmo quando a vida tenta dobr\u00e1-las.<\/p>\n<p>Nos becos das periferias e nas estradas do sert\u00e3o, a viol\u00eancia tem muitos rostos \u2014 o da fome, o do desemprego, o do machismo, o da aus\u00eancia do Estado. Mas tamb\u00e9m h\u00e1 o rosto da esperan\u00e7a: jovens que organizam projetos sociais, m\u00e3es que lutam por justi\u00e7a, coletivos que transformam dor em movimento.<\/p>\n<p>A cada esquina, h\u00e1 uma batalha invis\u00edvel sendo travada \u2014 n\u00e3o apenas contra o crime, mas contra a indiferen\u00e7a. \u00c9 um combate silencioso, cotidiano, persistente. Porque no Nordeste, viver \u00e9 verbo de resist\u00eancia. E vivem \u2014 apesar de tudo \u2014 os que n\u00e3o se deixam apagar.<\/p>\n","protected":false},"excerpt":{"rendered":"<p>No Nordeste, o sol nasce cedo, dourando as ruas de barro e as casas simples onde a vida insiste em florescer, mesmo entre as pedras. Por tr\u00e1s das janelas abertas, h\u00e1 vozes que contam hist\u00f3rias de sobreviv\u00eancia \u2014 de mulheres, jovens, idosos \u2014 que enfrentam todos os dias a sombra pesada da viol\u00eancia. Maria, por [&hellip;]<\/p>\n","protected":false},"author":2,"featured_media":368472,"comment_status":"closed","ping_status":"closed","sticky":false,"template":"","format":"standard","meta":{"_acf_changed":false,"footnotes":""},"categories":[165],"tags":[],"class_list":["post-368471","post","type-post","status-publish","format-standard","has-post-thumbnail","hentry","category-nordeste"],"acf":[],"_links":{"self":[{"href":"https:\/\/www.notibras.com\/site\/wp-json\/wp\/v2\/posts\/368471","targetHints":{"allow":["GET"]}}],"collection":[{"href":"https:\/\/www.notibras.com\/site\/wp-json\/wp\/v2\/posts"}],"about":[{"href":"https:\/\/www.notibras.com\/site\/wp-json\/wp\/v2\/types\/post"}],"author":[{"embeddable":true,"href":"https:\/\/www.notibras.com\/site\/wp-json\/wp\/v2\/users\/2"}],"replies":[{"embeddable":true,"href":"https:\/\/www.notibras.com\/site\/wp-json\/wp\/v2\/comments?post=368471"}],"version-history":[{"count":1,"href":"https:\/\/www.notibras.com\/site\/wp-json\/wp\/v2\/posts\/368471\/revisions"}],"predecessor-version":[{"id":368473,"href":"https:\/\/www.notibras.com\/site\/wp-json\/wp\/v2\/posts\/368471\/revisions\/368473"}],"wp:featuredmedia":[{"embeddable":true,"href":"https:\/\/www.notibras.com\/site\/wp-json\/wp\/v2\/media\/368472"}],"wp:attachment":[{"href":"https:\/\/www.notibras.com\/site\/wp-json\/wp\/v2\/media?parent=368471"}],"wp:term":[{"taxonomy":"category","embeddable":true,"href":"https:\/\/www.notibras.com\/site\/wp-json\/wp\/v2\/categories?post=368471"},{"taxonomy":"post_tag","embeddable":true,"href":"https:\/\/www.notibras.com\/site\/wp-json\/wp\/v2\/tags?post=368471"}],"curies":[{"name":"wp","href":"https:\/\/api.w.org\/{rel}","templated":true}]}}