{"id":368505,"date":"2025-10-26T13:34:13","date_gmt":"2025-10-26T16:34:13","guid":{"rendered":"https:\/\/www.notibras.com\/site\/?p=368505"},"modified":"2025-10-26T16:06:16","modified_gmt":"2025-10-26T19:06:16","slug":"joao-fonseca-conquista-maior-premio-do-tenis-desde-a-era-guga","status":"publish","type":"post","link":"https:\/\/www.notibras.com\/site\/joao-fonseca-conquista-maior-premio-do-tenis-desde-a-era-guga\/","title":{"rendered":"Jo\u00e3o Fonseca conquista maior pr\u00eamio do t\u00eanis desde a era Guga"},"content":{"rendered":"<p><!--StartFragment --><\/p>\n<p><span class=\"cf0\">O carioca Jo\u00e3o Fonseca conquistou o maior t\u00edtulo de sua ainda curta carreira no t\u00eanis profissional. Neste domingo (26), o brasileiro, de somente 19 anos, venceu o ATP 500 da Basileia, na Su\u00ed\u00e7a, ao derrotar o espanhol Alejandro <\/span><span class=\"cf0\">Fokina<\/span><span class=\"cf0\"> por 2 sets a 0, parciais de 6\/3 e 6\/4.<\/span><\/p>\n<p><span class=\"cf0\">Esta foi a quarta conquista de Jo\u00e3o nesta temporada. Nenhum dos t\u00edtulos anteriores, por\u00e9m, tem o peso de um ATP 500, terceiro principal n\u00edvel de torneios do circuito mundial e que d\u00e1 500 pontos ao campe\u00e3o. Esse tipo de competi\u00e7\u00e3o \u00e9 inferior apenas aos de n\u00edvel ATP 1000 e aos Grand <\/span><span class=\"cf0\">Slams<\/span><span class=\"cf0\"> (que distribuem 2 mil pontos ao vencedor).<\/span><\/p>\n<p><span class=\"cf0\">Com os 500 pontos na Basileia, Jo\u00e3o ter\u00e1 um salto significativo na pr\u00f3xima atualiza\u00e7\u00e3o do ranking de simples da Associa\u00e7\u00e3o dos Tenistas Profissionais (ATP), saindo do 46\u00ba para o 28\u00ba lugar. Ele iniciou a temporada na 145\u00aa posi\u00e7\u00e3o.<\/span><\/p>\n<p><span class=\"cf0\">Na final diante de <\/span><span class=\"cf0\">Fokina<\/span><span class=\"cf0\">, n\u00famero 18 do mundo, Jo\u00e3o n\u00e3o se intimidou. Fez sete aces (quando o advers\u00e1rio n\u00e3o consegue rebater o saque) e levou todos os games em que teve o servi\u00e7o.<\/span><\/p>\n<p><span class=\"cf0\">Ele precisou de somente uma hora e 25 minutos para conquistar o maior t\u00edtulo de um brasileiro em simples desde 2001, quando o catarinense Gustavo Kuerten foi campe\u00e3o do ATP 1000 de Cincinnati, nos Estados Unidos. O carioca, de 2005, sequer era nascido. <\/span><\/p>\n<p><span class=\"cf0\">Jo\u00e3o tamb\u00e9m ganhou, em 2025, o ATP 250 de Buenos Aires, na Argentina, e os <\/span><span class=\"cf0\">Challengers<\/span><span class=\"cf0\"> (torneios de n\u00edvel inferior aos ATP) de Canberra, na Austr\u00e1lia, e Phoenix, nos Estados Unidos. A partir desta segunda-feira (27), o brasileiro j\u00e1 busca um novo t\u00edtulo. Ele estreia no ATP 1000 de Paris, na Fran\u00e7a, contra o canadense Denis <\/span><span class=\"cf0\">Shapovalov<\/span><span class=\"cf0\">, um dos advers\u00e1rios que superou na Su\u00ed\u00e7a, nas quartas de final. O duelo ainda ser\u00e1 marcado.<\/span><\/p>\n<p><!--EndFragment --><\/p>\n","protected":false},"excerpt":{"rendered":"<p>O carioca Jo\u00e3o Fonseca conquistou o maior t\u00edtulo de sua ainda curta carreira no t\u00eanis profissional. Neste domingo (26), o brasileiro, de somente 19 anos, venceu o ATP 500 da Basileia, na Su\u00ed\u00e7a, ao derrotar o espanhol Alejandro Fokina por 2 sets a 0, parciais de 6\/3 e 6\/4. Esta foi a quarta conquista de [&hellip;]<\/p>\n","protected":false},"author":2,"featured_media":368506,"comment_status":"closed","ping_status":"closed","sticky":false,"template":"","format":"standard","meta":{"_acf_changed":false,"footnotes":""},"categories":[155],"tags":[95],"class_list":["post-368505","post","type-post","status-publish","format-standard","has-post-thumbnail","hentry","category-leitura-vip","tag-capa"],"acf":[],"_links":{"self":[{"href":"https:\/\/www.notibras.com\/site\/wp-json\/wp\/v2\/posts\/368505","targetHints":{"allow":["GET"]}}],"collection":[{"href":"https:\/\/www.notibras.com\/site\/wp-json\/wp\/v2\/posts"}],"about":[{"href":"https:\/\/www.notibras.com\/site\/wp-json\/wp\/v2\/types\/post"}],"author":[{"embeddable":true,"href":"https:\/\/www.notibras.com\/site\/wp-json\/wp\/v2\/users\/2"}],"replies":[{"embeddable":true,"href":"https:\/\/www.notibras.com\/site\/wp-json\/wp\/v2\/comments?post=368505"}],"version-history":[{"count":1,"href":"https:\/\/www.notibras.com\/site\/wp-json\/wp\/v2\/posts\/368505\/revisions"}],"predecessor-version":[{"id":368507,"href":"https:\/\/www.notibras.com\/site\/wp-json\/wp\/v2\/posts\/368505\/revisions\/368507"}],"wp:featuredmedia":[{"embeddable":true,"href":"https:\/\/www.notibras.com\/site\/wp-json\/wp\/v2\/media\/368506"}],"wp:attachment":[{"href":"https:\/\/www.notibras.com\/site\/wp-json\/wp\/v2\/media?parent=368505"}],"wp:term":[{"taxonomy":"category","embeddable":true,"href":"https:\/\/www.notibras.com\/site\/wp-json\/wp\/v2\/categories?post=368505"},{"taxonomy":"post_tag","embeddable":true,"href":"https:\/\/www.notibras.com\/site\/wp-json\/wp\/v2\/tags?post=368505"}],"curies":[{"name":"wp","href":"https:\/\/api.w.org\/{rel}","templated":true}]}}