{"id":36852,"date":"2015-02-12T00:21:14","date_gmt":"2015-02-12T03:21:14","guid":{"rendered":"http:\/\/www.notibras.com\/site\/?p=36852"},"modified":"2015-02-12T11:32:43","modified_gmt":"2015-02-12T14:32:43","slug":"brasil-entra-em-retracao-e-economia-caiu-em-buraco-de-015-em-2014","status":"publish","type":"post","link":"https:\/\/www.notibras.com\/site\/brasil-entra-em-retracao-e-economia-caiu-em-buraco-de-015-em-2014\/","title":{"rendered":"Brasil sente retra\u00e7\u00e3o interna e a economia afunda em 0,15%"},"content":{"rendered":"<p>A atividade econ\u00f4mica apresentou queda de 0,12% em 2014, j\u00e1 descontados os efeitos sazonais, ou seja, as influ\u00eancias que diferentes \u00e9pocas do ano exercem sobre a economia. O \u00cdndice de Atividade Econ\u00f4mica (IBC-Br) foi divulgado hoje (12) pelo Banco Central. De acordo com dados brutos, sem o ajuste sazonal, a retra\u00e7\u00e3o foi de 0,15%.<\/p>\n<blockquote><p>Levando-se em conta dezembro na compara\u00e7\u00e3o com novembro, houve recuo de 0,55%. Em novembro, o IBC-Br havia ficado negativo em 0,01% no acumulado de 12 meses. Na compara\u00e7\u00e3o com outubro, tinha registrado alta de 0,04% e, comparado a novembro de 2013, registrou queda de 0,49%.<\/p><\/blockquote>\n<p>O IBC-Br \u00e9 uma forma de avaliar a evolu\u00e7\u00e3o da atividade econ\u00f4mica brasileira. O \u00edndice incorpora informa\u00e7\u00f5es sobre o n\u00edvel de atividade dos tr\u00eas setores da economia: ind\u00fastria, com\u00e9rcio e servi\u00e7os e agropecu\u00e1ria.<\/p>\n<p>Os n\u00fameros do \u00edndice constituem uma an\u00e1lise do BC sobre o crescimento, mas no Brasil o \u00f3rg\u00e3o que divulga o Produto Interno Bruto (PIB) &#8211; soma de todos os bens e riquezas de um pa\u00eds &#8211; \u00e9 o Instituto Brasileiro de Geografia e Estat\u00edstica (IBGE).<\/p>\n","protected":false},"excerpt":{"rendered":"<p>A atividade econ\u00f4mica apresentou queda de 0,12% em 2014, j\u00e1 descontados os efeitos sazonais, ou seja, as influ\u00eancias que diferentes \u00e9pocas do ano exercem sobre a economia. O \u00cdndice de Atividade Econ\u00f4mica (IBC-Br) foi divulgado hoje (12) pelo Banco Central. De acordo com dados brutos, sem o ajuste sazonal, a retra\u00e7\u00e3o foi de 0,15%. Levando-se [&hellip;]<\/p>\n","protected":false},"author":2,"featured_media":36853,"comment_status":"open","ping_status":"closed","sticky":false,"template":"","format":"standard","meta":{"_acf_changed":false,"footnotes":""},"categories":[16],"tags":[],"class_list":["post-36852","post","type-post","status-publish","format-standard","has-post-thumbnail","hentry","category-brasil"],"acf":[],"yoast_head":"<!-- This site is optimized with the Yoast SEO plugin v27.2 - https:\/\/yoast.com\/product\/yoast-seo-wordpress\/ -->\n<title>Brasil sente retra\u00e7\u00e3o interna e a economia afunda em 0,15% - Notibras<\/title>\n<meta name=\"robots\" content=\"index, follow, max-snippet:-1, max-image-preview:large, max-video-preview:-1\" \/>\n<link rel=\"canonical\" href=\"https:\/\/www.notibras.com\/site\/brasil-entra-em-retracao-e-economia-caiu-em-buraco-de-015-em-2014\/\" \/>\n<meta property=\"og:locale\" content=\"pt_BR\" \/>\n<meta property=\"og:type\" content=\"article\" \/>\n<meta property=\"og:title\" content=\"Brasil sente retra\u00e7\u00e3o interna e a economia afunda em 0,15% - Notibras\" \/>\n<meta property=\"og:description\" content=\"A atividade econ\u00f4mica apresentou queda de 0,12% em 2014, j\u00e1 descontados os efeitos sazonais, ou seja, as influ\u00eancias que diferentes \u00e9pocas do ano exercem sobre a economia. O \u00cdndice de Atividade Econ\u00f4mica (IBC-Br) foi divulgado hoje (12) pelo Banco Central. De acordo com dados brutos, sem o ajuste sazonal, a retra\u00e7\u00e3o foi de 0,15%. Levando-se [&hellip;]\" \/>\n<meta property=\"og:url\" content=\"https:\/\/www.notibras.com\/site\/brasil-entra-em-retracao-e-economia-caiu-em-buraco-de-015-em-2014\/\" \/>\n<meta property=\"og:site_name\" content=\"Notibras\" \/>\n<meta property=\"article:publisher\" content=\"https:\/\/www.facebook.com\/notibras\/\" \/>\n<meta property=\"article:published_time\" content=\"2015-02-12T03:21:14+00:00\" \/>\n<meta property=\"article:modified_time\" content=\"2015-02-12T14:32:43+00:00\" \/>\n<meta property=\"og:image\" content=\"https:\/\/www.notibras.com\/site\/wp-content\/uploads\/2015\/02\/crise_economica_17.jpg\" \/>\n\t<meta property=\"og:image:width\" content=\"300\" \/>\n\t<meta property=\"og:image:height\" content=\"224\" \/>\n\t<meta property=\"og:image:type\" content=\"image\/jpeg\" \/>\n<meta name=\"author\" content=\"Reda\u00e7\u00e3o\" \/>\n<meta name=\"twitter:card\" content=\"summary_large_image\" \/>\n<meta name=\"twitter:creator\" content=\"@Notibras\" \/>\n<meta name=\"twitter:site\" content=\"@Notibras\" \/>\n<meta name=\"twitter:label1\" content=\"Escrito por\" \/>\n\t<meta name=\"twitter:data1\" content=\"Reda\u00e7\u00e3o\" \/>\n\t<meta name=\"twitter:label2\" content=\"Est. tempo de leitura\" \/>\n\t<meta name=\"twitter:data2\" content=\"1 minuto\" \/>\n<script type=\"application\/ld+json\" class=\"yoast-schema-graph\">{\"@context\":\"https:\/\/schema.org\",\"@graph\":[{\"@type\":\"Article\",\"@id\":\"https:\/\/www.notibras.com\/site\/brasil-entra-em-retracao-e-economia-caiu-em-buraco-de-015-em-2014\/#article\",\"isPartOf\":{\"@id\":\"https:\/\/www.notibras.com\/site\/brasil-entra-em-retracao-e-economia-caiu-em-buraco-de-015-em-2014\/\"},\"author\":{\"name\":\"Reda\u00e7\u00e3o\",\"@id\":\"https:\/\/www.notibras.com\/site\/#\/schema\/person\/36ab0979449956132d3e5b517ea76ac8\"},\"headline\":\"Brasil sente retra\u00e7\u00e3o interna e a economia afunda em 0,15%\",\"datePublished\":\"2015-02-12T03:21:14+00:00\",\"dateModified\":\"2015-02-12T14:32:43+00:00\",\"mainEntityOfPage\":{\"@id\":\"https:\/\/www.notibras.com\/site\/brasil-entra-em-retracao-e-economia-caiu-em-buraco-de-015-em-2014\/\"},\"wordCount\":195,\"commentCount\":0,\"publisher\":{\"@id\":\"https:\/\/www.notibras.com\/site\/#organization\"},\"image\":{\"@id\":\"https:\/\/www.notibras.com\/site\/brasil-entra-em-retracao-e-economia-caiu-em-buraco-de-015-em-2014\/#primaryimage\"},\"thumbnailUrl\":\"https:\/\/www.notibras.com\/site\/wp-content\/uploads\/2015\/02\/crise_economica_17.jpg\",\"articleSection\":[\"Brasil\"],\"inLanguage\":\"pt-BR\",\"potentialAction\":[{\"@type\":\"CommentAction\",\"name\":\"Comment\",\"target\":[\"https:\/\/www.notibras.com\/site\/brasil-entra-em-retracao-e-economia-caiu-em-buraco-de-015-em-2014\/#respond\"]}]},{\"@type\":\"WebPage\",\"@id\":\"https:\/\/www.notibras.com\/site\/brasil-entra-em-retracao-e-economia-caiu-em-buraco-de-015-em-2014\/\",\"url\":\"https:\/\/www.notibras.com\/site\/brasil-entra-em-retracao-e-economia-caiu-em-buraco-de-015-em-2014\/\",\"name\":\"Brasil sente retra\u00e7\u00e3o interna e a economia afunda em 0,15% - Notibras\",\"isPartOf\":{\"@id\":\"https:\/\/www.notibras.com\/site\/#website\"},\"primaryImageOfPage\":{\"@id\":\"https:\/\/www.notibras.com\/site\/brasil-entra-em-retracao-e-economia-caiu-em-buraco-de-015-em-2014\/#primaryimage\"},\"image\":{\"@id\":\"https:\/\/www.notibras.com\/site\/brasil-entra-em-retracao-e-economia-caiu-em-buraco-de-015-em-2014\/#primaryimage\"},\"thumbnailUrl\":\"https:\/\/www.notibras.com\/site\/wp-content\/uploads\/2015\/02\/crise_economica_17.jpg\",\"datePublished\":\"2015-02-12T03:21:14+00:00\",\"dateModified\":\"2015-02-12T14:32:43+00:00\",\"breadcrumb\":{\"@id\":\"https:\/\/www.notibras.com\/site\/brasil-entra-em-retracao-e-economia-caiu-em-buraco-de-015-em-2014\/#breadcrumb\"},\"inLanguage\":\"pt-BR\",\"potentialAction\":[{\"@type\":\"ReadAction\",\"target\":[\"https:\/\/www.notibras.com\/site\/brasil-entra-em-retracao-e-economia-caiu-em-buraco-de-015-em-2014\/\"]}]},{\"@type\":\"ImageObject\",\"inLanguage\":\"pt-BR\",\"@id\":\"https:\/\/www.notibras.com\/site\/brasil-entra-em-retracao-e-economia-caiu-em-buraco-de-015-em-2014\/#primaryimage\",\"url\":\"https:\/\/www.notibras.com\/site\/wp-content\/uploads\/2015\/02\/crise_economica_17.jpg\",\"contentUrl\":\"https:\/\/www.notibras.com\/site\/wp-content\/uploads\/2015\/02\/crise_economica_17.jpg\",\"width\":300,\"height\":224},{\"@type\":\"BreadcrumbList\",\"@id\":\"https:\/\/www.notibras.com\/site\/brasil-entra-em-retracao-e-economia-caiu-em-buraco-de-015-em-2014\/#breadcrumb\",\"itemListElement\":[{\"@type\":\"ListItem\",\"position\":1,\"name\":\"In\u00edcio\",\"item\":\"https:\/\/www.notibras.com\/site\/\"},{\"@type\":\"ListItem\",\"position\":2,\"name\":\"Brasil sente retra\u00e7\u00e3o interna e a economia afunda em 0,15%\"}]},{\"@type\":\"WebSite\",\"@id\":\"https:\/\/www.notibras.com\/site\/#website\",\"url\":\"https:\/\/www.notibras.com\/site\/\",\"name\":\"Notibras\",\"description\":\"Not\u00edcias de Bras\u00edlia, do Brasil e do Mundo\",\"publisher\":{\"@id\":\"https:\/\/www.notibras.com\/site\/#organization\"},\"potentialAction\":[{\"@type\":\"SearchAction\",\"target\":{\"@type\":\"EntryPoint\",\"urlTemplate\":\"https:\/\/www.notibras.com\/site\/?s={search_term_string}\"},\"query-input\":{\"@type\":\"PropertyValueSpecification\",\"valueRequired\":true,\"valueName\":\"search_term_string\"}}],\"inLanguage\":\"pt-BR\"},{\"@type\":\"Organization\",\"@id\":\"https:\/\/www.notibras.com\/site\/#organization\",\"name\":\"Grupo Notibras de Comunica\u00e7\u00e3o\",\"url\":\"https:\/\/www.notibras.com\/site\/\",\"logo\":{\"@type\":\"ImageObject\",\"inLanguage\":\"pt-BR\",\"@id\":\"https:\/\/www.notibras.com\/site\/#\/schema\/logo\/image\/\",\"url\":\"https:\/\/www.notibras.com\/site\/wp-content\/uploads\/2023\/01\/notibras23.png\",\"contentUrl\":\"https:\/\/www.notibras.com\/site\/wp-content\/uploads\/2023\/01\/notibras23.png\",\"width\":350,\"height\":87,\"caption\":\"Grupo Notibras de Comunica\u00e7\u00e3o\"},\"image\":{\"@id\":\"https:\/\/www.notibras.com\/site\/#\/schema\/logo\/image\/\"},\"sameAs\":[\"https:\/\/www.facebook.com\/notibras\/\",\"https:\/\/x.com\/Notibras\",\"https:\/\/www.instagram.com\/notibras\/\"]},{\"@type\":\"Person\",\"@id\":\"https:\/\/www.notibras.com\/site\/#\/schema\/person\/36ab0979449956132d3e5b517ea76ac8\",\"name\":\"Reda\u00e7\u00e3o\",\"image\":{\"@type\":\"ImageObject\",\"inLanguage\":\"pt-BR\",\"@id\":\"https:\/\/secure.gravatar.com\/avatar\/e0a867bdedb85fd243eadf09663511f96fc81e0720a4a42581f334ad4303aa6b?s=96&d=mm&r=g\",\"url\":\"https:\/\/secure.gravatar.com\/avatar\/e0a867bdedb85fd243eadf09663511f96fc81e0720a4a42581f334ad4303aa6b?s=96&d=mm&r=g\",\"contentUrl\":\"https:\/\/secure.gravatar.com\/avatar\/e0a867bdedb85fd243eadf09663511f96fc81e0720a4a42581f334ad4303aa6b?s=96&d=mm&r=g\",\"caption\":\"Reda\u00e7\u00e3o\"}}]}<\/script>\n<!-- \/ Yoast SEO plugin. -->","yoast_head_json":{"title":"Brasil sente retra\u00e7\u00e3o interna e a economia afunda em 0,15% - Notibras","robots":{"index":"index","follow":"follow","max-snippet":"max-snippet:-1","max-image-preview":"max-image-preview:large","max-video-preview":"max-video-preview:-1"},"canonical":"https:\/\/www.notibras.com\/site\/brasil-entra-em-retracao-e-economia-caiu-em-buraco-de-015-em-2014\/","og_locale":"pt_BR","og_type":"article","og_title":"Brasil sente retra\u00e7\u00e3o interna e a economia afunda em 0,15% - Notibras","og_description":"A atividade econ\u00f4mica apresentou queda de 0,12% em 2014, j\u00e1 descontados os efeitos sazonais, ou seja, as influ\u00eancias que diferentes \u00e9pocas do ano exercem sobre a economia. O \u00cdndice de Atividade Econ\u00f4mica (IBC-Br) foi divulgado hoje (12) pelo Banco Central. De acordo com dados brutos, sem o ajuste sazonal, a retra\u00e7\u00e3o foi de 0,15%. Levando-se [&hellip;]","og_url":"https:\/\/www.notibras.com\/site\/brasil-entra-em-retracao-e-economia-caiu-em-buraco-de-015-em-2014\/","og_site_name":"Notibras","article_publisher":"https:\/\/www.facebook.com\/notibras\/","article_published_time":"2015-02-12T03:21:14+00:00","article_modified_time":"2015-02-12T14:32:43+00:00","og_image":[{"width":300,"height":224,"url":"https:\/\/www.notibras.com\/site\/wp-content\/uploads\/2015\/02\/crise_economica_17.jpg","type":"image\/jpeg"}],"author":"Reda\u00e7\u00e3o","twitter_card":"summary_large_image","twitter_creator":"@Notibras","twitter_site":"@Notibras","twitter_misc":{"Escrito por":"Reda\u00e7\u00e3o","Est. tempo de leitura":"1 minuto"},"schema":{"@context":"https:\/\/schema.org","@graph":[{"@type":"Article","@id":"https:\/\/www.notibras.com\/site\/brasil-entra-em-retracao-e-economia-caiu-em-buraco-de-015-em-2014\/#article","isPartOf":{"@id":"https:\/\/www.notibras.com\/site\/brasil-entra-em-retracao-e-economia-caiu-em-buraco-de-015-em-2014\/"},"author":{"name":"Reda\u00e7\u00e3o","@id":"https:\/\/www.notibras.com\/site\/#\/schema\/person\/36ab0979449956132d3e5b517ea76ac8"},"headline":"Brasil sente retra\u00e7\u00e3o interna e a economia afunda em 0,15%","datePublished":"2015-02-12T03:21:14+00:00","dateModified":"2015-02-12T14:32:43+00:00","mainEntityOfPage":{"@id":"https:\/\/www.notibras.com\/site\/brasil-entra-em-retracao-e-economia-caiu-em-buraco-de-015-em-2014\/"},"wordCount":195,"commentCount":0,"publisher":{"@id":"https:\/\/www.notibras.com\/site\/#organization"},"image":{"@id":"https:\/\/www.notibras.com\/site\/brasil-entra-em-retracao-e-economia-caiu-em-buraco-de-015-em-2014\/#primaryimage"},"thumbnailUrl":"https:\/\/www.notibras.com\/site\/wp-content\/uploads\/2015\/02\/crise_economica_17.jpg","articleSection":["Brasil"],"inLanguage":"pt-BR","potentialAction":[{"@type":"CommentAction","name":"Comment","target":["https:\/\/www.notibras.com\/site\/brasil-entra-em-retracao-e-economia-caiu-em-buraco-de-015-em-2014\/#respond"]}]},{"@type":"WebPage","@id":"https:\/\/www.notibras.com\/site\/brasil-entra-em-retracao-e-economia-caiu-em-buraco-de-015-em-2014\/","url":"https:\/\/www.notibras.com\/site\/brasil-entra-em-retracao-e-economia-caiu-em-buraco-de-015-em-2014\/","name":"Brasil sente retra\u00e7\u00e3o interna e a economia afunda em 0,15% - Notibras","isPartOf":{"@id":"https:\/\/www.notibras.com\/site\/#website"},"primaryImageOfPage":{"@id":"https:\/\/www.notibras.com\/site\/brasil-entra-em-retracao-e-economia-caiu-em-buraco-de-015-em-2014\/#primaryimage"},"image":{"@id":"https:\/\/www.notibras.com\/site\/brasil-entra-em-retracao-e-economia-caiu-em-buraco-de-015-em-2014\/#primaryimage"},"thumbnailUrl":"https:\/\/www.notibras.com\/site\/wp-content\/uploads\/2015\/02\/crise_economica_17.jpg","datePublished":"2015-02-12T03:21:14+00:00","dateModified":"2015-02-12T14:32:43+00:00","breadcrumb":{"@id":"https:\/\/www.notibras.com\/site\/brasil-entra-em-retracao-e-economia-caiu-em-buraco-de-015-em-2014\/#breadcrumb"},"inLanguage":"pt-BR","potentialAction":[{"@type":"ReadAction","target":["https:\/\/www.notibras.com\/site\/brasil-entra-em-retracao-e-economia-caiu-em-buraco-de-015-em-2014\/"]}]},{"@type":"ImageObject","inLanguage":"pt-BR","@id":"https:\/\/www.notibras.com\/site\/brasil-entra-em-retracao-e-economia-caiu-em-buraco-de-015-em-2014\/#primaryimage","url":"https:\/\/www.notibras.com\/site\/wp-content\/uploads\/2015\/02\/crise_economica_17.jpg","contentUrl":"https:\/\/www.notibras.com\/site\/wp-content\/uploads\/2015\/02\/crise_economica_17.jpg","width":300,"height":224},{"@type":"BreadcrumbList","@id":"https:\/\/www.notibras.com\/site\/brasil-entra-em-retracao-e-economia-caiu-em-buraco-de-015-em-2014\/#breadcrumb","itemListElement":[{"@type":"ListItem","position":1,"name":"In\u00edcio","item":"https:\/\/www.notibras.com\/site\/"},{"@type":"ListItem","position":2,"name":"Brasil sente retra\u00e7\u00e3o interna e a economia afunda em 0,15%"}]},{"@type":"WebSite","@id":"https:\/\/www.notibras.com\/site\/#website","url":"https:\/\/www.notibras.com\/site\/","name":"Notibras","description":"Not\u00edcias de Bras\u00edlia, do Brasil e do Mundo","publisher":{"@id":"https:\/\/www.notibras.com\/site\/#organization"},"potentialAction":[{"@type":"SearchAction","target":{"@type":"EntryPoint","urlTemplate":"https:\/\/www.notibras.com\/site\/?s={search_term_string}"},"query-input":{"@type":"PropertyValueSpecification","valueRequired":true,"valueName":"search_term_string"}}],"inLanguage":"pt-BR"},{"@type":"Organization","@id":"https:\/\/www.notibras.com\/site\/#organization","name":"Grupo Notibras de Comunica\u00e7\u00e3o","url":"https:\/\/www.notibras.com\/site\/","logo":{"@type":"ImageObject","inLanguage":"pt-BR","@id":"https:\/\/www.notibras.com\/site\/#\/schema\/logo\/image\/","url":"https:\/\/www.notibras.com\/site\/wp-content\/uploads\/2023\/01\/notibras23.png","contentUrl":"https:\/\/www.notibras.com\/site\/wp-content\/uploads\/2023\/01\/notibras23.png","width":350,"height":87,"caption":"Grupo Notibras de Comunica\u00e7\u00e3o"},"image":{"@id":"https:\/\/www.notibras.com\/site\/#\/schema\/logo\/image\/"},"sameAs":["https:\/\/www.facebook.com\/notibras\/","https:\/\/x.com\/Notibras","https:\/\/www.instagram.com\/notibras\/"]},{"@type":"Person","@id":"https:\/\/www.notibras.com\/site\/#\/schema\/person\/36ab0979449956132d3e5b517ea76ac8","name":"Reda\u00e7\u00e3o","image":{"@type":"ImageObject","inLanguage":"pt-BR","@id":"https:\/\/secure.gravatar.com\/avatar\/e0a867bdedb85fd243eadf09663511f96fc81e0720a4a42581f334ad4303aa6b?s=96&d=mm&r=g","url":"https:\/\/secure.gravatar.com\/avatar\/e0a867bdedb85fd243eadf09663511f96fc81e0720a4a42581f334ad4303aa6b?s=96&d=mm&r=g","contentUrl":"https:\/\/secure.gravatar.com\/avatar\/e0a867bdedb85fd243eadf09663511f96fc81e0720a4a42581f334ad4303aa6b?s=96&d=mm&r=g","caption":"Reda\u00e7\u00e3o"}}]}},"amp_enabled":true,"_links":{"self":[{"href":"https:\/\/www.notibras.com\/site\/wp-json\/wp\/v2\/posts\/36852","targetHints":{"allow":["GET"]}}],"collection":[{"href":"https:\/\/www.notibras.com\/site\/wp-json\/wp\/v2\/posts"}],"about":[{"href":"https:\/\/www.notibras.com\/site\/wp-json\/wp\/v2\/types\/post"}],"author":[{"embeddable":true,"href":"https:\/\/www.notibras.com\/site\/wp-json\/wp\/v2\/users\/2"}],"replies":[{"embeddable":true,"href":"https:\/\/www.notibras.com\/site\/wp-json\/wp\/v2\/comments?post=36852"}],"version-history":[{"count":0,"href":"https:\/\/www.notibras.com\/site\/wp-json\/wp\/v2\/posts\/36852\/revisions"}],"wp:featuredmedia":[{"embeddable":true,"href":"https:\/\/www.notibras.com\/site\/wp-json\/wp\/v2\/media\/36853"}],"wp:attachment":[{"href":"https:\/\/www.notibras.com\/site\/wp-json\/wp\/v2\/media?parent=36852"}],"wp:term":[{"taxonomy":"category","embeddable":true,"href":"https:\/\/www.notibras.com\/site\/wp-json\/wp\/v2\/categories?post=36852"},{"taxonomy":"post_tag","embeddable":true,"href":"https:\/\/www.notibras.com\/site\/wp-json\/wp\/v2\/tags?post=36852"}],"curies":[{"name":"wp","href":"https:\/\/api.w.org\/{rel}","templated":true}]}}