{"id":368540,"date":"2025-10-27T01:46:59","date_gmt":"2025-10-27T04:46:59","guid":{"rendered":"https:\/\/www.notibras.com\/site\/?p=368540"},"modified":"2025-10-27T01:49:05","modified_gmt":"2025-10-27T04:49:05","slug":"o-destino-mistico-lido-na-palma-de-nossa-mao","status":"publish","type":"post","link":"https:\/\/www.notibras.com\/site\/o-destino-mistico-lido-na-palma-de-nossa-mao\/","title":{"rendered":"O destino m\u00edstico lido na palma de nossa m\u00e3o"},"content":{"rendered":"<p><!--StartFragment --><\/p>\n<p><span class=\"cf0\">H\u00e1 quem diga que o destino est\u00e1 escrito nas estrelas; outros acreditam que ele repousa, silencioso, na palma da nossa m\u00e3o. Quando uma cigana se aproxima e pede para l\u00ea-la, o ar parece mudar de densidade. Entre os panos coloridos, o cheiro de incenso e o tilintar de pulseiras, ela decifra os caminhos invis\u00edveis que o tempo deixou gravados na pele <\/span><span class=\"cf1\">\u2014 linhas que se cruzam como rios secretos, contornando montanhas e vales do esp<\/span><span class=\"cf0\">\u00edrito.<\/span><\/p>\n<p><span class=\"cf0\">A linha da vida, segundo os antigos, guarda o f\u00f4lego da nossa jornada. J\u00e1 a linha do destino revela os encontros inevit\u00e1veis, as curvas que n\u00e3o podemos evitar. A cigana, com olhos de quem j\u00e1 viu s\u00e9culos passarem sob as mesmas estrelas, desliza o dedo sobre esses tra\u00e7os e murmura press\u00e1gios. Mas o que ela v\u00ea n\u00e3o \u00e9 um futuro fixo <\/span><span class=\"cf1\">\u2014 <\/span><span class=\"cf0\">\u00e9 apenas a dan\u00e7a das possibilidades, um reflexo do que j\u00e1 pulsa dentro de n\u00f3s.<\/span><\/p>\n<p><span class=\"cf0\">Cada dobra da m\u00e3o \u00e9 um mapa sagrado. Cada cicatriz, um s\u00edmbolo de aprendizado. E o destino, esse mestre invis\u00edvel, n\u00e3o \u00e9 um tirano, mas um companheiro. Ele se molda aos nossos gestos, muda de rumo conforme nossa coragem. Quando acreditamos que algo \u00e9 inevit\u00e1vel, damos poder ao que poderia ser apenas uma sombra de escolha.<\/span><\/p>\n<p><span class=\"cf0\">A leitura da m\u00e3o \u00e9, portanto, um espelho: revela o que trazemos nas profundezas, mais do que o que vir\u00e1. A cigana l\u00ea, mas quem realmente escreve \u00e9 o pr\u00f3prio ser <\/span><span class=\"cf1\">\u2014 com suas decis<\/span><span class=\"cf0\">\u00f5es, seus medos e seus amores.<\/span><\/p>\n<p><span class=\"cf0\">No fim, o destino n\u00e3o est\u00e1 diante de n\u00f3s, mas dentro. E a cigana, com seu olhar misterioso e sorriso de enigma, apenas nos devolve a verdade que teimamos em esquecer: o futuro come\u00e7a agora, no instante em que abrimos a m\u00e3o.<\/span><\/p>\n<p><span class=\"cf0\">Cabe observar, como dizem os mestres do invis\u00edvel, que as m\u00e3os guardam a mem\u00f3ria de outras vidas. Que nelas repousam ecos de promessas antigas, amores interrompidos e caminhos que se repetem at\u00e9 que o esp\u00edrito compreenda sua li\u00e7\u00e3o. A cigana, ao tocar a pele, sente o pulsar de muitas exist\u00eancias <\/span><span class=\"cf1\">\u2014 e <\/span><span class=\"cf0\">\u00e9 nesse instante que o v\u00e9u entre o vis\u00edvel e o eterno se desfaz.<\/span><\/p>\n<p><span class=\"cf0\">Cada linha \u00e9 um fio de energia que nos conecta ao Todo. Somos fragmentos de uma constela\u00e7\u00e3o maior, viajantes que retornam, vida ap\u00f3s vida, para corrigir rumos, cumprir pactos e reacender a chama da evolu\u00e7\u00e3o. O destino, ent\u00e3o, deixa de ser um fardo e se torna uma melodia <\/span><span class=\"cf1\">\u2014 escrita pelo cosmos, interpretada pela alma.<\/span><\/p>\n<p><span class=\"cf1\">Assim, ao estender a m<\/span><span class=\"cf0\">\u00e3o \u00e0 cigana, estendemos tamb\u00e9m a m\u00e3o ao universo. Pedimos que nos mostre o caminho, mas o caminho, em verdade, sempre esteve ali: tra\u00e7ado em luz, entrela\u00e7ado ao mist\u00e9rio, esperando apenas que o reconhec\u00eassemos.<\/span><\/p>\n<p><span class=\"cf0\">Porque o destino, em sua sabedoria silenciosa, n\u00e3o \u00e9 o que vai acontecer. \u00c9 o que j\u00e1 vibra dentro de n\u00f3s <\/span><span class=\"cf1\">\u2014 aguardando o momento certo para despertar.<\/span><\/p>\n<p>&#8230;&#8230;&#8230;&#8230;&#8230;&#8230;..<\/p>\n<p><strong>Anabelle Santa&#8217;cruz \u00e9 Editora de Or\u00e1culos<\/strong><\/p>\n<p><!--EndFragment --><\/p>\n","protected":false},"excerpt":{"rendered":"<p>H\u00e1 quem diga que o destino est\u00e1 escrito nas estrelas; outros acreditam que ele repousa, silencioso, na palma da nossa m\u00e3o. Quando uma cigana se aproxima e pede para l\u00ea-la, o ar parece mudar de densidade. Entre os panos coloridos, o cheiro de incenso e o tilintar de pulseiras, ela decifra os caminhos invis\u00edveis que [&hellip;]<\/p>\n","protected":false},"author":2,"featured_media":368541,"comment_status":"closed","ping_status":"closed","sticky":false,"template":"","format":"standard","meta":{"_acf_changed":false,"footnotes":""},"categories":[237],"tags":[],"class_list":["post-368540","post","type-post","status-publish","format-standard","has-post-thumbnail","hentry","category-oraculos"],"acf":[],"yoast_head":"<!-- This site is optimized with the Yoast SEO plugin v27.2 - https:\/\/yoast.com\/product\/yoast-seo-wordpress\/ -->\n<title>O destino m\u00edstico lido na palma de nossa m\u00e3o - Notibras<\/title>\n<meta name=\"robots\" content=\"index, follow, max-snippet:-1, max-image-preview:large, max-video-preview:-1\" \/>\n<link rel=\"canonical\" href=\"https:\/\/www.notibras.com\/site\/o-destino-mistico-lido-na-palma-de-nossa-mao\/\" \/>\n<meta property=\"og:locale\" content=\"pt_BR\" \/>\n<meta property=\"og:type\" content=\"article\" \/>\n<meta property=\"og:title\" content=\"O destino m\u00edstico lido na palma de nossa m\u00e3o - Notibras\" \/>\n<meta property=\"og:description\" content=\"H\u00e1 quem diga que o destino est\u00e1 escrito nas estrelas; outros acreditam que ele repousa, silencioso, na palma da nossa m\u00e3o. Quando uma cigana se aproxima e pede para l\u00ea-la, o ar parece mudar de densidade. Entre os panos coloridos, o cheiro de incenso e o tilintar de pulseiras, ela decifra os caminhos invis\u00edveis que [&hellip;]\" \/>\n<meta property=\"og:url\" content=\"https:\/\/www.notibras.com\/site\/o-destino-mistico-lido-na-palma-de-nossa-mao\/\" \/>\n<meta property=\"og:site_name\" content=\"Notibras\" \/>\n<meta property=\"article:publisher\" content=\"https:\/\/www.facebook.com\/notibras\/\" \/>\n<meta property=\"article:published_time\" content=\"2025-10-27T04:46:59+00:00\" \/>\n<meta property=\"article:modified_time\" content=\"2025-10-27T04:49:05+00:00\" \/>\n<meta property=\"og:image\" content=\"https:\/\/www.notibras.com\/site\/wp-content\/uploads\/2025\/10\/f8e38213-b68f-4be0-9d85-3b51626d2b33-683x1024.png\" \/>\n\t<meta property=\"og:image:width\" content=\"683\" \/>\n\t<meta property=\"og:image:height\" content=\"1024\" \/>\n\t<meta property=\"og:image:type\" content=\"image\/png\" \/>\n<meta name=\"author\" content=\"Reda\u00e7\u00e3o\" \/>\n<meta name=\"twitter:card\" content=\"summary_large_image\" \/>\n<meta name=\"twitter:creator\" content=\"@Notibras\" \/>\n<meta name=\"twitter:site\" content=\"@Notibras\" \/>\n<meta name=\"twitter:label1\" content=\"Escrito por\" \/>\n\t<meta name=\"twitter:data1\" content=\"Reda\u00e7\u00e3o\" \/>\n\t<meta name=\"twitter:label2\" content=\"Est. tempo de leitura\" \/>\n\t<meta name=\"twitter:data2\" content=\"3 minutos\" \/>\n<script type=\"application\/ld+json\" class=\"yoast-schema-graph\">{\"@context\":\"https:\/\/schema.org\",\"@graph\":[{\"@type\":\"Article\",\"@id\":\"https:\/\/www.notibras.com\/site\/o-destino-mistico-lido-na-palma-de-nossa-mao\/#article\",\"isPartOf\":{\"@id\":\"https:\/\/www.notibras.com\/site\/o-destino-mistico-lido-na-palma-de-nossa-mao\/\"},\"author\":{\"name\":\"Reda\u00e7\u00e3o\",\"@id\":\"https:\/\/www.notibras.com\/site\/#\/schema\/person\/36ab0979449956132d3e5b517ea76ac8\"},\"headline\":\"O destino m\u00edstico lido na palma de nossa m\u00e3o\",\"datePublished\":\"2025-10-27T04:46:59+00:00\",\"dateModified\":\"2025-10-27T04:49:05+00:00\",\"mainEntityOfPage\":{\"@id\":\"https:\/\/www.notibras.com\/site\/o-destino-mistico-lido-na-palma-de-nossa-mao\/\"},\"wordCount\":522,\"publisher\":{\"@id\":\"https:\/\/www.notibras.com\/site\/#organization\"},\"image\":{\"@id\":\"https:\/\/www.notibras.com\/site\/o-destino-mistico-lido-na-palma-de-nossa-mao\/#primaryimage\"},\"thumbnailUrl\":\"https:\/\/www.notibras.com\/site\/wp-content\/uploads\/2025\/10\/f8e38213-b68f-4be0-9d85-3b51626d2b33.png\",\"articleSection\":[\"Or\u00e1culos\"],\"inLanguage\":\"pt-BR\"},{\"@type\":\"WebPage\",\"@id\":\"https:\/\/www.notibras.com\/site\/o-destino-mistico-lido-na-palma-de-nossa-mao\/\",\"url\":\"https:\/\/www.notibras.com\/site\/o-destino-mistico-lido-na-palma-de-nossa-mao\/\",\"name\":\"O destino m\u00edstico lido na palma de nossa m\u00e3o - Notibras\",\"isPartOf\":{\"@id\":\"https:\/\/www.notibras.com\/site\/#website\"},\"primaryImageOfPage\":{\"@id\":\"https:\/\/www.notibras.com\/site\/o-destino-mistico-lido-na-palma-de-nossa-mao\/#primaryimage\"},\"image\":{\"@id\":\"https:\/\/www.notibras.com\/site\/o-destino-mistico-lido-na-palma-de-nossa-mao\/#primaryimage\"},\"thumbnailUrl\":\"https:\/\/www.notibras.com\/site\/wp-content\/uploads\/2025\/10\/f8e38213-b68f-4be0-9d85-3b51626d2b33.png\",\"datePublished\":\"2025-10-27T04:46:59+00:00\",\"dateModified\":\"2025-10-27T04:49:05+00:00\",\"breadcrumb\":{\"@id\":\"https:\/\/www.notibras.com\/site\/o-destino-mistico-lido-na-palma-de-nossa-mao\/#breadcrumb\"},\"inLanguage\":\"pt-BR\",\"potentialAction\":[{\"@type\":\"ReadAction\",\"target\":[\"https:\/\/www.notibras.com\/site\/o-destino-mistico-lido-na-palma-de-nossa-mao\/\"]}]},{\"@type\":\"ImageObject\",\"inLanguage\":\"pt-BR\",\"@id\":\"https:\/\/www.notibras.com\/site\/o-destino-mistico-lido-na-palma-de-nossa-mao\/#primaryimage\",\"url\":\"https:\/\/www.notibras.com\/site\/wp-content\/uploads\/2025\/10\/f8e38213-b68f-4be0-9d85-3b51626d2b33.png\",\"contentUrl\":\"https:\/\/www.notibras.com\/site\/wp-content\/uploads\/2025\/10\/f8e38213-b68f-4be0-9d85-3b51626d2b33.png\",\"width\":1024,\"height\":1536},{\"@type\":\"BreadcrumbList\",\"@id\":\"https:\/\/www.notibras.com\/site\/o-destino-mistico-lido-na-palma-de-nossa-mao\/#breadcrumb\",\"itemListElement\":[{\"@type\":\"ListItem\",\"position\":1,\"name\":\"In\u00edcio\",\"item\":\"https:\/\/www.notibras.com\/site\/\"},{\"@type\":\"ListItem\",\"position\":2,\"name\":\"O destino m\u00edstico lido na palma de nossa m\u00e3o\"}]},{\"@type\":\"WebSite\",\"@id\":\"https:\/\/www.notibras.com\/site\/#website\",\"url\":\"https:\/\/www.notibras.com\/site\/\",\"name\":\"Notibras\",\"description\":\"Not\u00edcias de Bras\u00edlia, do Brasil e do Mundo\",\"publisher\":{\"@id\":\"https:\/\/www.notibras.com\/site\/#organization\"},\"potentialAction\":[{\"@type\":\"SearchAction\",\"target\":{\"@type\":\"EntryPoint\",\"urlTemplate\":\"https:\/\/www.notibras.com\/site\/?s={search_term_string}\"},\"query-input\":{\"@type\":\"PropertyValueSpecification\",\"valueRequired\":true,\"valueName\":\"search_term_string\"}}],\"inLanguage\":\"pt-BR\"},{\"@type\":\"Organization\",\"@id\":\"https:\/\/www.notibras.com\/site\/#organization\",\"name\":\"Grupo Notibras de Comunica\u00e7\u00e3o\",\"url\":\"https:\/\/www.notibras.com\/site\/\",\"logo\":{\"@type\":\"ImageObject\",\"inLanguage\":\"pt-BR\",\"@id\":\"https:\/\/www.notibras.com\/site\/#\/schema\/logo\/image\/\",\"url\":\"https:\/\/www.notibras.com\/site\/wp-content\/uploads\/2023\/01\/notibras23.png\",\"contentUrl\":\"https:\/\/www.notibras.com\/site\/wp-content\/uploads\/2023\/01\/notibras23.png\",\"width\":350,\"height\":87,\"caption\":\"Grupo Notibras de Comunica\u00e7\u00e3o\"},\"image\":{\"@id\":\"https:\/\/www.notibras.com\/site\/#\/schema\/logo\/image\/\"},\"sameAs\":[\"https:\/\/www.facebook.com\/notibras\/\",\"https:\/\/x.com\/Notibras\",\"https:\/\/www.instagram.com\/notibras\/\"]},{\"@type\":\"Person\",\"@id\":\"https:\/\/www.notibras.com\/site\/#\/schema\/person\/36ab0979449956132d3e5b517ea76ac8\",\"name\":\"Reda\u00e7\u00e3o\",\"image\":{\"@type\":\"ImageObject\",\"inLanguage\":\"pt-BR\",\"@id\":\"https:\/\/secure.gravatar.com\/avatar\/e0a867bdedb85fd243eadf09663511f96fc81e0720a4a42581f334ad4303aa6b?s=96&d=mm&r=g\",\"url\":\"https:\/\/secure.gravatar.com\/avatar\/e0a867bdedb85fd243eadf09663511f96fc81e0720a4a42581f334ad4303aa6b?s=96&d=mm&r=g\",\"contentUrl\":\"https:\/\/secure.gravatar.com\/avatar\/e0a867bdedb85fd243eadf09663511f96fc81e0720a4a42581f334ad4303aa6b?s=96&d=mm&r=g\",\"caption\":\"Reda\u00e7\u00e3o\"}}]}<\/script>\n<!-- \/ Yoast SEO plugin. -->","yoast_head_json":{"title":"O destino m\u00edstico lido na palma de nossa m\u00e3o - Notibras","robots":{"index":"index","follow":"follow","max-snippet":"max-snippet:-1","max-image-preview":"max-image-preview:large","max-video-preview":"max-video-preview:-1"},"canonical":"https:\/\/www.notibras.com\/site\/o-destino-mistico-lido-na-palma-de-nossa-mao\/","og_locale":"pt_BR","og_type":"article","og_title":"O destino m\u00edstico lido na palma de nossa m\u00e3o - Notibras","og_description":"H\u00e1 quem diga que o destino est\u00e1 escrito nas estrelas; outros acreditam que ele repousa, silencioso, na palma da nossa m\u00e3o. Quando uma cigana se aproxima e pede para l\u00ea-la, o ar parece mudar de densidade. Entre os panos coloridos, o cheiro de incenso e o tilintar de pulseiras, ela decifra os caminhos invis\u00edveis que [&hellip;]","og_url":"https:\/\/www.notibras.com\/site\/o-destino-mistico-lido-na-palma-de-nossa-mao\/","og_site_name":"Notibras","article_publisher":"https:\/\/www.facebook.com\/notibras\/","article_published_time":"2025-10-27T04:46:59+00:00","article_modified_time":"2025-10-27T04:49:05+00:00","og_image":[{"width":683,"height":1024,"url":"https:\/\/www.notibras.com\/site\/wp-content\/uploads\/2025\/10\/f8e38213-b68f-4be0-9d85-3b51626d2b33-683x1024.png","type":"image\/png"}],"author":"Reda\u00e7\u00e3o","twitter_card":"summary_large_image","twitter_creator":"@Notibras","twitter_site":"@Notibras","twitter_misc":{"Escrito por":"Reda\u00e7\u00e3o","Est. tempo de leitura":"3 minutos"},"schema":{"@context":"https:\/\/schema.org","@graph":[{"@type":"Article","@id":"https:\/\/www.notibras.com\/site\/o-destino-mistico-lido-na-palma-de-nossa-mao\/#article","isPartOf":{"@id":"https:\/\/www.notibras.com\/site\/o-destino-mistico-lido-na-palma-de-nossa-mao\/"},"author":{"name":"Reda\u00e7\u00e3o","@id":"https:\/\/www.notibras.com\/site\/#\/schema\/person\/36ab0979449956132d3e5b517ea76ac8"},"headline":"O destino m\u00edstico lido na palma de nossa m\u00e3o","datePublished":"2025-10-27T04:46:59+00:00","dateModified":"2025-10-27T04:49:05+00:00","mainEntityOfPage":{"@id":"https:\/\/www.notibras.com\/site\/o-destino-mistico-lido-na-palma-de-nossa-mao\/"},"wordCount":522,"publisher":{"@id":"https:\/\/www.notibras.com\/site\/#organization"},"image":{"@id":"https:\/\/www.notibras.com\/site\/o-destino-mistico-lido-na-palma-de-nossa-mao\/#primaryimage"},"thumbnailUrl":"https:\/\/www.notibras.com\/site\/wp-content\/uploads\/2025\/10\/f8e38213-b68f-4be0-9d85-3b51626d2b33.png","articleSection":["Or\u00e1culos"],"inLanguage":"pt-BR"},{"@type":"WebPage","@id":"https:\/\/www.notibras.com\/site\/o-destino-mistico-lido-na-palma-de-nossa-mao\/","url":"https:\/\/www.notibras.com\/site\/o-destino-mistico-lido-na-palma-de-nossa-mao\/","name":"O destino m\u00edstico lido na palma de nossa m\u00e3o - Notibras","isPartOf":{"@id":"https:\/\/www.notibras.com\/site\/#website"},"primaryImageOfPage":{"@id":"https:\/\/www.notibras.com\/site\/o-destino-mistico-lido-na-palma-de-nossa-mao\/#primaryimage"},"image":{"@id":"https:\/\/www.notibras.com\/site\/o-destino-mistico-lido-na-palma-de-nossa-mao\/#primaryimage"},"thumbnailUrl":"https:\/\/www.notibras.com\/site\/wp-content\/uploads\/2025\/10\/f8e38213-b68f-4be0-9d85-3b51626d2b33.png","datePublished":"2025-10-27T04:46:59+00:00","dateModified":"2025-10-27T04:49:05+00:00","breadcrumb":{"@id":"https:\/\/www.notibras.com\/site\/o-destino-mistico-lido-na-palma-de-nossa-mao\/#breadcrumb"},"inLanguage":"pt-BR","potentialAction":[{"@type":"ReadAction","target":["https:\/\/www.notibras.com\/site\/o-destino-mistico-lido-na-palma-de-nossa-mao\/"]}]},{"@type":"ImageObject","inLanguage":"pt-BR","@id":"https:\/\/www.notibras.com\/site\/o-destino-mistico-lido-na-palma-de-nossa-mao\/#primaryimage","url":"https:\/\/www.notibras.com\/site\/wp-content\/uploads\/2025\/10\/f8e38213-b68f-4be0-9d85-3b51626d2b33.png","contentUrl":"https:\/\/www.notibras.com\/site\/wp-content\/uploads\/2025\/10\/f8e38213-b68f-4be0-9d85-3b51626d2b33.png","width":1024,"height":1536},{"@type":"BreadcrumbList","@id":"https:\/\/www.notibras.com\/site\/o-destino-mistico-lido-na-palma-de-nossa-mao\/#breadcrumb","itemListElement":[{"@type":"ListItem","position":1,"name":"In\u00edcio","item":"https:\/\/www.notibras.com\/site\/"},{"@type":"ListItem","position":2,"name":"O destino m\u00edstico lido na palma de nossa m\u00e3o"}]},{"@type":"WebSite","@id":"https:\/\/www.notibras.com\/site\/#website","url":"https:\/\/www.notibras.com\/site\/","name":"Notibras","description":"Not\u00edcias de Bras\u00edlia, do Brasil e do Mundo","publisher":{"@id":"https:\/\/www.notibras.com\/site\/#organization"},"potentialAction":[{"@type":"SearchAction","target":{"@type":"EntryPoint","urlTemplate":"https:\/\/www.notibras.com\/site\/?s={search_term_string}"},"query-input":{"@type":"PropertyValueSpecification","valueRequired":true,"valueName":"search_term_string"}}],"inLanguage":"pt-BR"},{"@type":"Organization","@id":"https:\/\/www.notibras.com\/site\/#organization","name":"Grupo Notibras de Comunica\u00e7\u00e3o","url":"https:\/\/www.notibras.com\/site\/","logo":{"@type":"ImageObject","inLanguage":"pt-BR","@id":"https:\/\/www.notibras.com\/site\/#\/schema\/logo\/image\/","url":"https:\/\/www.notibras.com\/site\/wp-content\/uploads\/2023\/01\/notibras23.png","contentUrl":"https:\/\/www.notibras.com\/site\/wp-content\/uploads\/2023\/01\/notibras23.png","width":350,"height":87,"caption":"Grupo Notibras de Comunica\u00e7\u00e3o"},"image":{"@id":"https:\/\/www.notibras.com\/site\/#\/schema\/logo\/image\/"},"sameAs":["https:\/\/www.facebook.com\/notibras\/","https:\/\/x.com\/Notibras","https:\/\/www.instagram.com\/notibras\/"]},{"@type":"Person","@id":"https:\/\/www.notibras.com\/site\/#\/schema\/person\/36ab0979449956132d3e5b517ea76ac8","name":"Reda\u00e7\u00e3o","image":{"@type":"ImageObject","inLanguage":"pt-BR","@id":"https:\/\/secure.gravatar.com\/avatar\/e0a867bdedb85fd243eadf09663511f96fc81e0720a4a42581f334ad4303aa6b?s=96&d=mm&r=g","url":"https:\/\/secure.gravatar.com\/avatar\/e0a867bdedb85fd243eadf09663511f96fc81e0720a4a42581f334ad4303aa6b?s=96&d=mm&r=g","contentUrl":"https:\/\/secure.gravatar.com\/avatar\/e0a867bdedb85fd243eadf09663511f96fc81e0720a4a42581f334ad4303aa6b?s=96&d=mm&r=g","caption":"Reda\u00e7\u00e3o"}}]}},"amp_enabled":true,"_links":{"self":[{"href":"https:\/\/www.notibras.com\/site\/wp-json\/wp\/v2\/posts\/368540","targetHints":{"allow":["GET"]}}],"collection":[{"href":"https:\/\/www.notibras.com\/site\/wp-json\/wp\/v2\/posts"}],"about":[{"href":"https:\/\/www.notibras.com\/site\/wp-json\/wp\/v2\/types\/post"}],"author":[{"embeddable":true,"href":"https:\/\/www.notibras.com\/site\/wp-json\/wp\/v2\/users\/2"}],"replies":[{"embeddable":true,"href":"https:\/\/www.notibras.com\/site\/wp-json\/wp\/v2\/comments?post=368540"}],"version-history":[{"count":4,"href":"https:\/\/www.notibras.com\/site\/wp-json\/wp\/v2\/posts\/368540\/revisions"}],"predecessor-version":[{"id":368545,"href":"https:\/\/www.notibras.com\/site\/wp-json\/wp\/v2\/posts\/368540\/revisions\/368545"}],"wp:featuredmedia":[{"embeddable":true,"href":"https:\/\/www.notibras.com\/site\/wp-json\/wp\/v2\/media\/368541"}],"wp:attachment":[{"href":"https:\/\/www.notibras.com\/site\/wp-json\/wp\/v2\/media?parent=368540"}],"wp:term":[{"taxonomy":"category","embeddable":true,"href":"https:\/\/www.notibras.com\/site\/wp-json\/wp\/v2\/categories?post=368540"},{"taxonomy":"post_tag","embeddable":true,"href":"https:\/\/www.notibras.com\/site\/wp-json\/wp\/v2\/tags?post=368540"}],"curies":[{"name":"wp","href":"https:\/\/api.w.org\/{rel}","templated":true}]}}