{"id":368562,"date":"2025-10-27T01:20:13","date_gmt":"2025-10-27T04:20:13","guid":{"rendered":"https:\/\/www.notibras.com\/site\/?p=368562"},"modified":"2025-10-27T04:23:24","modified_gmt":"2025-10-27T07:23:24","slug":"halloween-e-a-vida-entre-o-veu-e-as-sombras","status":"publish","type":"post","link":"https:\/\/www.notibras.com\/site\/halloween-e-a-vida-entre-o-veu-e-as-sombras\/","title":{"rendered":"Halloween \u00e9 a vida entre o V\u00e9u e as Sombras"},"content":{"rendered":"<p><!--StartFragment --><\/p>\n<p><span class=\"cf0\">H\u00e1 uma noite, em todo o calend\u00e1rio &#8211; o 31 de outubro -, em que o tempo parece suspenso <\/span><span class=\"cf1\">\u2014 quando a brisa outonal sopra lembran<\/span><span class=\"cf0\">\u00e7as antigas e os portais entre o vis\u00edvel e o invis\u00edvel se abrem, sutilmente, como cortinas de n\u00e9voa. \u00c9 o Halloween, celebra\u00e7\u00e3o de m\u00e1scaras, sustos e doces, que carrega em si o eco distante de rituais ancestrais e o fasc\u00ednio humano pelo mist\u00e9rio da morte.<\/span><\/p>\n<p><span class=\"cf0\">A origem dessa festa remonta ao <\/span><span class=\"cf0\">Samhain<\/span><span class=\"cf0\">, o festival celta que marcava o fim da colheita e o in\u00edcio do inverno. Naquela \u00e9poca, acreditava-se que os esp\u00edritos dos mortos retornavam para visitar os vivos. Fogos eram acesos nos campos frios, oferendas deixadas nas portas, e os druidas <\/span><span class=\"cf1\">\u2014 sacerdotes das antigas tribos \u2014 consultavam as chamas para prever o futuro. O <\/span><span class=\"cf1\">Samhain<\/span><span class=\"cf1\"> n<\/span><span class=\"cf0\">\u00e3o era apenas um tributo \u00e0 morte, mas um gesto de rever\u00eancia ao ciclo natural das coisas: o fim que prenuncia o recome\u00e7o.<\/span><\/p>\n<p><span class=\"cf0\">Com o avan\u00e7o do cristianismo, o paganismo foi sendo moldado e absorvido. O <\/span><span class=\"cf0\">Samhain<\/span><span class=\"cf0\"> tornou-se o <\/span><span class=\"cf0\">All<\/span> <span class=\"cf0\">Hallows<\/span><span class=\"cf0\">\u2019 Eve, a v\u00e9spera do Dia de Todos os Santos, institu\u00eddo pela Igreja para celebrar os m\u00e1rtires e afastar as supersti\u00e7\u00f5es. Mas o imagin\u00e1rio popular resistiu <\/span><span class=\"cf1\">\u2014 as ab<\/span><span class=\"cf0\">\u00f3boras, os fantasmas, as bruxas e os duendes permaneceram, disfar\u00e7ados sob o manto da nova f\u00e9.<\/span><\/p>\n<p><span class=\"cf0\">S\u00e9culos depois, o Halloween cruzou o Atl\u00e2ntico com os imigrantes irlandeses e encontrou, na Am\u00e9rica, solo f\u00e9rtil para florescer. L\u00e1, tornou-se espet\u00e1culo e divers\u00e3o: desfiles iluminados, crian\u00e7as mascaradas batendo \u00e0s portas em busca de doces e adultos transformando o medo em fantasia. Hollywood cuidou do resto <\/span><span class=\"cf1\">\u2014 multiplicou os monstros, eternizou as casas assombradas e fez do 31 de outubro um ritual global de sustos e sorrisos.<\/span><\/p>\n<p><span class=\"cf1\">Hoje, o Halloween ultrapassa fronteiras e reinventa-se em cada canto do mundo. No Brasil, ganha tons tropicais e festas tem<\/span><span class=\"cf0\">\u00e1ticas, mistura o sombrio com o carnavalesco, o sagrado com o profano. Meninos e meninas vestem-se de vampiros e fadas, enquanto bares e escolas se enchem de teias de pl\u00e1stico e luzes roxas. \u00c9 uma noite em que o medo se torna l\u00fadico, e a fantasia, um passaporte para o imposs\u00edvel.<\/span><\/p>\n<p><span class=\"cf0\">Mas por tr\u00e1s das m\u00e1scaras e das ab\u00f3boras luminosas, persiste o mesmo encanto ancestral: o desejo humano de compreender o desconhecido. O Halloween, afinal, n\u00e3o \u00e9 apenas sobre monstros e doces <\/span><span class=\"cf1\">\u2014 <\/span><span class=\"cf0\">\u00e9 sobre o mist\u00e9rio da passagem entre mundos, sobre a t\u00eanue fronteira entre o que somos e o que tememos ser.<\/span><\/p>\n<p><span class=\"cf0\">Quando as velas se apagam e o sil\u00eancio retorna, resta a sensa\u00e7\u00e3o de que, por um instante, o tempo antigo nos visitou <\/span><span class=\"cf1\">\u2014 e, sorrindo nas sombras, voltou para o outro lado do v<\/span><span class=\"cf0\">\u00e9u.<\/span><\/p>\n<p><!--EndFragment --><\/p>\n","protected":false},"excerpt":{"rendered":"<p>H\u00e1 uma noite, em todo o calend\u00e1rio &#8211; o 31 de outubro -, em que o tempo parece suspenso \u2014 quando a brisa outonal sopra lembran\u00e7as antigas e os portais entre o vis\u00edvel e o invis\u00edvel se abrem, sutilmente, como cortinas de n\u00e9voa. \u00c9 o Halloween, celebra\u00e7\u00e3o de m\u00e1scaras, sustos e doces, que carrega em [&hellip;]<\/p>\n","protected":false},"author":2,"featured_media":368563,"comment_status":"closed","ping_status":"closed","sticky":false,"template":"","format":"standard","meta":{"_acf_changed":false,"footnotes":""},"categories":[237],"tags":[],"class_list":["post-368562","post","type-post","status-publish","format-standard","has-post-thumbnail","hentry","category-oraculos"],"acf":[],"yoast_head":"<!-- This site is optimized with the Yoast SEO plugin v27.2 - https:\/\/yoast.com\/product\/yoast-seo-wordpress\/ -->\n<title>Halloween \u00e9 a vida entre o V\u00e9u e as Sombras - Notibras<\/title>\n<meta name=\"robots\" content=\"index, follow, max-snippet:-1, max-image-preview:large, max-video-preview:-1\" \/>\n<link rel=\"canonical\" href=\"https:\/\/www.notibras.com\/site\/halloween-e-a-vida-entre-o-veu-e-as-sombras\/\" \/>\n<meta property=\"og:locale\" content=\"pt_BR\" \/>\n<meta property=\"og:type\" content=\"article\" \/>\n<meta property=\"og:title\" content=\"Halloween \u00e9 a vida entre o V\u00e9u e as Sombras - Notibras\" \/>\n<meta property=\"og:description\" content=\"H\u00e1 uma noite, em todo o calend\u00e1rio &#8211; o 31 de outubro -, em que o tempo parece suspenso \u2014 quando a brisa outonal sopra lembran\u00e7as antigas e os portais entre o vis\u00edvel e o invis\u00edvel se abrem, sutilmente, como cortinas de n\u00e9voa. \u00c9 o Halloween, celebra\u00e7\u00e3o de m\u00e1scaras, sustos e doces, que carrega em [&hellip;]\" \/>\n<meta property=\"og:url\" content=\"https:\/\/www.notibras.com\/site\/halloween-e-a-vida-entre-o-veu-e-as-sombras\/\" \/>\n<meta property=\"og:site_name\" content=\"Notibras\" \/>\n<meta property=\"article:publisher\" content=\"https:\/\/www.facebook.com\/notibras\/\" \/>\n<meta property=\"article:published_time\" content=\"2025-10-27T04:20:13+00:00\" \/>\n<meta property=\"article:modified_time\" content=\"2025-10-27T07:23:24+00:00\" \/>\n<meta property=\"og:image\" content=\"https:\/\/www.notibras.com\/site\/wp-content\/uploads\/2025\/10\/221acd49-7d8d-4b36-8bfa-7fb036d8816c-683x1024.png\" \/>\n\t<meta property=\"og:image:width\" content=\"683\" \/>\n\t<meta property=\"og:image:height\" content=\"1024\" \/>\n\t<meta property=\"og:image:type\" content=\"image\/png\" \/>\n<meta name=\"author\" content=\"Reda\u00e7\u00e3o\" \/>\n<meta name=\"twitter:card\" content=\"summary_large_image\" \/>\n<meta name=\"twitter:creator\" content=\"@Notibras\" \/>\n<meta name=\"twitter:site\" content=\"@Notibras\" \/>\n<meta name=\"twitter:label1\" content=\"Escrito por\" \/>\n\t<meta name=\"twitter:data1\" content=\"Reda\u00e7\u00e3o\" \/>\n\t<meta name=\"twitter:label2\" content=\"Est. tempo de leitura\" \/>\n\t<meta name=\"twitter:data2\" content=\"3 minutos\" \/>\n<script type=\"application\/ld+json\" class=\"yoast-schema-graph\">{\"@context\":\"https:\/\/schema.org\",\"@graph\":[{\"@type\":\"Article\",\"@id\":\"https:\/\/www.notibras.com\/site\/halloween-e-a-vida-entre-o-veu-e-as-sombras\/#article\",\"isPartOf\":{\"@id\":\"https:\/\/www.notibras.com\/site\/halloween-e-a-vida-entre-o-veu-e-as-sombras\/\"},\"author\":{\"name\":\"Reda\u00e7\u00e3o\",\"@id\":\"https:\/\/www.notibras.com\/site\/#\/schema\/person\/36ab0979449956132d3e5b517ea76ac8\"},\"headline\":\"Halloween \u00e9 a vida entre o V\u00e9u e as Sombras\",\"datePublished\":\"2025-10-27T04:20:13+00:00\",\"dateModified\":\"2025-10-27T07:23:24+00:00\",\"mainEntityOfPage\":{\"@id\":\"https:\/\/www.notibras.com\/site\/halloween-e-a-vida-entre-o-veu-e-as-sombras\/\"},\"wordCount\":478,\"publisher\":{\"@id\":\"https:\/\/www.notibras.com\/site\/#organization\"},\"image\":{\"@id\":\"https:\/\/www.notibras.com\/site\/halloween-e-a-vida-entre-o-veu-e-as-sombras\/#primaryimage\"},\"thumbnailUrl\":\"https:\/\/www.notibras.com\/site\/wp-content\/uploads\/2025\/10\/221acd49-7d8d-4b36-8bfa-7fb036d8816c.png\",\"articleSection\":[\"Or\u00e1culos\"],\"inLanguage\":\"pt-BR\"},{\"@type\":\"WebPage\",\"@id\":\"https:\/\/www.notibras.com\/site\/halloween-e-a-vida-entre-o-veu-e-as-sombras\/\",\"url\":\"https:\/\/www.notibras.com\/site\/halloween-e-a-vida-entre-o-veu-e-as-sombras\/\",\"name\":\"Halloween \u00e9 a vida entre o V\u00e9u e as Sombras - Notibras\",\"isPartOf\":{\"@id\":\"https:\/\/www.notibras.com\/site\/#website\"},\"primaryImageOfPage\":{\"@id\":\"https:\/\/www.notibras.com\/site\/halloween-e-a-vida-entre-o-veu-e-as-sombras\/#primaryimage\"},\"image\":{\"@id\":\"https:\/\/www.notibras.com\/site\/halloween-e-a-vida-entre-o-veu-e-as-sombras\/#primaryimage\"},\"thumbnailUrl\":\"https:\/\/www.notibras.com\/site\/wp-content\/uploads\/2025\/10\/221acd49-7d8d-4b36-8bfa-7fb036d8816c.png\",\"datePublished\":\"2025-10-27T04:20:13+00:00\",\"dateModified\":\"2025-10-27T07:23:24+00:00\",\"breadcrumb\":{\"@id\":\"https:\/\/www.notibras.com\/site\/halloween-e-a-vida-entre-o-veu-e-as-sombras\/#breadcrumb\"},\"inLanguage\":\"pt-BR\",\"potentialAction\":[{\"@type\":\"ReadAction\",\"target\":[\"https:\/\/www.notibras.com\/site\/halloween-e-a-vida-entre-o-veu-e-as-sombras\/\"]}]},{\"@type\":\"ImageObject\",\"inLanguage\":\"pt-BR\",\"@id\":\"https:\/\/www.notibras.com\/site\/halloween-e-a-vida-entre-o-veu-e-as-sombras\/#primaryimage\",\"url\":\"https:\/\/www.notibras.com\/site\/wp-content\/uploads\/2025\/10\/221acd49-7d8d-4b36-8bfa-7fb036d8816c.png\",\"contentUrl\":\"https:\/\/www.notibras.com\/site\/wp-content\/uploads\/2025\/10\/221acd49-7d8d-4b36-8bfa-7fb036d8816c.png\",\"width\":1024,\"height\":1536},{\"@type\":\"BreadcrumbList\",\"@id\":\"https:\/\/www.notibras.com\/site\/halloween-e-a-vida-entre-o-veu-e-as-sombras\/#breadcrumb\",\"itemListElement\":[{\"@type\":\"ListItem\",\"position\":1,\"name\":\"In\u00edcio\",\"item\":\"https:\/\/www.notibras.com\/site\/\"},{\"@type\":\"ListItem\",\"position\":2,\"name\":\"Halloween \u00e9 a vida entre o V\u00e9u e as Sombras\"}]},{\"@type\":\"WebSite\",\"@id\":\"https:\/\/www.notibras.com\/site\/#website\",\"url\":\"https:\/\/www.notibras.com\/site\/\",\"name\":\"Notibras\",\"description\":\"Not\u00edcias de Bras\u00edlia, do Brasil e do Mundo\",\"publisher\":{\"@id\":\"https:\/\/www.notibras.com\/site\/#organization\"},\"potentialAction\":[{\"@type\":\"SearchAction\",\"target\":{\"@type\":\"EntryPoint\",\"urlTemplate\":\"https:\/\/www.notibras.com\/site\/?s={search_term_string}\"},\"query-input\":{\"@type\":\"PropertyValueSpecification\",\"valueRequired\":true,\"valueName\":\"search_term_string\"}}],\"inLanguage\":\"pt-BR\"},{\"@type\":\"Organization\",\"@id\":\"https:\/\/www.notibras.com\/site\/#organization\",\"name\":\"Grupo Notibras de Comunica\u00e7\u00e3o\",\"url\":\"https:\/\/www.notibras.com\/site\/\",\"logo\":{\"@type\":\"ImageObject\",\"inLanguage\":\"pt-BR\",\"@id\":\"https:\/\/www.notibras.com\/site\/#\/schema\/logo\/image\/\",\"url\":\"https:\/\/www.notibras.com\/site\/wp-content\/uploads\/2023\/01\/notibras23.png\",\"contentUrl\":\"https:\/\/www.notibras.com\/site\/wp-content\/uploads\/2023\/01\/notibras23.png\",\"width\":350,\"height\":87,\"caption\":\"Grupo Notibras de Comunica\u00e7\u00e3o\"},\"image\":{\"@id\":\"https:\/\/www.notibras.com\/site\/#\/schema\/logo\/image\/\"},\"sameAs\":[\"https:\/\/www.facebook.com\/notibras\/\",\"https:\/\/x.com\/Notibras\",\"https:\/\/www.instagram.com\/notibras\/\"]},{\"@type\":\"Person\",\"@id\":\"https:\/\/www.notibras.com\/site\/#\/schema\/person\/36ab0979449956132d3e5b517ea76ac8\",\"name\":\"Reda\u00e7\u00e3o\",\"image\":{\"@type\":\"ImageObject\",\"inLanguage\":\"pt-BR\",\"@id\":\"https:\/\/secure.gravatar.com\/avatar\/e0a867bdedb85fd243eadf09663511f96fc81e0720a4a42581f334ad4303aa6b?s=96&d=mm&r=g\",\"url\":\"https:\/\/secure.gravatar.com\/avatar\/e0a867bdedb85fd243eadf09663511f96fc81e0720a4a42581f334ad4303aa6b?s=96&d=mm&r=g\",\"contentUrl\":\"https:\/\/secure.gravatar.com\/avatar\/e0a867bdedb85fd243eadf09663511f96fc81e0720a4a42581f334ad4303aa6b?s=96&d=mm&r=g\",\"caption\":\"Reda\u00e7\u00e3o\"}}]}<\/script>\n<!-- \/ Yoast SEO plugin. -->","yoast_head_json":{"title":"Halloween \u00e9 a vida entre o V\u00e9u e as Sombras - Notibras","robots":{"index":"index","follow":"follow","max-snippet":"max-snippet:-1","max-image-preview":"max-image-preview:large","max-video-preview":"max-video-preview:-1"},"canonical":"https:\/\/www.notibras.com\/site\/halloween-e-a-vida-entre-o-veu-e-as-sombras\/","og_locale":"pt_BR","og_type":"article","og_title":"Halloween \u00e9 a vida entre o V\u00e9u e as Sombras - Notibras","og_description":"H\u00e1 uma noite, em todo o calend\u00e1rio &#8211; o 31 de outubro -, em que o tempo parece suspenso \u2014 quando a brisa outonal sopra lembran\u00e7as antigas e os portais entre o vis\u00edvel e o invis\u00edvel se abrem, sutilmente, como cortinas de n\u00e9voa. \u00c9 o Halloween, celebra\u00e7\u00e3o de m\u00e1scaras, sustos e doces, que carrega em [&hellip;]","og_url":"https:\/\/www.notibras.com\/site\/halloween-e-a-vida-entre-o-veu-e-as-sombras\/","og_site_name":"Notibras","article_publisher":"https:\/\/www.facebook.com\/notibras\/","article_published_time":"2025-10-27T04:20:13+00:00","article_modified_time":"2025-10-27T07:23:24+00:00","og_image":[{"width":683,"height":1024,"url":"https:\/\/www.notibras.com\/site\/wp-content\/uploads\/2025\/10\/221acd49-7d8d-4b36-8bfa-7fb036d8816c-683x1024.png","type":"image\/png"}],"author":"Reda\u00e7\u00e3o","twitter_card":"summary_large_image","twitter_creator":"@Notibras","twitter_site":"@Notibras","twitter_misc":{"Escrito por":"Reda\u00e7\u00e3o","Est. tempo de leitura":"3 minutos"},"schema":{"@context":"https:\/\/schema.org","@graph":[{"@type":"Article","@id":"https:\/\/www.notibras.com\/site\/halloween-e-a-vida-entre-o-veu-e-as-sombras\/#article","isPartOf":{"@id":"https:\/\/www.notibras.com\/site\/halloween-e-a-vida-entre-o-veu-e-as-sombras\/"},"author":{"name":"Reda\u00e7\u00e3o","@id":"https:\/\/www.notibras.com\/site\/#\/schema\/person\/36ab0979449956132d3e5b517ea76ac8"},"headline":"Halloween \u00e9 a vida entre o V\u00e9u e as Sombras","datePublished":"2025-10-27T04:20:13+00:00","dateModified":"2025-10-27T07:23:24+00:00","mainEntityOfPage":{"@id":"https:\/\/www.notibras.com\/site\/halloween-e-a-vida-entre-o-veu-e-as-sombras\/"},"wordCount":478,"publisher":{"@id":"https:\/\/www.notibras.com\/site\/#organization"},"image":{"@id":"https:\/\/www.notibras.com\/site\/halloween-e-a-vida-entre-o-veu-e-as-sombras\/#primaryimage"},"thumbnailUrl":"https:\/\/www.notibras.com\/site\/wp-content\/uploads\/2025\/10\/221acd49-7d8d-4b36-8bfa-7fb036d8816c.png","articleSection":["Or\u00e1culos"],"inLanguage":"pt-BR"},{"@type":"WebPage","@id":"https:\/\/www.notibras.com\/site\/halloween-e-a-vida-entre-o-veu-e-as-sombras\/","url":"https:\/\/www.notibras.com\/site\/halloween-e-a-vida-entre-o-veu-e-as-sombras\/","name":"Halloween \u00e9 a vida entre o V\u00e9u e as Sombras - Notibras","isPartOf":{"@id":"https:\/\/www.notibras.com\/site\/#website"},"primaryImageOfPage":{"@id":"https:\/\/www.notibras.com\/site\/halloween-e-a-vida-entre-o-veu-e-as-sombras\/#primaryimage"},"image":{"@id":"https:\/\/www.notibras.com\/site\/halloween-e-a-vida-entre-o-veu-e-as-sombras\/#primaryimage"},"thumbnailUrl":"https:\/\/www.notibras.com\/site\/wp-content\/uploads\/2025\/10\/221acd49-7d8d-4b36-8bfa-7fb036d8816c.png","datePublished":"2025-10-27T04:20:13+00:00","dateModified":"2025-10-27T07:23:24+00:00","breadcrumb":{"@id":"https:\/\/www.notibras.com\/site\/halloween-e-a-vida-entre-o-veu-e-as-sombras\/#breadcrumb"},"inLanguage":"pt-BR","potentialAction":[{"@type":"ReadAction","target":["https:\/\/www.notibras.com\/site\/halloween-e-a-vida-entre-o-veu-e-as-sombras\/"]}]},{"@type":"ImageObject","inLanguage":"pt-BR","@id":"https:\/\/www.notibras.com\/site\/halloween-e-a-vida-entre-o-veu-e-as-sombras\/#primaryimage","url":"https:\/\/www.notibras.com\/site\/wp-content\/uploads\/2025\/10\/221acd49-7d8d-4b36-8bfa-7fb036d8816c.png","contentUrl":"https:\/\/www.notibras.com\/site\/wp-content\/uploads\/2025\/10\/221acd49-7d8d-4b36-8bfa-7fb036d8816c.png","width":1024,"height":1536},{"@type":"BreadcrumbList","@id":"https:\/\/www.notibras.com\/site\/halloween-e-a-vida-entre-o-veu-e-as-sombras\/#breadcrumb","itemListElement":[{"@type":"ListItem","position":1,"name":"In\u00edcio","item":"https:\/\/www.notibras.com\/site\/"},{"@type":"ListItem","position":2,"name":"Halloween \u00e9 a vida entre o V\u00e9u e as Sombras"}]},{"@type":"WebSite","@id":"https:\/\/www.notibras.com\/site\/#website","url":"https:\/\/www.notibras.com\/site\/","name":"Notibras","description":"Not\u00edcias de Bras\u00edlia, do Brasil e do Mundo","publisher":{"@id":"https:\/\/www.notibras.com\/site\/#organization"},"potentialAction":[{"@type":"SearchAction","target":{"@type":"EntryPoint","urlTemplate":"https:\/\/www.notibras.com\/site\/?s={search_term_string}"},"query-input":{"@type":"PropertyValueSpecification","valueRequired":true,"valueName":"search_term_string"}}],"inLanguage":"pt-BR"},{"@type":"Organization","@id":"https:\/\/www.notibras.com\/site\/#organization","name":"Grupo Notibras de Comunica\u00e7\u00e3o","url":"https:\/\/www.notibras.com\/site\/","logo":{"@type":"ImageObject","inLanguage":"pt-BR","@id":"https:\/\/www.notibras.com\/site\/#\/schema\/logo\/image\/","url":"https:\/\/www.notibras.com\/site\/wp-content\/uploads\/2023\/01\/notibras23.png","contentUrl":"https:\/\/www.notibras.com\/site\/wp-content\/uploads\/2023\/01\/notibras23.png","width":350,"height":87,"caption":"Grupo Notibras de Comunica\u00e7\u00e3o"},"image":{"@id":"https:\/\/www.notibras.com\/site\/#\/schema\/logo\/image\/"},"sameAs":["https:\/\/www.facebook.com\/notibras\/","https:\/\/x.com\/Notibras","https:\/\/www.instagram.com\/notibras\/"]},{"@type":"Person","@id":"https:\/\/www.notibras.com\/site\/#\/schema\/person\/36ab0979449956132d3e5b517ea76ac8","name":"Reda\u00e7\u00e3o","image":{"@type":"ImageObject","inLanguage":"pt-BR","@id":"https:\/\/secure.gravatar.com\/avatar\/e0a867bdedb85fd243eadf09663511f96fc81e0720a4a42581f334ad4303aa6b?s=96&d=mm&r=g","url":"https:\/\/secure.gravatar.com\/avatar\/e0a867bdedb85fd243eadf09663511f96fc81e0720a4a42581f334ad4303aa6b?s=96&d=mm&r=g","contentUrl":"https:\/\/secure.gravatar.com\/avatar\/e0a867bdedb85fd243eadf09663511f96fc81e0720a4a42581f334ad4303aa6b?s=96&d=mm&r=g","caption":"Reda\u00e7\u00e3o"}}]}},"amp_enabled":true,"_links":{"self":[{"href":"https:\/\/www.notibras.com\/site\/wp-json\/wp\/v2\/posts\/368562","targetHints":{"allow":["GET"]}}],"collection":[{"href":"https:\/\/www.notibras.com\/site\/wp-json\/wp\/v2\/posts"}],"about":[{"href":"https:\/\/www.notibras.com\/site\/wp-json\/wp\/v2\/types\/post"}],"author":[{"embeddable":true,"href":"https:\/\/www.notibras.com\/site\/wp-json\/wp\/v2\/users\/2"}],"replies":[{"embeddable":true,"href":"https:\/\/www.notibras.com\/site\/wp-json\/wp\/v2\/comments?post=368562"}],"version-history":[{"count":1,"href":"https:\/\/www.notibras.com\/site\/wp-json\/wp\/v2\/posts\/368562\/revisions"}],"predecessor-version":[{"id":368564,"href":"https:\/\/www.notibras.com\/site\/wp-json\/wp\/v2\/posts\/368562\/revisions\/368564"}],"wp:featuredmedia":[{"embeddable":true,"href":"https:\/\/www.notibras.com\/site\/wp-json\/wp\/v2\/media\/368563"}],"wp:attachment":[{"href":"https:\/\/www.notibras.com\/site\/wp-json\/wp\/v2\/media?parent=368562"}],"wp:term":[{"taxonomy":"category","embeddable":true,"href":"https:\/\/www.notibras.com\/site\/wp-json\/wp\/v2\/categories?post=368562"},{"taxonomy":"post_tag","embeddable":true,"href":"https:\/\/www.notibras.com\/site\/wp-json\/wp\/v2\/tags?post=368562"}],"curies":[{"name":"wp","href":"https:\/\/api.w.org\/{rel}","templated":true}]}}