{"id":368573,"date":"2025-10-27T04:37:36","date_gmt":"2025-10-27T07:37:36","guid":{"rendered":"https:\/\/www.notibras.com\/site\/?p=368573"},"modified":"2025-10-27T04:37:36","modified_gmt":"2025-10-27T07:37:36","slug":"bandeiras-ganham-destaque-nas-ruas-de-teresina","status":"publish","type":"post","link":"https:\/\/www.notibras.com\/site\/bandeiras-ganham-destaque-nas-ruas-de-teresina\/","title":{"rendered":"Bandeiras ganham destaque nas ruas de Teresina"},"content":{"rendered":"<p>As ruas de Teresina est\u00e3o mais coloridas e cheias de orgulho nas \u00faltimas semanas. As bandeiras do Piau\u00ed se multiplicaram em varandas, carros, pra\u00e7as e com\u00e9rcios da capital, em um movimento espont\u00e2neo que celebra a identidade e o amor pelo estado.<\/p>\n<p>O aumento na exibi\u00e7\u00e3o dos s\u00edmbolos piauienses coincide com o m\u00eas das comemora\u00e7\u00f5es c\u00edvicas e culturais da regi\u00e3o, marcado por eventos que exaltam a hist\u00f3ria e o desenvolvimento local. Nas avenidas Frei Serafim e Marechal Castelo Branco, \u00e9 poss\u00edvel ver grandes bandeiras tremulando ao vento, despertando o sentimento de pertencimento nos teresinenses.<\/p>\n<p>\u201c\u00c9 bonito ver o povo mostrando orgulho do nosso estado. A bandeira representa nossa for\u00e7a e nossa hist\u00f3ria\u201d, afirmou a estudante Larissa Moura, que decidiu pendurar o s\u00edmbolo piauiense na fachada de sua casa.<\/p>\n<p>De acordo com a Funda\u00e7\u00e3o Cultural Monsenhor Chaves (FMC), o aumento no uso das bandeiras tamb\u00e9m se deve \u00e0s a\u00e7\u00f5es educativas promovidas nas escolas p\u00fablicas da capital. \u201cEstamos incentivando os alunos a conhecerem os s\u00edmbolos do Piau\u00ed \u2014 a bandeira, o hino e o bras\u00e3o \u2014 e a entenderem o que cada elemento representa\u201d, explicou o coordenador cultural Francisco Lima.<\/p>\n<p>A bandeira do Piau\u00ed, criada em 1922 e oficializada em 1946, traz as cores verde e amarela, al\u00e9m da estrela solit\u00e1ria que simboliza o estado no conjunto da federa\u00e7\u00e3o. A inscri\u00e7\u00e3o \u201c13 de Mar\u00e7o de 1823\u201d homenageia a data da Batalha do Jenipapo, um dos marcos da luta pela independ\u00eancia do Brasil.<\/p>\n<p>Al\u00e9m das resid\u00eancias e reparti\u00e7\u00f5es p\u00fablicas, comerciantes tamb\u00e9m aderiram \u00e0 onda de patriotismo estadual. Em v\u00e1rias lojas do centro de Teresina, produtos com as cores da bandeira \u2014 verde, azul, amarelo e branco \u2014 t\u00eam atra\u00eddo clientes e ajudado a aquecer o com\u00e9rcio local.<\/p>\n<p>\u201c\u00c9 uma forma de valorizar o que \u00e9 nosso. O povo do Piau\u00ed tem muito do que se orgulhar\u201d, destacou o empres\u00e1rio Carlos Alberto Santos, dono de uma loja de souvenirs regionais.<\/p>\n<p>Com o entusiasmo popular e o apoio de institui\u00e7\u00f5es culturais, o s\u00edmbolo maior do estado volta a ocupar o espa\u00e7o que merece: o cora\u00e7\u00e3o e as ruas do povo piauiense.<\/p>\n","protected":false},"excerpt":{"rendered":"<p>As ruas de Teresina est\u00e3o mais coloridas e cheias de orgulho nas \u00faltimas semanas. As bandeiras do Piau\u00ed se multiplicaram em varandas, carros, pra\u00e7as e com\u00e9rcios da capital, em um movimento espont\u00e2neo que celebra a identidade e o amor pelo estado. O aumento na exibi\u00e7\u00e3o dos s\u00edmbolos piauienses coincide com o m\u00eas das comemora\u00e7\u00f5es c\u00edvicas [&hellip;]<\/p>\n","protected":false},"author":2,"featured_media":368574,"comment_status":"closed","ping_status":"closed","sticky":false,"template":"","format":"standard","meta":{"_acf_changed":false,"footnotes":""},"categories":[165],"tags":[],"class_list":["post-368573","post","type-post","status-publish","format-standard","has-post-thumbnail","hentry","category-nordeste"],"acf":[],"_links":{"self":[{"href":"https:\/\/www.notibras.com\/site\/wp-json\/wp\/v2\/posts\/368573","targetHints":{"allow":["GET"]}}],"collection":[{"href":"https:\/\/www.notibras.com\/site\/wp-json\/wp\/v2\/posts"}],"about":[{"href":"https:\/\/www.notibras.com\/site\/wp-json\/wp\/v2\/types\/post"}],"author":[{"embeddable":true,"href":"https:\/\/www.notibras.com\/site\/wp-json\/wp\/v2\/users\/2"}],"replies":[{"embeddable":true,"href":"https:\/\/www.notibras.com\/site\/wp-json\/wp\/v2\/comments?post=368573"}],"version-history":[{"count":1,"href":"https:\/\/www.notibras.com\/site\/wp-json\/wp\/v2\/posts\/368573\/revisions"}],"predecessor-version":[{"id":368575,"href":"https:\/\/www.notibras.com\/site\/wp-json\/wp\/v2\/posts\/368573\/revisions\/368575"}],"wp:featuredmedia":[{"embeddable":true,"href":"https:\/\/www.notibras.com\/site\/wp-json\/wp\/v2\/media\/368574"}],"wp:attachment":[{"href":"https:\/\/www.notibras.com\/site\/wp-json\/wp\/v2\/media?parent=368573"}],"wp:term":[{"taxonomy":"category","embeddable":true,"href":"https:\/\/www.notibras.com\/site\/wp-json\/wp\/v2\/categories?post=368573"},{"taxonomy":"post_tag","embeddable":true,"href":"https:\/\/www.notibras.com\/site\/wp-json\/wp\/v2\/tags?post=368573"}],"curies":[{"name":"wp","href":"https:\/\/api.w.org\/{rel}","templated":true}]}}