{"id":368576,"date":"2025-10-27T04:28:10","date_gmt":"2025-10-27T07:28:10","guid":{"rendered":"https:\/\/www.notibras.com\/site\/?p=368576"},"modified":"2025-10-27T04:46:01","modified_gmt":"2025-10-27T07:46:01","slug":"torneiras-secam-por-um-dia-para-manutencao-da-rede-de-agua","status":"publish","type":"post","link":"https:\/\/www.notibras.com\/site\/torneiras-secam-por-um-dia-para-manutencao-da-rede-de-agua\/","title":{"rendered":"Torneiras secam por um dia para manuten\u00e7\u00e3o da rede de \u00e1gua"},"content":{"rendered":"<p><!--StartFragment --><span class=\"cf0\">A Companhia de \u00c1gua e Esgotos da Para\u00edba (<\/span><span class=\"cf0\">Cagepa<\/span><span class=\"cf0\">) anunciou que o abastecimento de \u00e1gua ser\u00e1 temporariamente interrompido em diversos bairros de Jo\u00e3o Pessoa e em cidades da Regi\u00e3o Metropolitana at\u00e9 o pr\u00f3ximo s\u00e1bado (1\u00ba). A suspens\u00e3o ocorre para a realiza\u00e7\u00e3o de servi\u00e7os de manuten\u00e7\u00e3o preventiva e corretiva nas esta\u00e7\u00f5es elevat\u00f3rias e sistemas que comp\u00f5em a rede de distribui\u00e7\u00e3o.<\/span><\/p>\n<p><span class=\"cf0\">Segundo a <\/span><span class=\"cf0\">Cagepa<\/span><span class=\"cf0\">, os servi\u00e7os s\u00e3o necess\u00e1rios para garantir a qualidade e a regularidade do fornecimento de \u00e1gua, evitando falhas futuras. T\u00e9cnicos da companhia far\u00e3o interven\u00e7\u00f5es em equipamentos que levam \u00e1gua tratada \u00e0s resid\u00eancias, incluindo reparos em bombas e limpeza de reservat\u00f3rios.<\/span><\/p>\n<p><span class=\"cf0\">Durante os trabalhos, o abastecimento ser\u00e1 interrompido em alguns pontos a partir da manh\u00e3 deste s\u00e1bado, com retorno gradual previsto para a madrugada de domingo. A normaliza\u00e7\u00e3o completa deve ocorrer de forma progressiva ao longo do dia.<\/span><\/p>\n<p><span class=\"cf0\">Em Jo\u00e3o Pessoa, os bairros atingidos incluem: Centro, <\/span><span class=\"cf0\">Tambi\u00e1<\/span><span class=\"cf0\">, Roger, Baixo Roger, Ilha do Bispo, Varadouro, Cord\u00e3o Encarnado, Alto do Mateus, Ivan Bichara, Bairro dos Novais, Funcion\u00e1rios I, Jardim Planalto, Oitizeiro, Cruz das Armas, Jaguaribe, Torre, Expedicion\u00e1rios, <\/span><span class=\"cf0\">Tamba\u00fazinho<\/span><span class=\"cf0\">, Pedro Gondim, Bairro dos Estados, Jardim Treze de Maio, Ip\u00eas, Mandacaru, Cidade Padre Z\u00e9 e Alto do C\u00e9u.<\/span><\/p>\n<p><span class=\"cf0\">Em Bayeux, o corte atinge todos os bairros, enquanto em Santa Rita o abastecimento ser\u00e1 suspenso no bairro V\u00e1rzea Nova.<\/span><\/p>\n<p><span class=\"cf0\">A <\/span><span class=\"cf0\">Cagepa<\/span><span class=\"cf0\"> orienta que os moradores das \u00e1reas afetadas armazenem \u00e1gua com anteced\u00eancia e usem o recurso de forma racional durante o per\u00edodo de suspens\u00e3o. A companhia tamb\u00e9m recomenda que a popula\u00e7\u00e3o acompanhe os canais oficiais para atualiza\u00e7\u00f5es sobre o andamento dos servi\u00e7os e a retomada do abastecimento.<\/span><\/p>\n<p><span class=\"cf0\">Os cortes programados costumam afetar mais intensamente regi\u00f5es altas e distantes dos reservat\u00f3rios, onde o retorno da \u00e1gua demora mais. Moradores, comerciantes e prestadores de servi\u00e7o devem se planejar para minimizar os transtornos.<\/span><\/p>\n<p><span class=\"cf0\">Hospitais, escolas, padarias e restaurantes tamb\u00e9m s\u00e3o orientados a refor\u00e7ar suas reservas de \u00e1gua.<\/span><\/p>\n<p><strong><span class=\"cf0\">Servi\u00e7o<\/span><\/strong><\/p>\n<p><span class=\"cf1\">\u2022Interrup<\/span><span class=\"cf0\">\u00e7\u00e3o: S\u00e1bado (1\u00ba), a partir da manh\u00e3<\/span><\/p>\n<p><span class=\"cf1\">\u2022Previs<\/span><span class=\"cf0\">\u00e3o de retorno: Madrugada de domingo, com normaliza\u00e7\u00e3o gradual<\/span><\/p>\n<p><span class=\"cf1\">\u2022Motivo: Manuten<\/span><span class=\"cf0\">\u00e7\u00e3o em esta\u00e7\u00f5es elevat\u00f3rias e limpeza de reservat\u00f3rios<\/span><\/p>\n<p><!--EndFragment --><\/p>\n","protected":false},"excerpt":{"rendered":"<p>A Companhia de \u00c1gua e Esgotos da Para\u00edba (Cagepa) anunciou que o abastecimento de \u00e1gua ser\u00e1 temporariamente interrompido em diversos bairros de Jo\u00e3o Pessoa e em cidades da Regi\u00e3o Metropolitana at\u00e9 o pr\u00f3ximo s\u00e1bado (1\u00ba). A suspens\u00e3o ocorre para a realiza\u00e7\u00e3o de servi\u00e7os de manuten\u00e7\u00e3o preventiva e corretiva nas esta\u00e7\u00f5es elevat\u00f3rias e sistemas que comp\u00f5em [&hellip;]<\/p>\n","protected":false},"author":2,"featured_media":368577,"comment_status":"closed","ping_status":"closed","sticky":false,"template":"","format":"standard","meta":{"_acf_changed":false,"footnotes":""},"categories":[165],"tags":[],"class_list":["post-368576","post","type-post","status-publish","format-standard","has-post-thumbnail","hentry","category-nordeste"],"acf":[],"_links":{"self":[{"href":"https:\/\/www.notibras.com\/site\/wp-json\/wp\/v2\/posts\/368576","targetHints":{"allow":["GET"]}}],"collection":[{"href":"https:\/\/www.notibras.com\/site\/wp-json\/wp\/v2\/posts"}],"about":[{"href":"https:\/\/www.notibras.com\/site\/wp-json\/wp\/v2\/types\/post"}],"author":[{"embeddable":true,"href":"https:\/\/www.notibras.com\/site\/wp-json\/wp\/v2\/users\/2"}],"replies":[{"embeddable":true,"href":"https:\/\/www.notibras.com\/site\/wp-json\/wp\/v2\/comments?post=368576"}],"version-history":[{"count":3,"href":"https:\/\/www.notibras.com\/site\/wp-json\/wp\/v2\/posts\/368576\/revisions"}],"predecessor-version":[{"id":368580,"href":"https:\/\/www.notibras.com\/site\/wp-json\/wp\/v2\/posts\/368576\/revisions\/368580"}],"wp:featuredmedia":[{"embeddable":true,"href":"https:\/\/www.notibras.com\/site\/wp-json\/wp\/v2\/media\/368577"}],"wp:attachment":[{"href":"https:\/\/www.notibras.com\/site\/wp-json\/wp\/v2\/media?parent=368576"}],"wp:term":[{"taxonomy":"category","embeddable":true,"href":"https:\/\/www.notibras.com\/site\/wp-json\/wp\/v2\/categories?post=368576"},{"taxonomy":"post_tag","embeddable":true,"href":"https:\/\/www.notibras.com\/site\/wp-json\/wp\/v2\/tags?post=368576"}],"curies":[{"name":"wp","href":"https:\/\/api.w.org\/{rel}","templated":true}]}}