{"id":368689,"date":"2025-10-28T08:42:23","date_gmt":"2025-10-28T11:42:23","guid":{"rendered":"https:\/\/www.notibras.com\/site\/?p=368689"},"modified":"2025-10-28T08:42:23","modified_gmt":"2025-10-28T11:42:23","slug":"sertao-vai-virar-celeiro-de-producao-de-camarao","status":"publish","type":"post","link":"https:\/\/www.notibras.com\/site\/sertao-vai-virar-celeiro-de-producao-de-camarao\/","title":{"rendered":"Sert\u00e3o vai virar celeiro de produ\u00e7\u00e3o de camar\u00e3o"},"content":{"rendered":"<p>A Assembleia Legislativa do Rio Grande do Norte aprovou um projeto de lei que cria incentivos para a expans\u00e3o da produ\u00e7\u00e3o de camar\u00e3o no interior do estado. A proposta, de autoria do Governo do Estado, tem como objetivo descentralizar a carcinicultura \u2014 cria\u00e7\u00e3o de camar\u00e3o em cativeiro \u2014 atualmente concentrada no litoral potiguar.<\/p>\n<p>De acordo com o texto aprovado, os empreendimentos de carcinicultura com at\u00e9 quinze hectares de \u00e1rea produtiva poder\u00e3o receber isen\u00e7\u00e3o de taxas de outorga de uso da \u00e1gua e dispensa de taxas de licenciamento ambiental. O foco \u00e9 estimular principalmente pequenos produtores e atrair investimentos para regi\u00f5es do interior que possuem potencial produtivo ainda pouco explorado.<\/p>\n<p>O projeto tamb\u00e9m estabelece que a Secretaria de Estado da Agricultura, da Pecu\u00e1ria e da Pesca (SAPE) dever\u00e1 elaborar, em at\u00e9 120 dias, um plano de monitoramento da qualidade da \u00e1gua nas bacias hidrogr\u00e1ficas onde houver expans\u00e3o da atividade. A medida busca garantir que o crescimento da carcinicultura ocorra de forma sustent\u00e1vel, sem comprometer os recursos naturais.<\/p>\n<p>Atualmente, o Rio Grande do Norte \u00e9 um dos maiores produtores de camar\u00e3o do Brasil, mas nos \u00faltimos anos perdeu parte do protagonismo nacional para estados vizinhos, como o Cear\u00e1. Com a nova lei, o governo espera retomar a lideran\u00e7a do setor e gerar novos postos de trabalho e renda em munic\u00edpios do interior.<\/p>\n<p>Parlamentares que apoiaram a iniciativa destacaram o potencial econ\u00f4mico da medida. \u201c\u00c9 uma forma de levar desenvolvimento para regi\u00f5es que ainda dependem da agricultura tradicional e t\u00eam grande capacidade de produzir camar\u00e3o com qualidade\u201d, afirmou um dos deputados durante a vota\u00e7\u00e3o.<\/p>\n<p>Apesar do apoio majorit\u00e1rio, alguns parlamentares da oposi\u00e7\u00e3o manifestaram preocupa\u00e7\u00e3o quanto \u00e0 fiscaliza\u00e7\u00e3o ambiental e \u00e0 infraestrutura dispon\u00edvel no interior para sustentar o crescimento da atividade. Segundo eles, \u00e9 preciso garantir que o incentivo n\u00e3o provoque impactos negativos nem desigualdades entre produtores.<\/p>\n<p>Com a aprova\u00e7\u00e3o na Assembleia, o texto segue agora para san\u00e7\u00e3o da governadora F\u00e1tima Bezerra. Caso seja sancionado, o governo dever\u00e1 regulamentar a lei e definir os procedimentos para ades\u00e3o dos produtores ao programa de incentivos.<\/p>\n<p>A expectativa \u00e9 que, com a interioriza\u00e7\u00e3o da carcinicultura, o Rio Grande do Norte fortale\u00e7a ainda mais sua economia, diversifique a produ\u00e7\u00e3o e consolide o estado como refer\u00eancia nacional na cria\u00e7\u00e3o de camar\u00e3o.<\/p>\n","protected":false},"excerpt":{"rendered":"<p>A Assembleia Legislativa do Rio Grande do Norte aprovou um projeto de lei que cria incentivos para a expans\u00e3o da produ\u00e7\u00e3o de camar\u00e3o no interior do estado. A proposta, de autoria do Governo do Estado, tem como objetivo descentralizar a carcinicultura \u2014 cria\u00e7\u00e3o de camar\u00e3o em cativeiro \u2014 atualmente concentrada no litoral potiguar. De acordo [&hellip;]<\/p>\n","protected":false},"author":2,"featured_media":368690,"comment_status":"closed","ping_status":"closed","sticky":false,"template":"","format":"standard","meta":{"_acf_changed":false,"footnotes":""},"categories":[165],"tags":[],"class_list":["post-368689","post","type-post","status-publish","format-standard","has-post-thumbnail","hentry","category-nordeste"],"acf":[],"_links":{"self":[{"href":"https:\/\/www.notibras.com\/site\/wp-json\/wp\/v2\/posts\/368689","targetHints":{"allow":["GET"]}}],"collection":[{"href":"https:\/\/www.notibras.com\/site\/wp-json\/wp\/v2\/posts"}],"about":[{"href":"https:\/\/www.notibras.com\/site\/wp-json\/wp\/v2\/types\/post"}],"author":[{"embeddable":true,"href":"https:\/\/www.notibras.com\/site\/wp-json\/wp\/v2\/users\/2"}],"replies":[{"embeddable":true,"href":"https:\/\/www.notibras.com\/site\/wp-json\/wp\/v2\/comments?post=368689"}],"version-history":[{"count":1,"href":"https:\/\/www.notibras.com\/site\/wp-json\/wp\/v2\/posts\/368689\/revisions"}],"predecessor-version":[{"id":368691,"href":"https:\/\/www.notibras.com\/site\/wp-json\/wp\/v2\/posts\/368689\/revisions\/368691"}],"wp:featuredmedia":[{"embeddable":true,"href":"https:\/\/www.notibras.com\/site\/wp-json\/wp\/v2\/media\/368690"}],"wp:attachment":[{"href":"https:\/\/www.notibras.com\/site\/wp-json\/wp\/v2\/media?parent=368689"}],"wp:term":[{"taxonomy":"category","embeddable":true,"href":"https:\/\/www.notibras.com\/site\/wp-json\/wp\/v2\/categories?post=368689"},{"taxonomy":"post_tag","embeddable":true,"href":"https:\/\/www.notibras.com\/site\/wp-json\/wp\/v2\/tags?post=368689"}],"curies":[{"name":"wp","href":"https:\/\/api.w.org\/{rel}","templated":true}]}}