{"id":368692,"date":"2025-10-28T08:57:26","date_gmt":"2025-10-28T11:57:26","guid":{"rendered":"https:\/\/www.notibras.com\/site\/?p=368692"},"modified":"2025-10-28T08:57:26","modified_gmt":"2025-10-28T11:57:26","slug":"no-sertao-de-vida-dura-coracao-do-homem-e-forte","status":"publish","type":"post","link":"https:\/\/www.notibras.com\/site\/no-sertao-de-vida-dura-coracao-do-homem-e-forte\/","title":{"rendered":"No sert\u00e3o de vida dura, cora\u00e7\u00e3o do homem \u00e9 forte"},"content":{"rendered":"<p>O sol nasce cedo no sert\u00e3o, e com ele desperta o povo que nunca se entrega. \u00c9 como se cada raio trouxesse um lembrete antigo: \u201clevanta-te, que a vida n\u00e3o espera\u201d. O sertanejo, acostumado com a seca, o ch\u00e3o rachado e o vento quente, aprendeu que a resist\u00eancia n\u00e3o est\u00e1 na for\u00e7a dos bra\u00e7os, mas na teimosia da esperan\u00e7a.<\/p>\n<p>Entre o canto do galo e o cheiro do caf\u00e9 coado, ele ergue os olhos para o horizonte, mesmo sabendo que a chuva pode n\u00e3o vir. E ainda assim, planta. Planta milho, feij\u00e3o, sonhos \u2014 tudo regado com f\u00e9. Porque no sert\u00e3o, quem n\u00e3o cr\u00ea, n\u00e3o vive.<\/p>\n<p>As m\u00e3os calejadas contam hist\u00f3rias de quem j\u00e1 perdeu muito, mas nunca deixou de tentar. De quem viu a terra esturricada se abrir em fenda, mas tamb\u00e9m florescer ap\u00f3s uma chuva curta. Cada broto verde \u00e9 um milagre, e cada dia vivido, uma vit\u00f3ria silenciosa.<\/p>\n<p>No sert\u00e3o, o tempo ensina que cair n\u00e3o \u00e9 o fim \u2014 \u00e9 o come\u00e7o da resist\u00eancia. O sertanejo que se levanta carrega dentro de si uma for\u00e7a que o mundo n\u00e3o entende. Ele \u00e9 feito de poeira e coragem, de l\u00e1grima e riso, de dor e recome\u00e7o.<\/p>\n<p>E quando o crep\u00fasculo pinta o c\u00e9u de laranja, ele descansa o corpo cansado, mas n\u00e3o a alma. Porque amanh\u00e3, antes mesmo do sol, ele se levantar\u00e1 outra vez \u2014 como sempre fez, como sempre far\u00e1.<\/p>\n","protected":false},"excerpt":{"rendered":"<p>O sol nasce cedo no sert\u00e3o, e com ele desperta o povo que nunca se entrega. \u00c9 como se cada raio trouxesse um lembrete antigo: \u201clevanta-te, que a vida n\u00e3o espera\u201d. O sertanejo, acostumado com a seca, o ch\u00e3o rachado e o vento quente, aprendeu que a resist\u00eancia n\u00e3o est\u00e1 na for\u00e7a dos bra\u00e7os, mas [&hellip;]<\/p>\n","protected":false},"author":2,"featured_media":368693,"comment_status":"closed","ping_status":"closed","sticky":false,"template":"","format":"standard","meta":{"_acf_changed":false,"footnotes":""},"categories":[165],"tags":[],"class_list":["post-368692","post","type-post","status-publish","format-standard","has-post-thumbnail","hentry","category-nordeste"],"acf":[],"_links":{"self":[{"href":"https:\/\/www.notibras.com\/site\/wp-json\/wp\/v2\/posts\/368692","targetHints":{"allow":["GET"]}}],"collection":[{"href":"https:\/\/www.notibras.com\/site\/wp-json\/wp\/v2\/posts"}],"about":[{"href":"https:\/\/www.notibras.com\/site\/wp-json\/wp\/v2\/types\/post"}],"author":[{"embeddable":true,"href":"https:\/\/www.notibras.com\/site\/wp-json\/wp\/v2\/users\/2"}],"replies":[{"embeddable":true,"href":"https:\/\/www.notibras.com\/site\/wp-json\/wp\/v2\/comments?post=368692"}],"version-history":[{"count":1,"href":"https:\/\/www.notibras.com\/site\/wp-json\/wp\/v2\/posts\/368692\/revisions"}],"predecessor-version":[{"id":368694,"href":"https:\/\/www.notibras.com\/site\/wp-json\/wp\/v2\/posts\/368692\/revisions\/368694"}],"wp:featuredmedia":[{"embeddable":true,"href":"https:\/\/www.notibras.com\/site\/wp-json\/wp\/v2\/media\/368693"}],"wp:attachment":[{"href":"https:\/\/www.notibras.com\/site\/wp-json\/wp\/v2\/media?parent=368692"}],"wp:term":[{"taxonomy":"category","embeddable":true,"href":"https:\/\/www.notibras.com\/site\/wp-json\/wp\/v2\/categories?post=368692"},{"taxonomy":"post_tag","embeddable":true,"href":"https:\/\/www.notibras.com\/site\/wp-json\/wp\/v2\/tags?post=368692"}],"curies":[{"name":"wp","href":"https:\/\/api.w.org\/{rel}","templated":true}]}}