{"id":368781,"date":"2025-10-29T08:59:13","date_gmt":"2025-10-29T11:59:13","guid":{"rendered":"https:\/\/www.notibras.com\/site\/?p=368781"},"modified":"2025-10-29T08:59:13","modified_gmt":"2025-10-29T11:59:13","slug":"a-energia-que-cura-corpo-mente-e-espirito","status":"publish","type":"post","link":"https:\/\/www.notibras.com\/site\/a-energia-que-cura-corpo-mente-e-espirito\/","title":{"rendered":"A energia que cura corpo, mente e esp\u00edrito"},"content":{"rendered":"<p data-start=\"219\" data-end=\"505\">H\u00e1 for\u00e7as que n\u00e3o se veem, mas se sentem. Entre elas est\u00e1 o Reiki, palavra japonesa que une dois conceitos: <em data-start=\"331\" data-end=\"336\">rei<\/em> (energia universal) e <em data-start=\"359\" data-end=\"363\">ki<\/em> (energia vital). Trata-se de uma pr\u00e1tica milenar de canaliza\u00e7\u00e3o energ\u00e9tica, que busca restabelecer o equil\u00edbrio natural do corpo e da alma.<\/p>\n<p data-start=\"507\" data-end=\"899\">O Reiki nasceu no Jap\u00e3o, no in\u00edcio do s\u00e9culo XX, pelas m\u00e3os do monge Mikao Usui, ap\u00f3s uma intensa jornada espiritual e de medita\u00e7\u00e3o no Monte Kurama. Segundo a tradi\u00e7\u00e3o, Usui recebeu uma ilumina\u00e7\u00e3o que lhe revelou o m\u00e9todo de curar por meio da energia universal, transmitida pelas m\u00e3os. Desde ent\u00e3o, o Reiki se difundiu pelo mundo como uma arte de cura natural, sem dogmas nem religi\u00f5es.<\/p>\n<p data-start=\"901\" data-end=\"1266\">Na pr\u00e1tica, o reikiano \u2014 o canalizador dessa energia \u2014 coloca as m\u00e3os sobre pontos espec\u00edficos do corpo, correspondentes aos chakras, centros sutis por onde flui a energia vital. O toque \u00e9 suave ou at\u00e9 mesmo feito \u00e0 dist\u00e2ncia, mas o efeito \u00e9 profundo. A energia flui, dissolvendo bloqueios, reduzindo o estresse, harmonizando emo\u00e7\u00f5es e favorecendo a autocura.<\/p>\n<p data-start=\"1268\" data-end=\"1585\">Diferente da medicina convencional, o Reiki n\u00e3o atua sobre sintomas isolados. Ele busca a raiz do desequil\u00edbrio, muitas vezes ligada a emo\u00e7\u00f5es reprimidas, traumas ou pensamentos negativos. Por isso, \u00e9 dito que o Reiki cura \u201cde dentro para fora\u201d \u2014 purificando o campo energ\u00e9tico antes que o corpo manifeste a doen\u00e7a.<\/p>\n<p data-start=\"1587\" data-end=\"1817\">Cada sess\u00e3o \u00e9 uma experi\u00eancia \u00fanica. Muitos relatam sensa\u00e7\u00f5es de calor, formigamento ou leveza; outros, uma profunda paz interior. N\u00e3o h\u00e1 contraindica\u00e7\u00f5es \u2014 o Reiki pode ser aplicado em pessoas, animais, plantas e at\u00e9 ambientes.<\/p>\n<p data-start=\"1819\" data-end=\"1934\">Existem diferentes n\u00edveis de inicia\u00e7\u00e3o, e a pr\u00e1tica \u00e9 guiada por cinco princ\u00edpios que formam sua base filos\u00f3fica:<\/p>\n<ol data-start=\"1936\" data-end=\"2162\">\n<li data-start=\"1936\" data-end=\"1975\">\n<p data-start=\"1939\" data-end=\"1975\"><strong data-start=\"1939\" data-end=\"1973\">S\u00f3 por hoje, n\u00e3o me irritarei.<\/strong><\/p>\n<\/li>\n<li data-start=\"1976\" data-end=\"2017\">\n<p data-start=\"1979\" data-end=\"2017\"><strong data-start=\"1979\" data-end=\"2015\">S\u00f3 por hoje, n\u00e3o me preocuparei.<\/strong><\/p>\n<\/li>\n<li data-start=\"2018\" data-end=\"2052\">\n<p data-start=\"2021\" data-end=\"2052\"><strong data-start=\"2021\" data-end=\"2050\">S\u00f3 por hoje, serei grato.<\/strong><\/p>\n<\/li>\n<li data-start=\"2053\" data-end=\"2107\">\n<p data-start=\"2056\" data-end=\"2107\"><strong data-start=\"2056\" data-end=\"2105\">S\u00f3 por hoje, farei meu trabalho honestamente.<\/strong><\/p>\n<\/li>\n<li data-start=\"2108\" data-end=\"2162\">\n<p data-start=\"2111\" data-end=\"2162\"><strong data-start=\"2111\" data-end=\"2160\">S\u00f3 por hoje, serei gentil com todos os seres.<\/strong><\/p>\n<\/li>\n<\/ol>\n<p data-start=\"2164\" data-end=\"2311\">Essas simples afirma\u00e7\u00f5es refletem o esp\u00edrito do Reiki: viver o presente com serenidade e gratid\u00e3o, cultivando a harmonia entre o eu e o universo.<\/p>\n<p data-start=\"2313\" data-end=\"2624\">O Reiki, portanto, n\u00e3o \u00e9 apenas uma t\u00e9cnica de cura \u2014 \u00e9 um caminho de reconex\u00e3o com a ess\u00eancia. Ele desperta a consci\u00eancia de que somos feitos da mesma energia que move as estrelas e d\u00e1 vida \u00e0 Terra. Quando essa energia flui livremente, a vida se transforma em um estado natural de equil\u00edbrio e plenitude.<\/p>\n","protected":false},"excerpt":{"rendered":"<p>H\u00e1 for\u00e7as que n\u00e3o se veem, mas se sentem. Entre elas est\u00e1 o Reiki, palavra japonesa que une dois conceitos: rei (energia universal) e ki (energia vital). Trata-se de uma pr\u00e1tica milenar de canaliza\u00e7\u00e3o energ\u00e9tica, que busca restabelecer o equil\u00edbrio natural do corpo e da alma. O Reiki nasceu no Jap\u00e3o, no in\u00edcio do s\u00e9culo [&hellip;]<\/p>\n","protected":false},"author":2,"featured_media":368785,"comment_status":"closed","ping_status":"closed","sticky":false,"template":"","format":"standard","meta":{"_acf_changed":false,"footnotes":""},"categories":[237],"tags":[],"class_list":["post-368781","post","type-post","status-publish","format-standard","has-post-thumbnail","hentry","category-oraculos"],"acf":[],"yoast_head":"<!-- This site is optimized with the Yoast SEO plugin v27.2 - https:\/\/yoast.com\/product\/yoast-seo-wordpress\/ -->\n<title>A energia que cura corpo, mente e esp\u00edrito - Notibras<\/title>\n<meta name=\"robots\" content=\"index, follow, max-snippet:-1, max-image-preview:large, max-video-preview:-1\" \/>\n<link rel=\"canonical\" href=\"https:\/\/www.notibras.com\/site\/a-energia-que-cura-corpo-mente-e-espirito\/\" \/>\n<meta property=\"og:locale\" content=\"pt_BR\" \/>\n<meta property=\"og:type\" content=\"article\" \/>\n<meta property=\"og:title\" content=\"A energia que cura corpo, mente e esp\u00edrito - Notibras\" \/>\n<meta property=\"og:description\" content=\"H\u00e1 for\u00e7as que n\u00e3o se veem, mas se sentem. Entre elas est\u00e1 o Reiki, palavra japonesa que une dois conceitos: rei (energia universal) e ki (energia vital). Trata-se de uma pr\u00e1tica milenar de canaliza\u00e7\u00e3o energ\u00e9tica, que busca restabelecer o equil\u00edbrio natural do corpo e da alma. O Reiki nasceu no Jap\u00e3o, no in\u00edcio do s\u00e9culo [&hellip;]\" \/>\n<meta property=\"og:url\" content=\"https:\/\/www.notibras.com\/site\/a-energia-que-cura-corpo-mente-e-espirito\/\" \/>\n<meta property=\"og:site_name\" content=\"Notibras\" \/>\n<meta property=\"article:publisher\" content=\"https:\/\/www.facebook.com\/notibras\/\" \/>\n<meta property=\"article:published_time\" content=\"2025-10-29T11:59:13+00:00\" \/>\n<meta property=\"og:image\" content=\"https:\/\/www.notibras.com\/site\/wp-content\/uploads\/2025\/10\/dd3607b9-38d7-4c48-921f-902bd5e9e9c9-683x1024.png\" \/>\n\t<meta property=\"og:image:width\" content=\"683\" \/>\n\t<meta property=\"og:image:height\" content=\"1024\" \/>\n\t<meta property=\"og:image:type\" content=\"image\/png\" \/>\n<meta name=\"author\" content=\"Reda\u00e7\u00e3o\" \/>\n<meta name=\"twitter:card\" content=\"summary_large_image\" \/>\n<meta name=\"twitter:creator\" content=\"@Notibras\" \/>\n<meta name=\"twitter:site\" content=\"@Notibras\" \/>\n<meta name=\"twitter:label1\" content=\"Escrito por\" \/>\n\t<meta name=\"twitter:data1\" content=\"Reda\u00e7\u00e3o\" \/>\n\t<meta name=\"twitter:label2\" content=\"Est. tempo de leitura\" \/>\n\t<meta name=\"twitter:data2\" content=\"3 minutos\" \/>\n<script type=\"application\/ld+json\" class=\"yoast-schema-graph\">{\"@context\":\"https:\/\/schema.org\",\"@graph\":[{\"@type\":\"Article\",\"@id\":\"https:\/\/www.notibras.com\/site\/a-energia-que-cura-corpo-mente-e-espirito\/#article\",\"isPartOf\":{\"@id\":\"https:\/\/www.notibras.com\/site\/a-energia-que-cura-corpo-mente-e-espirito\/\"},\"author\":{\"name\":\"Reda\u00e7\u00e3o\",\"@id\":\"https:\/\/www.notibras.com\/site\/#\/schema\/person\/36ab0979449956132d3e5b517ea76ac8\"},\"headline\":\"A energia que cura corpo, mente e esp\u00edrito\",\"datePublished\":\"2025-10-29T11:59:13+00:00\",\"mainEntityOfPage\":{\"@id\":\"https:\/\/www.notibras.com\/site\/a-energia-que-cura-corpo-mente-e-espirito\/\"},\"wordCount\":432,\"publisher\":{\"@id\":\"https:\/\/www.notibras.com\/site\/#organization\"},\"image\":{\"@id\":\"https:\/\/www.notibras.com\/site\/a-energia-que-cura-corpo-mente-e-espirito\/#primaryimage\"},\"thumbnailUrl\":\"https:\/\/www.notibras.com\/site\/wp-content\/uploads\/2025\/10\/dd3607b9-38d7-4c48-921f-902bd5e9e9c9.png\",\"articleSection\":[\"Or\u00e1culos\"],\"inLanguage\":\"pt-BR\"},{\"@type\":\"WebPage\",\"@id\":\"https:\/\/www.notibras.com\/site\/a-energia-que-cura-corpo-mente-e-espirito\/\",\"url\":\"https:\/\/www.notibras.com\/site\/a-energia-que-cura-corpo-mente-e-espirito\/\",\"name\":\"A energia que cura corpo, mente e esp\u00edrito - Notibras\",\"isPartOf\":{\"@id\":\"https:\/\/www.notibras.com\/site\/#website\"},\"primaryImageOfPage\":{\"@id\":\"https:\/\/www.notibras.com\/site\/a-energia-que-cura-corpo-mente-e-espirito\/#primaryimage\"},\"image\":{\"@id\":\"https:\/\/www.notibras.com\/site\/a-energia-que-cura-corpo-mente-e-espirito\/#primaryimage\"},\"thumbnailUrl\":\"https:\/\/www.notibras.com\/site\/wp-content\/uploads\/2025\/10\/dd3607b9-38d7-4c48-921f-902bd5e9e9c9.png\",\"datePublished\":\"2025-10-29T11:59:13+00:00\",\"breadcrumb\":{\"@id\":\"https:\/\/www.notibras.com\/site\/a-energia-que-cura-corpo-mente-e-espirito\/#breadcrumb\"},\"inLanguage\":\"pt-BR\",\"potentialAction\":[{\"@type\":\"ReadAction\",\"target\":[\"https:\/\/www.notibras.com\/site\/a-energia-que-cura-corpo-mente-e-espirito\/\"]}]},{\"@type\":\"ImageObject\",\"inLanguage\":\"pt-BR\",\"@id\":\"https:\/\/www.notibras.com\/site\/a-energia-que-cura-corpo-mente-e-espirito\/#primaryimage\",\"url\":\"https:\/\/www.notibras.com\/site\/wp-content\/uploads\/2025\/10\/dd3607b9-38d7-4c48-921f-902bd5e9e9c9.png\",\"contentUrl\":\"https:\/\/www.notibras.com\/site\/wp-content\/uploads\/2025\/10\/dd3607b9-38d7-4c48-921f-902bd5e9e9c9.png\",\"width\":1024,\"height\":1536},{\"@type\":\"BreadcrumbList\",\"@id\":\"https:\/\/www.notibras.com\/site\/a-energia-que-cura-corpo-mente-e-espirito\/#breadcrumb\",\"itemListElement\":[{\"@type\":\"ListItem\",\"position\":1,\"name\":\"In\u00edcio\",\"item\":\"https:\/\/www.notibras.com\/site\/\"},{\"@type\":\"ListItem\",\"position\":2,\"name\":\"A energia que cura corpo, mente e esp\u00edrito\"}]},{\"@type\":\"WebSite\",\"@id\":\"https:\/\/www.notibras.com\/site\/#website\",\"url\":\"https:\/\/www.notibras.com\/site\/\",\"name\":\"Notibras\",\"description\":\"Not\u00edcias de Bras\u00edlia, do Brasil e do Mundo\",\"publisher\":{\"@id\":\"https:\/\/www.notibras.com\/site\/#organization\"},\"potentialAction\":[{\"@type\":\"SearchAction\",\"target\":{\"@type\":\"EntryPoint\",\"urlTemplate\":\"https:\/\/www.notibras.com\/site\/?s={search_term_string}\"},\"query-input\":{\"@type\":\"PropertyValueSpecification\",\"valueRequired\":true,\"valueName\":\"search_term_string\"}}],\"inLanguage\":\"pt-BR\"},{\"@type\":\"Organization\",\"@id\":\"https:\/\/www.notibras.com\/site\/#organization\",\"name\":\"Grupo Notibras de Comunica\u00e7\u00e3o\",\"url\":\"https:\/\/www.notibras.com\/site\/\",\"logo\":{\"@type\":\"ImageObject\",\"inLanguage\":\"pt-BR\",\"@id\":\"https:\/\/www.notibras.com\/site\/#\/schema\/logo\/image\/\",\"url\":\"https:\/\/www.notibras.com\/site\/wp-content\/uploads\/2023\/01\/notibras23.png\",\"contentUrl\":\"https:\/\/www.notibras.com\/site\/wp-content\/uploads\/2023\/01\/notibras23.png\",\"width\":350,\"height\":87,\"caption\":\"Grupo Notibras de Comunica\u00e7\u00e3o\"},\"image\":{\"@id\":\"https:\/\/www.notibras.com\/site\/#\/schema\/logo\/image\/\"},\"sameAs\":[\"https:\/\/www.facebook.com\/notibras\/\",\"https:\/\/x.com\/Notibras\",\"https:\/\/www.instagram.com\/notibras\/\"]},{\"@type\":\"Person\",\"@id\":\"https:\/\/www.notibras.com\/site\/#\/schema\/person\/36ab0979449956132d3e5b517ea76ac8\",\"name\":\"Reda\u00e7\u00e3o\",\"image\":{\"@type\":\"ImageObject\",\"inLanguage\":\"pt-BR\",\"@id\":\"https:\/\/secure.gravatar.com\/avatar\/e0a867bdedb85fd243eadf09663511f96fc81e0720a4a42581f334ad4303aa6b?s=96&d=mm&r=g\",\"url\":\"https:\/\/secure.gravatar.com\/avatar\/e0a867bdedb85fd243eadf09663511f96fc81e0720a4a42581f334ad4303aa6b?s=96&d=mm&r=g\",\"contentUrl\":\"https:\/\/secure.gravatar.com\/avatar\/e0a867bdedb85fd243eadf09663511f96fc81e0720a4a42581f334ad4303aa6b?s=96&d=mm&r=g\",\"caption\":\"Reda\u00e7\u00e3o\"}}]}<\/script>\n<!-- \/ Yoast SEO plugin. -->","yoast_head_json":{"title":"A energia que cura corpo, mente e esp\u00edrito - Notibras","robots":{"index":"index","follow":"follow","max-snippet":"max-snippet:-1","max-image-preview":"max-image-preview:large","max-video-preview":"max-video-preview:-1"},"canonical":"https:\/\/www.notibras.com\/site\/a-energia-que-cura-corpo-mente-e-espirito\/","og_locale":"pt_BR","og_type":"article","og_title":"A energia que cura corpo, mente e esp\u00edrito - Notibras","og_description":"H\u00e1 for\u00e7as que n\u00e3o se veem, mas se sentem. Entre elas est\u00e1 o Reiki, palavra japonesa que une dois conceitos: rei (energia universal) e ki (energia vital). Trata-se de uma pr\u00e1tica milenar de canaliza\u00e7\u00e3o energ\u00e9tica, que busca restabelecer o equil\u00edbrio natural do corpo e da alma. O Reiki nasceu no Jap\u00e3o, no in\u00edcio do s\u00e9culo [&hellip;]","og_url":"https:\/\/www.notibras.com\/site\/a-energia-que-cura-corpo-mente-e-espirito\/","og_site_name":"Notibras","article_publisher":"https:\/\/www.facebook.com\/notibras\/","article_published_time":"2025-10-29T11:59:13+00:00","og_image":[{"width":683,"height":1024,"url":"https:\/\/www.notibras.com\/site\/wp-content\/uploads\/2025\/10\/dd3607b9-38d7-4c48-921f-902bd5e9e9c9-683x1024.png","type":"image\/png"}],"author":"Reda\u00e7\u00e3o","twitter_card":"summary_large_image","twitter_creator":"@Notibras","twitter_site":"@Notibras","twitter_misc":{"Escrito por":"Reda\u00e7\u00e3o","Est. tempo de leitura":"3 minutos"},"schema":{"@context":"https:\/\/schema.org","@graph":[{"@type":"Article","@id":"https:\/\/www.notibras.com\/site\/a-energia-que-cura-corpo-mente-e-espirito\/#article","isPartOf":{"@id":"https:\/\/www.notibras.com\/site\/a-energia-que-cura-corpo-mente-e-espirito\/"},"author":{"name":"Reda\u00e7\u00e3o","@id":"https:\/\/www.notibras.com\/site\/#\/schema\/person\/36ab0979449956132d3e5b517ea76ac8"},"headline":"A energia que cura corpo, mente e esp\u00edrito","datePublished":"2025-10-29T11:59:13+00:00","mainEntityOfPage":{"@id":"https:\/\/www.notibras.com\/site\/a-energia-que-cura-corpo-mente-e-espirito\/"},"wordCount":432,"publisher":{"@id":"https:\/\/www.notibras.com\/site\/#organization"},"image":{"@id":"https:\/\/www.notibras.com\/site\/a-energia-que-cura-corpo-mente-e-espirito\/#primaryimage"},"thumbnailUrl":"https:\/\/www.notibras.com\/site\/wp-content\/uploads\/2025\/10\/dd3607b9-38d7-4c48-921f-902bd5e9e9c9.png","articleSection":["Or\u00e1culos"],"inLanguage":"pt-BR"},{"@type":"WebPage","@id":"https:\/\/www.notibras.com\/site\/a-energia-que-cura-corpo-mente-e-espirito\/","url":"https:\/\/www.notibras.com\/site\/a-energia-que-cura-corpo-mente-e-espirito\/","name":"A energia que cura corpo, mente e esp\u00edrito - Notibras","isPartOf":{"@id":"https:\/\/www.notibras.com\/site\/#website"},"primaryImageOfPage":{"@id":"https:\/\/www.notibras.com\/site\/a-energia-que-cura-corpo-mente-e-espirito\/#primaryimage"},"image":{"@id":"https:\/\/www.notibras.com\/site\/a-energia-que-cura-corpo-mente-e-espirito\/#primaryimage"},"thumbnailUrl":"https:\/\/www.notibras.com\/site\/wp-content\/uploads\/2025\/10\/dd3607b9-38d7-4c48-921f-902bd5e9e9c9.png","datePublished":"2025-10-29T11:59:13+00:00","breadcrumb":{"@id":"https:\/\/www.notibras.com\/site\/a-energia-que-cura-corpo-mente-e-espirito\/#breadcrumb"},"inLanguage":"pt-BR","potentialAction":[{"@type":"ReadAction","target":["https:\/\/www.notibras.com\/site\/a-energia-que-cura-corpo-mente-e-espirito\/"]}]},{"@type":"ImageObject","inLanguage":"pt-BR","@id":"https:\/\/www.notibras.com\/site\/a-energia-que-cura-corpo-mente-e-espirito\/#primaryimage","url":"https:\/\/www.notibras.com\/site\/wp-content\/uploads\/2025\/10\/dd3607b9-38d7-4c48-921f-902bd5e9e9c9.png","contentUrl":"https:\/\/www.notibras.com\/site\/wp-content\/uploads\/2025\/10\/dd3607b9-38d7-4c48-921f-902bd5e9e9c9.png","width":1024,"height":1536},{"@type":"BreadcrumbList","@id":"https:\/\/www.notibras.com\/site\/a-energia-que-cura-corpo-mente-e-espirito\/#breadcrumb","itemListElement":[{"@type":"ListItem","position":1,"name":"In\u00edcio","item":"https:\/\/www.notibras.com\/site\/"},{"@type":"ListItem","position":2,"name":"A energia que cura corpo, mente e esp\u00edrito"}]},{"@type":"WebSite","@id":"https:\/\/www.notibras.com\/site\/#website","url":"https:\/\/www.notibras.com\/site\/","name":"Notibras","description":"Not\u00edcias de Bras\u00edlia, do Brasil e do Mundo","publisher":{"@id":"https:\/\/www.notibras.com\/site\/#organization"},"potentialAction":[{"@type":"SearchAction","target":{"@type":"EntryPoint","urlTemplate":"https:\/\/www.notibras.com\/site\/?s={search_term_string}"},"query-input":{"@type":"PropertyValueSpecification","valueRequired":true,"valueName":"search_term_string"}}],"inLanguage":"pt-BR"},{"@type":"Organization","@id":"https:\/\/www.notibras.com\/site\/#organization","name":"Grupo Notibras de Comunica\u00e7\u00e3o","url":"https:\/\/www.notibras.com\/site\/","logo":{"@type":"ImageObject","inLanguage":"pt-BR","@id":"https:\/\/www.notibras.com\/site\/#\/schema\/logo\/image\/","url":"https:\/\/www.notibras.com\/site\/wp-content\/uploads\/2023\/01\/notibras23.png","contentUrl":"https:\/\/www.notibras.com\/site\/wp-content\/uploads\/2023\/01\/notibras23.png","width":350,"height":87,"caption":"Grupo Notibras de Comunica\u00e7\u00e3o"},"image":{"@id":"https:\/\/www.notibras.com\/site\/#\/schema\/logo\/image\/"},"sameAs":["https:\/\/www.facebook.com\/notibras\/","https:\/\/x.com\/Notibras","https:\/\/www.instagram.com\/notibras\/"]},{"@type":"Person","@id":"https:\/\/www.notibras.com\/site\/#\/schema\/person\/36ab0979449956132d3e5b517ea76ac8","name":"Reda\u00e7\u00e3o","image":{"@type":"ImageObject","inLanguage":"pt-BR","@id":"https:\/\/secure.gravatar.com\/avatar\/e0a867bdedb85fd243eadf09663511f96fc81e0720a4a42581f334ad4303aa6b?s=96&d=mm&r=g","url":"https:\/\/secure.gravatar.com\/avatar\/e0a867bdedb85fd243eadf09663511f96fc81e0720a4a42581f334ad4303aa6b?s=96&d=mm&r=g","contentUrl":"https:\/\/secure.gravatar.com\/avatar\/e0a867bdedb85fd243eadf09663511f96fc81e0720a4a42581f334ad4303aa6b?s=96&d=mm&r=g","caption":"Reda\u00e7\u00e3o"}}]}},"amp_enabled":true,"_links":{"self":[{"href":"https:\/\/www.notibras.com\/site\/wp-json\/wp\/v2\/posts\/368781","targetHints":{"allow":["GET"]}}],"collection":[{"href":"https:\/\/www.notibras.com\/site\/wp-json\/wp\/v2\/posts"}],"about":[{"href":"https:\/\/www.notibras.com\/site\/wp-json\/wp\/v2\/types\/post"}],"author":[{"embeddable":true,"href":"https:\/\/www.notibras.com\/site\/wp-json\/wp\/v2\/users\/2"}],"replies":[{"embeddable":true,"href":"https:\/\/www.notibras.com\/site\/wp-json\/wp\/v2\/comments?post=368781"}],"version-history":[{"count":1,"href":"https:\/\/www.notibras.com\/site\/wp-json\/wp\/v2\/posts\/368781\/revisions"}],"predecessor-version":[{"id":368786,"href":"https:\/\/www.notibras.com\/site\/wp-json\/wp\/v2\/posts\/368781\/revisions\/368786"}],"wp:featuredmedia":[{"embeddable":true,"href":"https:\/\/www.notibras.com\/site\/wp-json\/wp\/v2\/media\/368785"}],"wp:attachment":[{"href":"https:\/\/www.notibras.com\/site\/wp-json\/wp\/v2\/media?parent=368781"}],"wp:term":[{"taxonomy":"category","embeddable":true,"href":"https:\/\/www.notibras.com\/site\/wp-json\/wp\/v2\/categories?post=368781"},{"taxonomy":"post_tag","embeddable":true,"href":"https:\/\/www.notibras.com\/site\/wp-json\/wp\/v2\/tags?post=368781"}],"curies":[{"name":"wp","href":"https:\/\/api.w.org\/{rel}","templated":true}]}}