{"id":368814,"date":"2025-10-29T10:40:35","date_gmt":"2025-10-29T13:40:35","guid":{"rendered":"https:\/\/www.notibras.com\/site\/?p=368814"},"modified":"2025-10-29T10:40:35","modified_gmt":"2025-10-29T13:40:35","slug":"a-espiritualidade-que-move-nordestinos","status":"publish","type":"post","link":"https:\/\/www.notibras.com\/site\/a-espiritualidade-que-move-nordestinos\/","title":{"rendered":"A espiritualidade que move nordestinos"},"content":{"rendered":"<p>No Nordeste h\u00e1 algo que nunca seca: a f\u00e9. Ela brota em cada olhar que se volta para o c\u00e9u, em cada promessa feita aos santos e santas que habitam o imagin\u00e1rio popular, em cada vela acesa nas pequenas capelas de barro e esperan\u00e7a.<\/p>\n<p>A f\u00e9 nordestina \u00e9 uma for\u00e7a que n\u00e3o se explica, apenas se sente. \u00c9 o agricultor que, mesmo com a terra esturricada, planta com confian\u00e7a e reza pela chuva. \u00c9 a m\u00e3e que veste o filho de anjo na prociss\u00e3o, pagando uma promessa por um milagre alcan\u00e7ado. \u00c9 o vaqueiro que, antes de montar o cavalo, faz o sinal da cruz e agradece por mais um dia de vida.<\/p>\n<p>Em cada canto do sert\u00e3o h\u00e1 um altar improvisado, uma imagem de Nossa Senhora protegida por flores de pl\u00e1stico e mantos bordados com devo\u00e7\u00e3o. Ali, o sagrado e o cotidiano se misturam: a ora\u00e7\u00e3o se confunde com o canto do galo, o cheiro de caf\u00e9 fresco se mistura com o incenso que sobe leve, como um pedido ao divino.<\/p>\n<p>O nordestino, em sua sabedoria simples, transformou a f\u00e9 em resist\u00eancia. Ela n\u00e3o \u00e9 fuga, \u00e9 alimento. \u00c9 o que o faz caminhar l\u00e9guas sob o sol em romaria, com os p\u00e9s calejados, mas o cora\u00e7\u00e3o leve. Porque cada passo dado \u00e9 uma conversa silenciosa com Deus \u2014 e nessa conversa, o desespero d\u00e1 lugar \u00e0 esperan\u00e7a.<\/p>\n<p>O sert\u00e3o pode at\u00e9 ser \u00e1rido, mas dentro de cada nordestino h\u00e1 um o\u00e1sis de f\u00e9. \u00c9 essa espiritualidade profunda, moldada pela dureza e pela do\u00e7ura da vida, que faz o povo seguir em frente \u2014 acreditando que, depois da seca, sempre vem o tempo da chuva, e depois da dor, o tempo da gra\u00e7a.<\/p>\n","protected":false},"excerpt":{"rendered":"<p>No Nordeste h\u00e1 algo que nunca seca: a f\u00e9. Ela brota em cada olhar que se volta para o c\u00e9u, em cada promessa feita aos santos e santas que habitam o imagin\u00e1rio popular, em cada vela acesa nas pequenas capelas de barro e esperan\u00e7a. A f\u00e9 nordestina \u00e9 uma for\u00e7a que n\u00e3o se explica, apenas [&hellip;]<\/p>\n","protected":false},"author":2,"featured_media":368815,"comment_status":"closed","ping_status":"closed","sticky":false,"template":"","format":"standard","meta":{"_acf_changed":false,"footnotes":""},"categories":[165],"tags":[],"class_list":["post-368814","post","type-post","status-publish","format-standard","has-post-thumbnail","hentry","category-nordeste"],"acf":[],"_links":{"self":[{"href":"https:\/\/www.notibras.com\/site\/wp-json\/wp\/v2\/posts\/368814","targetHints":{"allow":["GET"]}}],"collection":[{"href":"https:\/\/www.notibras.com\/site\/wp-json\/wp\/v2\/posts"}],"about":[{"href":"https:\/\/www.notibras.com\/site\/wp-json\/wp\/v2\/types\/post"}],"author":[{"embeddable":true,"href":"https:\/\/www.notibras.com\/site\/wp-json\/wp\/v2\/users\/2"}],"replies":[{"embeddable":true,"href":"https:\/\/www.notibras.com\/site\/wp-json\/wp\/v2\/comments?post=368814"}],"version-history":[{"count":1,"href":"https:\/\/www.notibras.com\/site\/wp-json\/wp\/v2\/posts\/368814\/revisions"}],"predecessor-version":[{"id":368816,"href":"https:\/\/www.notibras.com\/site\/wp-json\/wp\/v2\/posts\/368814\/revisions\/368816"}],"wp:featuredmedia":[{"embeddable":true,"href":"https:\/\/www.notibras.com\/site\/wp-json\/wp\/v2\/media\/368815"}],"wp:attachment":[{"href":"https:\/\/www.notibras.com\/site\/wp-json\/wp\/v2\/media?parent=368814"}],"wp:term":[{"taxonomy":"category","embeddable":true,"href":"https:\/\/www.notibras.com\/site\/wp-json\/wp\/v2\/categories?post=368814"},{"taxonomy":"post_tag","embeddable":true,"href":"https:\/\/www.notibras.com\/site\/wp-json\/wp\/v2\/tags?post=368814"}],"curies":[{"name":"wp","href":"https:\/\/api.w.org\/{rel}","templated":true}]}}