{"id":368817,"date":"2025-10-29T10:31:06","date_gmt":"2025-10-29T13:31:06","guid":{"rendered":"https:\/\/www.notibras.com\/site\/?p=368817"},"modified":"2025-10-29T10:46:54","modified_gmt":"2025-10-29T13:46:54","slug":"frequencia-de-chuvas-deve-aumentar-a-partir-de-novembro","status":"publish","type":"post","link":"https:\/\/www.notibras.com\/site\/frequencia-de-chuvas-deve-aumentar-a-partir-de-novembro\/","title":{"rendered":"Frequ\u00eancia de chuvas deve aumentar a partir de novembro"},"content":{"rendered":"<div>A Sala de Monitoramento e Previs\u00e3o de Eventos Clim\u00e1ticos (SAMPECE) da Semarh antecipou que o estado do Piau\u00ed dever\u00e1 observar um aumento gradativo na frequ\u00eancia de chuvas a partir de novembro. Embora o volume ainda n\u00e3o atinja patamares suficientes para encerrar o per\u00edodo prolongado de estiagem, o avan\u00e7o das instabilidades meteorol\u00f3gicas deve marcar o in\u00edcio da transi\u00e7\u00e3o para a esta\u00e7\u00e3o mais \u00famida.<\/div>\n<div><\/div>\n<div>Segundo os climatologistas do \u00f3rg\u00e3o, o Piau\u00ed permanece em uma fase de estiagem, caracterizada por baixa precipita\u00e7\u00e3o e solos bastante secos. Conforme relat\u00f3rio divulgado, em outubro o acumulado de chuva \u2014 especialmente na regi\u00e3o sul do estado \u2014 provavelmente n\u00e3o ultrapassar\u00e1 130 mil\u00edmetros nas \u00e1reas mais \u00famidas.<\/div>\n<div><\/div>\n<div>Para novembro, a previs\u00e3o aponta para volumes at\u00e9 160 mil\u00edmetros, sobretudo em regi\u00f5es sul e centro-norte \u2014 uma melhora em rela\u00e7\u00e3o ao m\u00eas anterior, ainda que insuficiente para considerar o fim da seca.\u00a0 \ufffc J\u00e1 para dezembro e janeiro, as expectativas s\u00e3o de valores ainda maiores, com tend\u00eancia a chuvas mais distribu\u00eddas.<\/div>\n<div><\/div>\n<div>A mudan\u00e7a decorre do avan\u00e7o gradual de sistemas de instabilidade atmosf\u00e9rica que normalmente marcam o fim do per\u00edodo seco. A Semarh destacou que o processo ser\u00e1 gradual, com \u201cpancadas isoladas\u201d primeiro, ganhando for\u00e7a e abrang\u00eancia conforme o trimestre avan\u00e7a.<\/div>\n<div><\/div>\n<div>Com o solo j\u00e1 mais aquecido e com menores umidades relativas, as primeiras chuvas podem gerar impactos positivos \u2014 como resfriamento, umidade no ar e est\u00edmulo \u00e0 vegeta\u00e7\u00e3o \u2014 mas tamb\u00e9m demandam aten\u00e7\u00e3o para ac\u00famulos pontuais e eventuais transtornos.<\/div>\n<div><\/div>\n<div><strong>Benef\u00edcios:<\/strong><\/div>\n<div>\u2022Al\u00edvio da intensidade t\u00e9rmica, especialmente em \u00e1reas urbanas vulner\u00e1veis.<\/div>\n<div>\u2022Recupera\u00e7\u00e3o gradual da umidade do solo, o que facilita a retomada de atividades agr\u00edcolas e a regenera\u00e7\u00e3o de vegeta\u00e7\u00e3o.<\/div>\n<div>\u2022Diminui\u00e7\u00e3o do risco de inc\u00eandios florestais e queimadas, t\u00edpicos de per\u00edodos prolongados de seca.<\/div>\n<div><\/div>\n<div><strong>Riscos e desafios:<\/strong><\/div>\n<div>\u2022As chuvas iniciais ainda podem n\u00e3o atingir todos os munic\u00edpios de maneira uniforme; regi\u00f5es mais severamente afetadas pela seca poder\u00e3o demorar mais para sentir a recupera\u00e7\u00e3o real.<\/div>\n<div><\/div>\n<div>\u2022Em \u00e1reas de solo muito seco ou com coberturas vegetais escassas, as primeiras precipita\u00e7\u00f5es podem causar enxurradas ou eros\u00e3o local \u2014 exigindo aten\u00e7\u00e3o da Defesa Civil e das prefeituras.<\/div>\n<div><\/div>\n<div>\u2022A infraestrutura urbana (drenagem, canais, bueiros) ainda pode estar vulner\u00e1vel, portanto, acumulados elevados pontualmente requerem alertas.<\/div>\n<div><\/div>\n<div>O climatologista da Semarh, Pedro Aderaldo, explicou que \u201cat\u00e9 novembro veremos chuvas com modera\u00e7\u00e3o; as condi\u00e7\u00f5es para um quadro plenamente chuvoso come\u00e7am a se consolidar apenas em dezembro e janeiro\u201d.<\/div>\n<div><\/div>\n<div>Ele chama aten\u00e7\u00e3o para o fato de que \u201ccada mil\u00edmetro ser\u00e1 precioso\u201d no contexto atual \u2014 ou seja, que ainda que os volumes sejam modestos, eles ajudam a iniciar a revers\u00e3o de uma sequ\u00eancia de meses secos.<\/div>\n<div><\/div>\n<div><strong>O que fazer agora?<\/strong><\/div>\n<div>\u2022Moradores de \u00e1reas vulner\u00e1veis devem estar atentos: limpeza de valetas, revis\u00e3o de telhados, retirada de entulhos que impedem o escoamento.<\/div>\n<div>\u2022Produtores rurais podem come\u00e7ar a planejar a retomada gradual das atividades agr\u00edcolas de final de ano, considerando que as chuvas mais consistentes chegam depois.<\/div>\n<div>\u2022Prefeituras e \u00f3rg\u00e3os de infraestrutura devem revisar os sistemas de drenagem, atualizar os alertas de enchentes e fortalecer o monitoramento local.<\/div>\n<div>\u2022Popula\u00e7\u00e3o em geral deve dar aten\u00e7\u00e3o \u00e0s previs\u00f5es locais, pois as chuvas podem ocorrer de forma irregular \u2014 h\u00e1 bairros ou munic\u00edpios que poder\u00e3o receber mais cedo ou mais intensamente que outros.<\/div>\n<div><\/div>\n<div>O an\u00fancio da Semarh indica que o Piau\u00ed inicia um novo ciclo clim\u00e1tico: a chama de esperan\u00e7a de chuvas mais regulares acende a partir de novembro, ainda que a plena esta\u00e7\u00e3o \u00famida s\u00f3 se firme nos meses seguintes. Para muitos piauienses, isto representa oportunidade de retomada \u2014 seja para a agricultura, seja para a restaura\u00e7\u00e3o ambiental, seja para o al\u00edvio da seca urbana.<\/div>\n<div><\/div>\n<div>No entanto, trata-se de um processo gradual: a recupera\u00e7\u00e3o n\u00e3o \u00e9 autom\u00e1tica, e exige planejamento, preparo e adapta\u00e7\u00e3o de todos os segmentos da sociedade. O importante agora ser\u00e1 acompanhar de perto os boletins meteorol\u00f3gicos, respeitar os alertas de defesa civil e trabalhar para que esse aumento de chuvas seja aproveitado com seguran\u00e7a.<\/div>\n","protected":false},"excerpt":{"rendered":"<p>A Sala de Monitoramento e Previs\u00e3o de Eventos Clim\u00e1ticos (SAMPECE) da Semarh antecipou que o estado do Piau\u00ed dever\u00e1 observar um aumento gradativo na frequ\u00eancia de chuvas a partir de novembro. Embora o volume ainda n\u00e3o atinja patamares suficientes para encerrar o per\u00edodo prolongado de estiagem, o avan\u00e7o das instabilidades meteorol\u00f3gicas deve marcar o in\u00edcio [&hellip;]<\/p>\n","protected":false},"author":2,"featured_media":368818,"comment_status":"closed","ping_status":"closed","sticky":false,"template":"","format":"standard","meta":{"_acf_changed":false,"footnotes":""},"categories":[165],"tags":[],"class_list":["post-368817","post","type-post","status-publish","format-standard","has-post-thumbnail","hentry","category-nordeste"],"acf":[],"_links":{"self":[{"href":"https:\/\/www.notibras.com\/site\/wp-json\/wp\/v2\/posts\/368817","targetHints":{"allow":["GET"]}}],"collection":[{"href":"https:\/\/www.notibras.com\/site\/wp-json\/wp\/v2\/posts"}],"about":[{"href":"https:\/\/www.notibras.com\/site\/wp-json\/wp\/v2\/types\/post"}],"author":[{"embeddable":true,"href":"https:\/\/www.notibras.com\/site\/wp-json\/wp\/v2\/users\/2"}],"replies":[{"embeddable":true,"href":"https:\/\/www.notibras.com\/site\/wp-json\/wp\/v2\/comments?post=368817"}],"version-history":[{"count":1,"href":"https:\/\/www.notibras.com\/site\/wp-json\/wp\/v2\/posts\/368817\/revisions"}],"predecessor-version":[{"id":368819,"href":"https:\/\/www.notibras.com\/site\/wp-json\/wp\/v2\/posts\/368817\/revisions\/368819"}],"wp:featuredmedia":[{"embeddable":true,"href":"https:\/\/www.notibras.com\/site\/wp-json\/wp\/v2\/media\/368818"}],"wp:attachment":[{"href":"https:\/\/www.notibras.com\/site\/wp-json\/wp\/v2\/media?parent=368817"}],"wp:term":[{"taxonomy":"category","embeddable":true,"href":"https:\/\/www.notibras.com\/site\/wp-json\/wp\/v2\/categories?post=368817"},{"taxonomy":"post_tag","embeddable":true,"href":"https:\/\/www.notibras.com\/site\/wp-json\/wp\/v2\/tags?post=368817"}],"curies":[{"name":"wp","href":"https:\/\/api.w.org\/{rel}","templated":true}]}}