{"id":368867,"date":"2025-10-30T05:18:31","date_gmt":"2025-10-30T08:18:31","guid":{"rendered":"https:\/\/www.notibras.com\/site\/?p=368867"},"modified":"2025-10-30T05:18:31","modified_gmt":"2025-10-30T08:18:31","slug":"o-enigmatico-mago-do-esoterismo-russo","status":"publish","type":"post","link":"https:\/\/www.notibras.com\/site\/o-enigmatico-mago-do-esoterismo-russo\/","title":{"rendered":"O enigm\u00e1tico mago do esoterismo russo"},"content":{"rendered":"<p>George Ivanovitch Gurdjieff (1866-1949) foi um dos grandes mestres espirituais e esoteristas do s\u00e9culo XX, cuja vida e obra permanecem envoltas em mist\u00e9rio e fasc\u00ednio. Nascido em Alexandropol, na Arm\u00eania \u2014 ent\u00e3o parte do Imp\u00e9rio Russo \u2014, Gurdjieff dedicou sua exist\u00eancia \u00e0 busca do conhecimento universal e \u00e0 revela\u00e7\u00e3o das leis ocultas que regem o ser humano e o cosmos. Filho de um poeta e contador de hist\u00f3rias da tradi\u00e7\u00e3o oral caucasiana, herdou desde cedo o gosto pelas narrativas sagradas e pelos mitos de origem, o que moldou sua voca\u00e7\u00e3o para o caminho da sabedoria inici\u00e1tica.<\/p>\n<p>Fil\u00f3sofo, mestre espiritual, vision\u00e1rio precursor da Nova Era, durante d\u00e9cadas Gurdjieff empreendeu viagens por regi\u00f5es remotas do Oriente, incluindo o Egito, a Turquia, a P\u00e9rsia, o Tibete, o Afeganist\u00e3o e a \u00cdndia, em busca de escolas esot\u00e9ricas antigas. Ele afirmava ter encontrado, em um mosteiro perdido na \u00c1sia Central, a Irmandade Sarmung, deposit\u00e1ria de um conhecimento primordial que unia o misticismo oriental \u00e0 ci\u00eancia ocidental. Dessa experi\u00eancia, emergiu o que viria a ser chamado \u201cO Quarto Caminho\u201d \u2014 um sistema de autodesenvolvimento que conciliava corpo, mente e emo\u00e7\u00e3o, propondo ao disc\u00edpulo o despertar da consci\u00eancia atrav\u00e9s da aten\u00e7\u00e3o e do esfor\u00e7o deliberado.<\/p>\n<p>A escola de Gurdjieff conduz os adeptos at\u00e9 alcan\u00e7ar o seu m\u00e1ximo potencial, f\u00edsico, mental e espiritual, culminando com a liberta\u00e7\u00e3o. Os procedimento herm\u00e9ticos incluem o estudo intelectual, a auto-observa\u00e7\u00e3o, medita\u00e7\u00e3o, dan\u00e7as sagradas e trabalhos cooperativos.<\/p>\n<p>Gurdjieff era considerado, por muitos de seus contempor\u00e2neos, um verdadeiro mago. Sua presen\u00e7a magn\u00e9tica, suas pr\u00e1ticas rituais, dan\u00e7as sagradas e ensinamentos simb\u00f3licos revelavam uma compreens\u00e3o profunda das energias sutis e dos mecanismos espirituais que operam no homem. Suas coreografias e exerc\u00edcios, chamados de \u201cMovimentos\u201d, eram inspirados em tradi\u00e7\u00f5es sufi e dervixes, configurando um m\u00e9todo ritual\u00edstico de purifica\u00e7\u00e3o interior e de reconex\u00e3o com o divino.<\/p>\n<p>Durante sua estadia em diversas cortes e centros intelectuais \u2014 particularmente na R\u00fassia czarista e, mais tarde, na Fran\u00e7a \u2014 Gurdjieff reuniu disc\u00edpulos de destaque, entre eles o matem\u00e1tico e esoterista P. D. Ouspensky, respons\u00e1vel por difundir amplamente suas ideias no Ocidente. Estabeleceu, na Fran\u00e7a, o Instituto para o Desenvolvimento Harmonioso do Homem, em Fontainebleau, que funcionava como um laborat\u00f3rio espiritual e centro de estudos herm\u00e9ticos, reunindo artistas, m\u00fasicos, escritores e buscadores.<\/p>\n<p>A influ\u00eancia de Gurdjieff na espiritualidade moderna \u00e9 imensur\u00e1vel. Seu ensinamento combina elementos da filosofia gn\u00f3stica, do hermetismo e do cristianismo esot\u00e9rico, propondo que o homem comum vive em \u201csono hipn\u00f3tico\u201d e precisa de um trabalho consciente para \u201clembrar-se de si\u201d \u2014 ideia que ressoa profundamente com as doutrinas inici\u00e1ticas ancestrais. Gurdjieff via o ser humano como um microcosmo que reflete o macrocosmo universal, em perfeita conson\u00e2ncia com a m\u00e1xima herm\u00e9tica: \u201cO que est\u00e1 em cima \u00e9 como o que est\u00e1 embaixo.\u201d<\/p>\n<p>Assim, sob a luz da Tradi\u00e7\u00e3o, Gurdjieff se revela n\u00e3o apenas como um mestre, mas como um mago que reintroduziu no Ocidente o sentido da pr\u00e1tica espiritual como arte de transforma\u00e7\u00e3o interior. Seu legado permanece vivo nas escolas que seguem seu m\u00e9todo, perpetuando a busca pelo autoconhecimento, pela harmonia e pela integra\u00e7\u00e3o do homem com as leis c\u00f3smicas.<\/p>\n<p>Os ensinamentos inici\u00e1ticos de Gurdjieff s\u00e3o seguidos, na teoria e na pr\u00e1tica, pelos adeptos do Col\u00e9gio dos Magos e Sacerdotisas, compondo um vasto cen\u00e1rio herm\u00e9tico, juntamente com a magia, a teosofia, a alquimia, a astrologia, a numerologia, o tarot, a quiromancia, e outros conte\u00fados ancestrais.<\/p>\n<p>&#8230;&#8230;&#8230;&#8230;&#8230;<\/p>\n<p><strong>Giovanni Seabra<\/strong><br \/>\n<strong>@giovanniseabra.esoterico<\/strong><br \/>\n<strong>Gr\u00e3o-Mestre do Col\u00e9gio dos Magos e Sacerdotisas<\/strong><br \/>\n<strong>@colegiodosmagosesacerdotisas<\/strong><\/p>\n<p>&#8230;&#8230;&#8230;&#8230;..<\/p>\n<p><strong>O Col\u00e9gio dos Magos e Sacerdotisas est\u00e1 aberto aos novos membros, ne\u00f3fitos e iniciados, para o aprendizado e aprimoramento das Ci\u00eancias Ocultas. Os interessados podem entrar em contato direto atrav\u00e9s da Bio, Direct e o Whatsapp: 81 997302139.<\/strong><\/p>\n","protected":false},"excerpt":{"rendered":"<p>George Ivanovitch Gurdjieff (1866-1949) foi um dos grandes mestres espirituais e esoteristas do s\u00e9culo XX, cuja vida e obra permanecem envoltas em mist\u00e9rio e fasc\u00ednio. Nascido em Alexandropol, na Arm\u00eania \u2014 ent\u00e3o parte do Imp\u00e9rio Russo \u2014, Gurdjieff dedicou sua exist\u00eancia \u00e0 busca do conhecimento universal e \u00e0 revela\u00e7\u00e3o das leis ocultas que regem o [&hellip;]<\/p>\n","protected":false},"author":2,"featured_media":368868,"comment_status":"closed","ping_status":"closed","sticky":false,"template":"","format":"standard","meta":{"_acf_changed":false,"footnotes":""},"categories":[237],"tags":[],"class_list":["post-368867","post","type-post","status-publish","format-standard","has-post-thumbnail","hentry","category-oraculos"],"acf":[],"yoast_head":"<!-- This site is optimized with the Yoast SEO plugin v27.2 - https:\/\/yoast.com\/product\/yoast-seo-wordpress\/ -->\n<title>O enigm\u00e1tico mago do esoterismo russo - Notibras<\/title>\n<meta name=\"robots\" content=\"index, follow, max-snippet:-1, max-image-preview:large, max-video-preview:-1\" \/>\n<link rel=\"canonical\" href=\"https:\/\/www.notibras.com\/site\/o-enigmatico-mago-do-esoterismo-russo\/\" \/>\n<meta property=\"og:locale\" content=\"pt_BR\" \/>\n<meta property=\"og:type\" content=\"article\" \/>\n<meta property=\"og:title\" content=\"O enigm\u00e1tico mago do esoterismo russo - Notibras\" \/>\n<meta property=\"og:description\" content=\"George Ivanovitch Gurdjieff (1866-1949) foi um dos grandes mestres espirituais e esoteristas do s\u00e9culo XX, cuja vida e obra permanecem envoltas em mist\u00e9rio e fasc\u00ednio. Nascido em Alexandropol, na Arm\u00eania \u2014 ent\u00e3o parte do Imp\u00e9rio Russo \u2014, Gurdjieff dedicou sua exist\u00eancia \u00e0 busca do conhecimento universal e \u00e0 revela\u00e7\u00e3o das leis ocultas que regem o [&hellip;]\" \/>\n<meta property=\"og:url\" content=\"https:\/\/www.notibras.com\/site\/o-enigmatico-mago-do-esoterismo-russo\/\" \/>\n<meta property=\"og:site_name\" content=\"Notibras\" \/>\n<meta property=\"article:publisher\" content=\"https:\/\/www.facebook.com\/notibras\/\" \/>\n<meta property=\"article:published_time\" content=\"2025-10-30T08:18:31+00:00\" \/>\n<meta property=\"og:image\" content=\"https:\/\/www.notibras.com\/site\/wp-content\/uploads\/2025\/10\/6c16084b-9f09-4421-94de-548c5bf7ca31.jpg\" \/>\n\t<meta property=\"og:image:width\" content=\"1024\" \/>\n\t<meta property=\"og:image:height\" content=\"1536\" \/>\n\t<meta property=\"og:image:type\" content=\"image\/jpeg\" \/>\n<meta name=\"author\" content=\"Reda\u00e7\u00e3o\" \/>\n<meta name=\"twitter:card\" content=\"summary_large_image\" \/>\n<meta name=\"twitter:creator\" content=\"@Notibras\" \/>\n<meta name=\"twitter:site\" content=\"@Notibras\" \/>\n<meta name=\"twitter:label1\" content=\"Escrito por\" \/>\n\t<meta name=\"twitter:data1\" content=\"Reda\u00e7\u00e3o\" \/>\n\t<meta name=\"twitter:label2\" content=\"Est. tempo de leitura\" \/>\n\t<meta name=\"twitter:data2\" content=\"4 minutos\" \/>\n<script type=\"application\/ld+json\" class=\"yoast-schema-graph\">{\"@context\":\"https:\/\/schema.org\",\"@graph\":[{\"@type\":\"Article\",\"@id\":\"https:\/\/www.notibras.com\/site\/o-enigmatico-mago-do-esoterismo-russo\/#article\",\"isPartOf\":{\"@id\":\"https:\/\/www.notibras.com\/site\/o-enigmatico-mago-do-esoterismo-russo\/\"},\"author\":{\"name\":\"Reda\u00e7\u00e3o\",\"@id\":\"https:\/\/www.notibras.com\/site\/#\/schema\/person\/36ab0979449956132d3e5b517ea76ac8\"},\"headline\":\"O enigm\u00e1tico mago do esoterismo russo\",\"datePublished\":\"2025-10-30T08:18:31+00:00\",\"mainEntityOfPage\":{\"@id\":\"https:\/\/www.notibras.com\/site\/o-enigmatico-mago-do-esoterismo-russo\/\"},\"wordCount\":686,\"publisher\":{\"@id\":\"https:\/\/www.notibras.com\/site\/#organization\"},\"image\":{\"@id\":\"https:\/\/www.notibras.com\/site\/o-enigmatico-mago-do-esoterismo-russo\/#primaryimage\"},\"thumbnailUrl\":\"https:\/\/www.notibras.com\/site\/wp-content\/uploads\/2025\/10\/6c16084b-9f09-4421-94de-548c5bf7ca31.jpg\",\"articleSection\":[\"Or\u00e1culos\"],\"inLanguage\":\"pt-BR\"},{\"@type\":\"WebPage\",\"@id\":\"https:\/\/www.notibras.com\/site\/o-enigmatico-mago-do-esoterismo-russo\/\",\"url\":\"https:\/\/www.notibras.com\/site\/o-enigmatico-mago-do-esoterismo-russo\/\",\"name\":\"O enigm\u00e1tico mago do esoterismo russo - Notibras\",\"isPartOf\":{\"@id\":\"https:\/\/www.notibras.com\/site\/#website\"},\"primaryImageOfPage\":{\"@id\":\"https:\/\/www.notibras.com\/site\/o-enigmatico-mago-do-esoterismo-russo\/#primaryimage\"},\"image\":{\"@id\":\"https:\/\/www.notibras.com\/site\/o-enigmatico-mago-do-esoterismo-russo\/#primaryimage\"},\"thumbnailUrl\":\"https:\/\/www.notibras.com\/site\/wp-content\/uploads\/2025\/10\/6c16084b-9f09-4421-94de-548c5bf7ca31.jpg\",\"datePublished\":\"2025-10-30T08:18:31+00:00\",\"breadcrumb\":{\"@id\":\"https:\/\/www.notibras.com\/site\/o-enigmatico-mago-do-esoterismo-russo\/#breadcrumb\"},\"inLanguage\":\"pt-BR\",\"potentialAction\":[{\"@type\":\"ReadAction\",\"target\":[\"https:\/\/www.notibras.com\/site\/o-enigmatico-mago-do-esoterismo-russo\/\"]}]},{\"@type\":\"ImageObject\",\"inLanguage\":\"pt-BR\",\"@id\":\"https:\/\/www.notibras.com\/site\/o-enigmatico-mago-do-esoterismo-russo\/#primaryimage\",\"url\":\"https:\/\/www.notibras.com\/site\/wp-content\/uploads\/2025\/10\/6c16084b-9f09-4421-94de-548c5bf7ca31.jpg\",\"contentUrl\":\"https:\/\/www.notibras.com\/site\/wp-content\/uploads\/2025\/10\/6c16084b-9f09-4421-94de-548c5bf7ca31.jpg\",\"width\":1024,\"height\":1536},{\"@type\":\"BreadcrumbList\",\"@id\":\"https:\/\/www.notibras.com\/site\/o-enigmatico-mago-do-esoterismo-russo\/#breadcrumb\",\"itemListElement\":[{\"@type\":\"ListItem\",\"position\":1,\"name\":\"In\u00edcio\",\"item\":\"https:\/\/www.notibras.com\/site\/\"},{\"@type\":\"ListItem\",\"position\":2,\"name\":\"O enigm\u00e1tico mago do esoterismo russo\"}]},{\"@type\":\"WebSite\",\"@id\":\"https:\/\/www.notibras.com\/site\/#website\",\"url\":\"https:\/\/www.notibras.com\/site\/\",\"name\":\"Notibras\",\"description\":\"Not\u00edcias de Bras\u00edlia, do Brasil e do Mundo\",\"publisher\":{\"@id\":\"https:\/\/www.notibras.com\/site\/#organization\"},\"potentialAction\":[{\"@type\":\"SearchAction\",\"target\":{\"@type\":\"EntryPoint\",\"urlTemplate\":\"https:\/\/www.notibras.com\/site\/?s={search_term_string}\"},\"query-input\":{\"@type\":\"PropertyValueSpecification\",\"valueRequired\":true,\"valueName\":\"search_term_string\"}}],\"inLanguage\":\"pt-BR\"},{\"@type\":\"Organization\",\"@id\":\"https:\/\/www.notibras.com\/site\/#organization\",\"name\":\"Grupo Notibras de Comunica\u00e7\u00e3o\",\"url\":\"https:\/\/www.notibras.com\/site\/\",\"logo\":{\"@type\":\"ImageObject\",\"inLanguage\":\"pt-BR\",\"@id\":\"https:\/\/www.notibras.com\/site\/#\/schema\/logo\/image\/\",\"url\":\"https:\/\/www.notibras.com\/site\/wp-content\/uploads\/2023\/01\/notibras23.png\",\"contentUrl\":\"https:\/\/www.notibras.com\/site\/wp-content\/uploads\/2023\/01\/notibras23.png\",\"width\":350,\"height\":87,\"caption\":\"Grupo Notibras de Comunica\u00e7\u00e3o\"},\"image\":{\"@id\":\"https:\/\/www.notibras.com\/site\/#\/schema\/logo\/image\/\"},\"sameAs\":[\"https:\/\/www.facebook.com\/notibras\/\",\"https:\/\/x.com\/Notibras\",\"https:\/\/www.instagram.com\/notibras\/\"]},{\"@type\":\"Person\",\"@id\":\"https:\/\/www.notibras.com\/site\/#\/schema\/person\/36ab0979449956132d3e5b517ea76ac8\",\"name\":\"Reda\u00e7\u00e3o\",\"image\":{\"@type\":\"ImageObject\",\"inLanguage\":\"pt-BR\",\"@id\":\"https:\/\/secure.gravatar.com\/avatar\/e0a867bdedb85fd243eadf09663511f96fc81e0720a4a42581f334ad4303aa6b?s=96&d=mm&r=g\",\"url\":\"https:\/\/secure.gravatar.com\/avatar\/e0a867bdedb85fd243eadf09663511f96fc81e0720a4a42581f334ad4303aa6b?s=96&d=mm&r=g\",\"contentUrl\":\"https:\/\/secure.gravatar.com\/avatar\/e0a867bdedb85fd243eadf09663511f96fc81e0720a4a42581f334ad4303aa6b?s=96&d=mm&r=g\",\"caption\":\"Reda\u00e7\u00e3o\"}}]}<\/script>\n<!-- \/ Yoast SEO plugin. -->","yoast_head_json":{"title":"O enigm\u00e1tico mago do esoterismo russo - Notibras","robots":{"index":"index","follow":"follow","max-snippet":"max-snippet:-1","max-image-preview":"max-image-preview:large","max-video-preview":"max-video-preview:-1"},"canonical":"https:\/\/www.notibras.com\/site\/o-enigmatico-mago-do-esoterismo-russo\/","og_locale":"pt_BR","og_type":"article","og_title":"O enigm\u00e1tico mago do esoterismo russo - Notibras","og_description":"George Ivanovitch Gurdjieff (1866-1949) foi um dos grandes mestres espirituais e esoteristas do s\u00e9culo XX, cuja vida e obra permanecem envoltas em mist\u00e9rio e fasc\u00ednio. Nascido em Alexandropol, na Arm\u00eania \u2014 ent\u00e3o parte do Imp\u00e9rio Russo \u2014, Gurdjieff dedicou sua exist\u00eancia \u00e0 busca do conhecimento universal e \u00e0 revela\u00e7\u00e3o das leis ocultas que regem o [&hellip;]","og_url":"https:\/\/www.notibras.com\/site\/o-enigmatico-mago-do-esoterismo-russo\/","og_site_name":"Notibras","article_publisher":"https:\/\/www.facebook.com\/notibras\/","article_published_time":"2025-10-30T08:18:31+00:00","og_image":[{"width":1024,"height":1536,"url":"https:\/\/www.notibras.com\/site\/wp-content\/uploads\/2025\/10\/6c16084b-9f09-4421-94de-548c5bf7ca31.jpg","type":"image\/jpeg"}],"author":"Reda\u00e7\u00e3o","twitter_card":"summary_large_image","twitter_creator":"@Notibras","twitter_site":"@Notibras","twitter_misc":{"Escrito por":"Reda\u00e7\u00e3o","Est. tempo de leitura":"4 minutos"},"schema":{"@context":"https:\/\/schema.org","@graph":[{"@type":"Article","@id":"https:\/\/www.notibras.com\/site\/o-enigmatico-mago-do-esoterismo-russo\/#article","isPartOf":{"@id":"https:\/\/www.notibras.com\/site\/o-enigmatico-mago-do-esoterismo-russo\/"},"author":{"name":"Reda\u00e7\u00e3o","@id":"https:\/\/www.notibras.com\/site\/#\/schema\/person\/36ab0979449956132d3e5b517ea76ac8"},"headline":"O enigm\u00e1tico mago do esoterismo russo","datePublished":"2025-10-30T08:18:31+00:00","mainEntityOfPage":{"@id":"https:\/\/www.notibras.com\/site\/o-enigmatico-mago-do-esoterismo-russo\/"},"wordCount":686,"publisher":{"@id":"https:\/\/www.notibras.com\/site\/#organization"},"image":{"@id":"https:\/\/www.notibras.com\/site\/o-enigmatico-mago-do-esoterismo-russo\/#primaryimage"},"thumbnailUrl":"https:\/\/www.notibras.com\/site\/wp-content\/uploads\/2025\/10\/6c16084b-9f09-4421-94de-548c5bf7ca31.jpg","articleSection":["Or\u00e1culos"],"inLanguage":"pt-BR"},{"@type":"WebPage","@id":"https:\/\/www.notibras.com\/site\/o-enigmatico-mago-do-esoterismo-russo\/","url":"https:\/\/www.notibras.com\/site\/o-enigmatico-mago-do-esoterismo-russo\/","name":"O enigm\u00e1tico mago do esoterismo russo - Notibras","isPartOf":{"@id":"https:\/\/www.notibras.com\/site\/#website"},"primaryImageOfPage":{"@id":"https:\/\/www.notibras.com\/site\/o-enigmatico-mago-do-esoterismo-russo\/#primaryimage"},"image":{"@id":"https:\/\/www.notibras.com\/site\/o-enigmatico-mago-do-esoterismo-russo\/#primaryimage"},"thumbnailUrl":"https:\/\/www.notibras.com\/site\/wp-content\/uploads\/2025\/10\/6c16084b-9f09-4421-94de-548c5bf7ca31.jpg","datePublished":"2025-10-30T08:18:31+00:00","breadcrumb":{"@id":"https:\/\/www.notibras.com\/site\/o-enigmatico-mago-do-esoterismo-russo\/#breadcrumb"},"inLanguage":"pt-BR","potentialAction":[{"@type":"ReadAction","target":["https:\/\/www.notibras.com\/site\/o-enigmatico-mago-do-esoterismo-russo\/"]}]},{"@type":"ImageObject","inLanguage":"pt-BR","@id":"https:\/\/www.notibras.com\/site\/o-enigmatico-mago-do-esoterismo-russo\/#primaryimage","url":"https:\/\/www.notibras.com\/site\/wp-content\/uploads\/2025\/10\/6c16084b-9f09-4421-94de-548c5bf7ca31.jpg","contentUrl":"https:\/\/www.notibras.com\/site\/wp-content\/uploads\/2025\/10\/6c16084b-9f09-4421-94de-548c5bf7ca31.jpg","width":1024,"height":1536},{"@type":"BreadcrumbList","@id":"https:\/\/www.notibras.com\/site\/o-enigmatico-mago-do-esoterismo-russo\/#breadcrumb","itemListElement":[{"@type":"ListItem","position":1,"name":"In\u00edcio","item":"https:\/\/www.notibras.com\/site\/"},{"@type":"ListItem","position":2,"name":"O enigm\u00e1tico mago do esoterismo russo"}]},{"@type":"WebSite","@id":"https:\/\/www.notibras.com\/site\/#website","url":"https:\/\/www.notibras.com\/site\/","name":"Notibras","description":"Not\u00edcias de Bras\u00edlia, do Brasil e do Mundo","publisher":{"@id":"https:\/\/www.notibras.com\/site\/#organization"},"potentialAction":[{"@type":"SearchAction","target":{"@type":"EntryPoint","urlTemplate":"https:\/\/www.notibras.com\/site\/?s={search_term_string}"},"query-input":{"@type":"PropertyValueSpecification","valueRequired":true,"valueName":"search_term_string"}}],"inLanguage":"pt-BR"},{"@type":"Organization","@id":"https:\/\/www.notibras.com\/site\/#organization","name":"Grupo Notibras de Comunica\u00e7\u00e3o","url":"https:\/\/www.notibras.com\/site\/","logo":{"@type":"ImageObject","inLanguage":"pt-BR","@id":"https:\/\/www.notibras.com\/site\/#\/schema\/logo\/image\/","url":"https:\/\/www.notibras.com\/site\/wp-content\/uploads\/2023\/01\/notibras23.png","contentUrl":"https:\/\/www.notibras.com\/site\/wp-content\/uploads\/2023\/01\/notibras23.png","width":350,"height":87,"caption":"Grupo Notibras de Comunica\u00e7\u00e3o"},"image":{"@id":"https:\/\/www.notibras.com\/site\/#\/schema\/logo\/image\/"},"sameAs":["https:\/\/www.facebook.com\/notibras\/","https:\/\/x.com\/Notibras","https:\/\/www.instagram.com\/notibras\/"]},{"@type":"Person","@id":"https:\/\/www.notibras.com\/site\/#\/schema\/person\/36ab0979449956132d3e5b517ea76ac8","name":"Reda\u00e7\u00e3o","image":{"@type":"ImageObject","inLanguage":"pt-BR","@id":"https:\/\/secure.gravatar.com\/avatar\/e0a867bdedb85fd243eadf09663511f96fc81e0720a4a42581f334ad4303aa6b?s=96&d=mm&r=g","url":"https:\/\/secure.gravatar.com\/avatar\/e0a867bdedb85fd243eadf09663511f96fc81e0720a4a42581f334ad4303aa6b?s=96&d=mm&r=g","contentUrl":"https:\/\/secure.gravatar.com\/avatar\/e0a867bdedb85fd243eadf09663511f96fc81e0720a4a42581f334ad4303aa6b?s=96&d=mm&r=g","caption":"Reda\u00e7\u00e3o"}}]}},"amp_enabled":true,"_links":{"self":[{"href":"https:\/\/www.notibras.com\/site\/wp-json\/wp\/v2\/posts\/368867","targetHints":{"allow":["GET"]}}],"collection":[{"href":"https:\/\/www.notibras.com\/site\/wp-json\/wp\/v2\/posts"}],"about":[{"href":"https:\/\/www.notibras.com\/site\/wp-json\/wp\/v2\/types\/post"}],"author":[{"embeddable":true,"href":"https:\/\/www.notibras.com\/site\/wp-json\/wp\/v2\/users\/2"}],"replies":[{"embeddable":true,"href":"https:\/\/www.notibras.com\/site\/wp-json\/wp\/v2\/comments?post=368867"}],"version-history":[{"count":1,"href":"https:\/\/www.notibras.com\/site\/wp-json\/wp\/v2\/posts\/368867\/revisions"}],"predecessor-version":[{"id":368869,"href":"https:\/\/www.notibras.com\/site\/wp-json\/wp\/v2\/posts\/368867\/revisions\/368869"}],"wp:featuredmedia":[{"embeddable":true,"href":"https:\/\/www.notibras.com\/site\/wp-json\/wp\/v2\/media\/368868"}],"wp:attachment":[{"href":"https:\/\/www.notibras.com\/site\/wp-json\/wp\/v2\/media?parent=368867"}],"wp:term":[{"taxonomy":"category","embeddable":true,"href":"https:\/\/www.notibras.com\/site\/wp-json\/wp\/v2\/categories?post=368867"},{"taxonomy":"post_tag","embeddable":true,"href":"https:\/\/www.notibras.com\/site\/wp-json\/wp\/v2\/tags?post=368867"}],"curies":[{"name":"wp","href":"https:\/\/api.w.org\/{rel}","templated":true}]}}